{"id":661853,"date":"2026-01-14T01:13:12","date_gmt":"2026-01-14T01:13:12","guid":{"rendered":"https:\/\/www.europesays.com\/fr\/661853\/"},"modified":"2026-01-14T01:13:12","modified_gmt":"2026-01-14T01:13:12","slug":"previsions-du-mercredi-14-janvier-2026-2","status":"publish","type":"post","link":"https:\/\/www.europesays.com\/fr\/661853\/","title":{"rendered":"pr\u00e9visions du mercredi 14 janvier 2026"},"content":{"rendered":"<p>Rennes, o\u00f9 des nuages perdureront aujourd&rsquo;hui, continuera de guetter le soleil. Les temp\u00e9ratures seront de 8\u00b0C au plus bas et de 13\u00b0C au plus haut. Une l\u00e9g\u00e8re brise de sud sera ressentie par les habitants. La matin\u00e9e se d\u00e9roulera dans le brouillard. Les valeurs s&rsquo;\u00e9chelonneront entre 8\u00b0C et 12\u00b0C. Des pluies \u00e9parses sont attendues dans l&rsquo;apr\u00e8s-midi. Les temp\u00e9ratures afficheront entre 9 et 13\u00b0C. Pour le soir, des pluies \u00e9parses vont tomber sur la ville. Les valeurs seront comprises entre 8 et 9\u00b0C. Un ciel pluvieux est pr\u00e9vu dans la nuit entre mercredi et jeudi.<\/p>\n<p>Demain, des nuages feront leur apparition sur Rennes. Une baisse des temp\u00e9ratures est attendue. Le thermom\u00e8tre affichera 9\u00b0C en moyenne. Un vent de sud-ouest soufflera \u00e0 27 km\/h. Mauvais temps : on pr\u00e9voit de la bruine pour le matin. Les temp\u00e9ratures s&rsquo;\u00e9chelonneront de 9 \u00e0 10\u00b0C. Demain apr\u00e8s-midi, on sera sous un ciel bien gris, couvert de nuages. Des averses sont annonc\u00e9es. La ville sera de temps \u00e0 autre sous la pluie. Les maximales atteindront les 11\u00b0C tandis que les minimales seront de 10\u00b0C. Un vent de sud soufflera \u00e0 41 km\/h. On observera la pr\u00e9sence persistante de nuages demain soir. Il faudra s&rsquo;attendre \u00e0 des perturbations, les Rennais se retrouveront sous des pluies \u00e9parses. Les valeurs s&rsquo;\u00e9chelonneront entre 8 et 10\u00b0C.<\/p>\n<p>On pr\u00e9voit une d\u00e9gradation samedi, apr\u00e8s un jour ensoleill\u00e9 vendredi.<\/p>\n<p><\/p>\n","protected":false},"excerpt":{"rendered":"Rennes, o\u00f9 des nuages perdureront aujourd&rsquo;hui, continuera de guetter le soleil. Les temp\u00e9ratures seront de 8\u00b0C au plus&hellip;\n","protected":false},"author":2,"featured_media":661854,"comment_status":"","ping_status":"","sticky":false,"template":"","format":"standard","meta":{"footnotes":""},"categories":[2821],"tags":[1111,11,829,1777,674,1011,27,12,2119,584,25],"class_list":{"0":"post-661853","1":"post","2":"type-post","3":"status-publish","4":"format-standard","5":"has-post-thumbnail","7":"category-rennes","8":"tag-actu","9":"tag-actualites","10":"tag-bretagne","11":"tag-eu","12":"tag-europe","13":"tag-fr","14":"tag-france","15":"tag-news","16":"tag-previsions-meteo","17":"tag-rennes","18":"tag-republique-francaise"},"share_on_mastodon":{"url":"https:\/\/pubeurope.com\/@fr\/115890802302903593","error":""},"_links":{"self":[{"href":"https:\/\/www.europesays.com\/fr\/wp-json\/wp\/v2\/posts\/661853","targetHints":{"allow":["GET"]}}],"collection":[{"href":"https:\/\/www.europesays.com\/fr\/wp-json\/wp\/v2\/posts"}],"about":[{"href":"https:\/\/www.europesays.com\/fr\/wp-json\/wp\/v2\/types\/post"}],"author":[{"embeddable":true,"href":"https:\/\/www.europesays.com\/fr\/wp-json\/wp\/v2\/users\/2"}],"replies":[{"embeddable":true,"href":"https:\/\/www.europesays.com\/fr\/wp-json\/wp\/v2\/comments?post=661853"}],"version-history":[{"count":0,"href":"https:\/\/www.europesays.com\/fr\/wp-json\/wp\/v2\/posts\/661853\/revisions"}],"wp:featuredmedia":[{"embeddable":true,"href":"https:\/\/www.europesays.com\/fr\/wp-json\/wp\/v2\/media\/661854"}],"wp:attachment":[{"href":"https:\/\/www.europesays.com\/fr\/wp-json\/wp\/v2\/media?parent=661853"}],"wp:term":[{"taxonomy":"category","embeddable":true,"href":"https:\/\/www.europesays.com\/fr\/wp-json\/wp\/v2\/categories?post=661853"},{"taxonomy":"post_tag","embeddable":true,"href":"https:\/\/www.europesays.com\/fr\/wp-json\/wp\/v2\/tags?post=661853"}],"curies":[{"name":"wp","href":"https:\/\/api.w.org\/{rel}","templated":true}]}}