{"id":661855,"date":"2026-01-14T01:14:18","date_gmt":"2026-01-14T01:14:18","guid":{"rendered":"https:\/\/www.europesays.com\/fr\/661855\/"},"modified":"2026-01-14T01:14:18","modified_gmt":"2026-01-14T01:14:18","slug":"a-strasbourg-rencontre-avec-5-agriculteurs-contre-le-mercosur","status":"publish","type":"post","link":"https:\/\/www.europesays.com\/fr\/661855\/","title":{"rendered":"\u00e0 Strasbourg, rencontre avec 5 agriculteurs contre le Mercosur"},"content":{"rendered":"<p><strong>Une nouvelle mobilisation agricole a eu lieu ce mardi 13 janvier partout en France. Depuis plusieurs jours, les agriculteurs\/rices protestent contre le trait\u00e9 de libre-\u00e9change entre l\u2019Union europ\u00e9enne et le Mercosur, dont la signature est pr\u00e9vue ce samedi 17 janvier. Vendredi 9 janvier, une cinquantaine de tracteurs du syndicat CR 67 se sont rassembl\u00e9s sur le pont de l\u2019Europe \u00e0 Strasbourg, o\u00f9 des manifestant(e)s ont exprim\u00e9 leurs inqui\u00e9tudes. Rencontre.<\/strong><\/p>\n<p>Ce samedi 17 janvier devrait mettre un terme \u00e0 plus de<strong> deux d\u00e9cennies de pourparlers et de n\u00e9gociations<\/strong> entre les pays du Mercosur (Argentine, Br\u00e9sil, Paraguay et Uruguay) et l\u2019Union europ\u00e9enne (UE).<\/p>\n<p><strong>Ursula von der Leyen<\/strong>, pr\u00e9sidente de la Commission europ\u00e9enne, devrait officiellement signer ce trait\u00e9 de libre-\u00e9change, permettant<strong> une circulation commerciale entre les deux blocs <\/strong>d\u00e9lest\u00e9e d\u2019une large part des droits de douane.<\/p>\n<p>    <img width=\"800\" height=\"534\" src=\"https:\/\/www.europesays.com\/fr\/wp-content\/uploads\/2026\/01\/51988071051-9caa7c3b44-b-800x534.jpg\" class=\"attachment-image-size-L size-image-size-L\" alt=\"Ursula Von der Leyen\" decoding=\"async\" loading=\"lazy\"  \/>         Ursula von der Leyen. \u00a9 Andrea Adriani &#8211; Flickr \/ Capture d&rsquo;\u00e9cran <\/p>\n<p>Cens\u00e9 favoriser l\u2019exportation europ\u00e9enne de<strong> voitures, d\u2019alcools, de chocolats et de fromages<\/strong>, l\u2019UE va aussi voir d\u00e9ferler sur son sol <strong>la viande, le sucre et les c\u00e9r\u00e9ales sud-am\u00e9ricaines.\u00a0<\/strong><\/p>\n<p>Une <strong>concurrence jug\u00e9e \u00ab d\u00e9loyale \u00bb<\/strong> par le monde agricole europ\u00e9en, mettant en avant une diff\u00e9rence drastique des normes et du cahier des charges dans le processus de production, <strong>avec des prix math\u00e9matiquement imbattables.<\/strong><\/p>\n<p>Le monde agricole fran\u00e7ais grince des dents<\/p>\n<p>Dans un contexte d\u00e9j\u00e0 tendu, les agriculteurs\/rices fran\u00e7ais(es) sont de ce fait sur le front et organisent <strong>diff\u00e9rents blocages dans les quatre coins de l\u2019Hexagone<\/strong>. Ce vendredi 9 janvier, environ 50 tracteurs fran\u00e7ais et 20 tracteurs allemands se sont r\u00e9unis<strong> pour une mobilisation commune sur le pont de l\u2019Europe, \u00e0 Strasbourg.<\/strong><\/p>\n<p>                <img width=\"889\" height=\"500\" src=\"https:\/\/www.europesays.com\/fr\/wp-content\/uploads\/2026\/01\/img-9670-grande-889x500.jpeg\" class=\"attachment-gallery size-gallery\" alt=\"Manifestation agriculteurs Mercosur Strasbourg\" data-full-url=\"https:\/\/pokaa.fr\/wp-content\/uploads\/2026\/01\/12\/img-9670-grande.jpeg\" decoding=\"async\" loading=\"lazy\"  \/>            <\/p>\n<p>                <img width=\"889\" height=\"500\" src=\"https:\/\/www.europesays.com\/fr\/wp-content\/uploads\/2026\/01\/img-9709-grande-889x500.jpeg\" class=\"attachment-gallery size-gallery\" alt=\"Manifestation agriculteurs Mercosur Strasbourg\" data-full-url=\"https:\/\/pokaa.fr\/wp-content\/uploads\/2026\/01\/12\/img-9709-grande.jpeg\" decoding=\"async\" loading=\"lazy\"  \/>            <\/p>\n<p>                    \u00a9 Jules Scheuer \/ Pokaa<\/p>\n<p>Au sein de la branche syndicale bas-rhinoise de la Coordination Rurale (CR), \u00e0 l\u2019initiative de cette journ\u00e9e de manifestation,<strong> tous les profils d\u2019agriculteurs\/rices \u00e9taient pr\u00e9sents.\u00a0<\/strong><\/p>\n<p>De <strong>l\u2019\u00e9leveuse de ch\u00e8vres qui vit avec des \u00ab subventions divis\u00e9es par deux \u00bb <\/strong>au jeune agriculteur de 22 ans<strong> qui n\u2019ose plus reprendre l\u2019affaire familiale :<\/strong>\u00a0ces visages offrent un aper\u00e7u d\u2019une profession fortement endolorie.<\/p>\n<p>    <img width=\"800\" height=\"450\" src=\"https:\/\/www.europesays.com\/fr\/wp-content\/uploads\/2026\/01\/img-9655-800x450.jpg\" class=\"attachment-image-size-L size-image-size-L\" alt=\"Manifestation agriculteurs Mercosur Strasbourg\" decoding=\"async\" loading=\"lazy\"  \/>         \u00a9 Jules Scheuer \/ Pokaa <\/p>\n<p>\u00ab\u00a0Le Mercosur am\u00e8ne <strong>des importations qui nous\u00a0<\/strong><b>envahiront<\/b>, avec des prix bas, et nous ne recevons aucun soutien de la France ni de l\u2019Europe. Il faut absolument que \u00e7a change, sinon <strong>\u00e7a sera la fin de l\u2019agriculture fran\u00e7aise<\/strong><strong>\u00a0<\/strong>\u00bb, alerte Marc Chalon, 57 ans, c\u00e9r\u00e9alier en Moselle.<\/p>\n<p>Pour cet agriculteur et ses confr\u00e8res\/soeurs, la profession ne fait plus vraiment preuve d\u2019optimisme. \u00ab\u00a0<strong>On est un peu fatalistes<\/strong>, nos fermes sont en danger. On aura aucun moyen de concurrencer les produits qui seront import\u00e9s du Mercosur, <strong>c\u2019est impossible<\/strong>\u00a0\u00bb, ajoute-t-il.<\/p>\n<p>    <img width=\"800\" height=\"450\" src=\"https:\/\/www.europesays.com\/fr\/wp-content\/uploads\/2026\/01\/img-9692-800x450.jpg\" class=\"attachment-image-size-L size-image-size-L\" alt=\"Manifestation agriculteurs Mercosur Strasbourg\" decoding=\"async\" loading=\"lazy\"  \/>         Ma\u00ebl et Marc. \u00a9 Jules Scheuer \/ Pokaa <\/p>\n<p>Ce vendredi 9 janvier, Marc a fait le d\u00e9placement <strong>avec un jeune confr\u00e8re, Ma\u00ebl, 22 ans.<\/strong> Celui-ci travaille aux c\u00f4t\u00e9s de ses parents dans une exploitation de polyculture d\u2019\u00e9levage de viande, lait et c\u00e9r\u00e9ales. \u00c0 l\u2019instar de beaucoup d\u2019autres jeunes agriculteurs\/rices, il est, selon lui, de plus en plus difficile<strong> de se projeter dans la profession.\u00a0<\/strong><\/p>\n<p>\u00ab\u00a0Je me pose de plus en plus de questions sur une reprise de l\u2019affaire familiale, <strong>\u00e7a ne donne plus trop envie<\/strong>. C\u2019est pour \u00e7a qu\u2019on essaie de se battre pour sauver ce m\u00e9tier. Mais <strong>c\u2019est dur de se projeter aujourd\u2019hui<\/strong>, tr\u00e8s dur\u00a0\u00bb, d\u00e9plore le jeune homme.\u00a0<\/p>\n<p>                <img width=\"889\" height=\"500\" src=\"https:\/\/www.europesays.com\/fr\/wp-content\/uploads\/2026\/01\/img-9666-889x500.jpg\" class=\"attachment-gallery size-gallery\" alt=\"Manifestation agriculteurs Mercosur Strasbourg\" data-full-url=\"https:\/\/pokaa.fr\/wp-content\/uploads\/2026\/01\/12\/img-9666-1500x844.jpg\" decoding=\"async\" loading=\"lazy\"  \/>            <\/p>\n<p>                <img width=\"889\" height=\"500\" src=\"https:\/\/www.europesays.com\/fr\/wp-content\/uploads\/2026\/01\/img-9682-889x500.jpg\" class=\"attachment-gallery size-gallery\" alt=\"Manifestation agriculteurs Mercosur Strasbourg\" data-full-url=\"https:\/\/pokaa.fr\/wp-content\/uploads\/2026\/01\/12\/img-9682-1500x844.jpg\" decoding=\"async\" loading=\"lazy\"  \/>            <\/p>\n<p>                <img width=\"889\" height=\"500\" src=\"https:\/\/www.europesays.com\/fr\/wp-content\/uploads\/2026\/01\/img-9669-grande-889x500.jpeg\" class=\"attachment-gallery size-gallery\" alt=\"Manifestation agriculteurs Mercosur Strasbourg\" data-full-url=\"https:\/\/pokaa.fr\/wp-content\/uploads\/2026\/01\/12\/img-9669-grande.jpeg\" decoding=\"async\" loading=\"lazy\"  \/>            <\/p>\n<p>                    \u00a9 Jules Scheuer \/ Pokaa<\/p>\n<p>Un m\u00e9tier passion qui rapporte peu<\/p>\n<p>Pour Ma\u00ebl, c\u2019est <strong>un r\u00eave qui menace de s\u2019envoler<\/strong>. \u00ab\u00a0Je suis n\u00e9 dans cet environnement, j\u2019ai toujours \u00e9t\u00e9 \u00e0 la ferme avec mes parents, <strong>je n\u2019ai que \u00e7a dans ma t\u00eate<\/strong>. Mais la passion ne fait pas tout. \u00bb<\/p>\n<blockquote><p>\n        Cette ann\u00e9e, j&rsquo;ai perdu 11 000 \u20ac de subvention de la PAC, \u00e7a repr\u00e9sente 50% de mes aides.    <\/p><\/blockquote>\n<p>            Marie-Paule Boehler, agricultrice en polyculture d\u2019\u00e9levage \u00e0 Uttenheim<\/p>\n<p>\u00c0 68 ans, le pr\u00e9sident de la Coordination Rurale du Bas-Rhin, Paul Fritsch, craint que ces doutes ressentis par la jeune g\u00e9n\u00e9ration <strong>impactent la profession sur le long terme<\/strong>. \u00ab <a href=\"https:\/\/www.insee.fr\/fr\/statistiques\/4806717#titre-bloc-13\" target=\"_blank\" rel=\"noopener\">55% des agriculteurs ont plus de 50 ans<\/a>, donc<strong> il va falloir r\u00e9ussir \u00e0 renouveler les effectifs.<\/strong> \u00bb<\/p>\n<p>Pour autant, l\u2019agriculteur syndiqu\u00e9, exploitant dans le Pays de Sainte-Odile, comprend les raisons de ce d\u00e9but de d\u00e9sertion. \u00ab Comment voulez-vous engager un jeune <strong>dans un m\u00e9tier o\u00f9 le revenu n\u2019est pas garanti ?<\/strong> Ce n\u2019est pas possible. <strong>On n\u2019a pas le droit d\u2019envoyer nos jeunes au casse-pipe<\/strong>. Beaucoup de fermes sont en d\u00e9ficit sur le territoire. \u00bb<\/p>\n<p>    <img width=\"800\" height=\"450\" src=\"https:\/\/www.europesays.com\/fr\/wp-content\/uploads\/2026\/01\/img-9713-800x450.jpg\" class=\"attachment-image-size-L size-image-size-L\" alt=\"Manifestation agriculteurs Mercosur Strasbourg Paul Fritsch\" decoding=\"async\" loading=\"lazy\"  \/>         Paul Fritsch. \u00a9 Jules Scheuer \/ Pokaa <\/p>\n<p>Une r\u00e9alit\u00e9 qui se traduit dans <a href=\"https:\/\/terredeliens.org\/national\/actu\/communiqu\u00e9-de-presse-disparition-des-fermes-en-france-terre-de-liens-lance-lalerte-avec-une-cartographie-exclusive-16-11-2025-17-11-2025-16-11-2025\/#:~:text=Au%20global%2090%25%20des%20d\u00e9partements,rien%20\u00e0%20l&#039;alimentation%20locale.\" target=\"_blank\" rel=\"noopener\">les chiffres publi\u00e9s en novembre 2025<\/a> par le mouvement Terre de Liens. Selon l\u2019organisme, \u00ab <strong>90% des d\u00e9partements ont perdu plus de la moiti\u00e9 de leurs fermes entre 1988 et 2020<\/strong>\u00a0\u00bb. Un chiffre qui pourrait encore s\u2019aggraver dans les ann\u00e9es \u00e0 venir.<\/p>\n<p>Des subventions qui se font la malle<\/p>\n<p>\u00ab\u00a0Cette ann\u00e9e, <strong>j\u2019ai perdu 11 000 \u20ac de subvention de la PAC<\/strong> [Politique agricole commune, une aide \u00e0 destination des agriculteurs de l\u2019UE, ndlr], \u00e7a repr\u00e9sente 50% de mes aides. 2025 a \u00e9t\u00e9 une ann\u00e9e tr\u00e8s compliqu\u00e9e, <strong>l\u2019ann\u00e9e 2026 s\u2019annonce identique<\/strong> \u00bb, explique Marie-Paule Boehler, agricultrice en polyculture d\u2019\u00e9levage \u00e0 Uttenheim.<\/p>\n<p>    <img width=\"800\" height=\"450\" src=\"https:\/\/www.europesays.com\/fr\/wp-content\/uploads\/2026\/01\/img-9708-800x450.jpg\" class=\"attachment-image-size-L size-image-size-L\" alt=\"Manifestation agriculteurs Mercosur Strasbourg\" decoding=\"async\" loading=\"lazy\"  \/>         Marie-Paule. \u00a9 Jules Scheuer \/ Pokaa <\/p>\n<p>Malgr\u00e9 la signature \u00e0 venir du trait\u00e9 avec le Mercosur, <strong>Marie-Paule veut garder espoir<\/strong>. \u00ab\u00a0Il faut qu\u2019on se batte, c\u2019est quand m\u00eame notre m\u00e9tier. Pour certains ce sont des fermes familiales, on n\u2019a pas envie de perdre \u00e7a. Moi <strong>j\u2019ai repris l\u2019exploitation de mes parents,<\/strong> donc je n\u2019ai pas envie que \u00e7a s\u2019arr\u00eate maintenant. \u00bb<\/p>\n<p>Cette crise qui touche le secteur agricole <strong>pousse la profession \u00e0 repenser ses codes<\/strong> et sa fa\u00e7on de valoriser ses exploitations. \u00ab Nous sommes quelques producteurs \u00e0 vendre nos produits en direct\u00a0\u00bb, raconte l\u2019agricultrice.<\/p>\n<p>Un m\u00e9tier \u00e0 r\u00e9inventer ?<\/p>\n<p>\u00ab Il faut qu\u2019on essaie de maintenir cette fa\u00e7on de faire au maximum, <strong>pour garder nos clients fid\u00e8les et leur montrer qu\u2019on a des produits de qualit\u00e9<\/strong>. Quelque part, c\u2019est aussi le consommateur qu\u2019il faut \u00e9duquer \u00bb, poursuit Marie-Paule.<\/p>\n<p>    <img width=\"800\" height=\"450\" src=\"https:\/\/www.europesays.com\/fr\/wp-content\/uploads\/2026\/01\/img-9690-800x450.jpg\" class=\"attachment-image-size-L size-image-size-L\" alt=\"Manifestation agriculteurs Mercosur Strasbourg\" decoding=\"async\" loading=\"lazy\"  \/>         Luc. \u00a9 Jules Scheuer \/ Pokaa <\/p>\n<p>La demande du monde agricole <strong>se r\u00e9sume assez simplement pour Luc<\/strong>, \u00e9leveur de vaches laiti\u00e8res dans le Bas-Rhin. \u00ab\u00a0On aimerait que la PAC n\u2019existe pas, <strong>qu\u2019on puisse vivre de notre travail sans aide.<\/strong><strong>\u00a0<\/strong>\u00bb<\/p>\n<p style=\"text-align: left;\"><strong>En r\u00e9ponse \u00e0 la signature de ce trait\u00e9e, la FNSEA a appeler \u00e0 manifester le 20 janvier \u00e0 Strasbourg, jour du vote de ce texte au Parlement europ\u00e9en.<\/strong><\/p>\n","protected":false},"excerpt":{"rendered":"Une nouvelle mobilisation agricole a eu lieu ce mardi 13 janvier partout en France. Depuis plusieurs jours, les&hellip;\n","protected":false},"author":2,"featured_media":661856,"comment_status":"","ping_status":"","sticky":false,"template":"","format":"standard","meta":{"footnotes":""},"categories":[2820],"tags":[1111,11,39878,2389,76132,1777,674,1011,27,775,2088,21426,12,25,13040,640,58524],"class_list":{"0":"post-661855","1":"post","2":"type-post","3":"status-publish","4":"format-standard","5":"has-post-thumbnail","7":"category-strasbourg","8":"tag-actu","9":"tag-actualites","10":"tag-agriculteur","11":"tag-alsace","12":"tag-alsace-actualite","13":"tag-eu","14":"tag-europe","15":"tag-fr","16":"tag-france","17":"tag-grand-est","18":"tag-manifestation","19":"tag-mercosur","20":"tag-news","21":"tag-republique-francaise","22":"tag-signature","23":"tag-strasbourg","24":"tag-strasbourg-actualite"},"share_on_mastodon":{"url":"https:\/\/pubeurope.com\/@fr\/115890806589820594","error":""},"_links":{"self":[{"href":"https:\/\/www.europesays.com\/fr\/wp-json\/wp\/v2\/posts\/661855","targetHints":{"allow":["GET"]}}],"collection":[{"href":"https:\/\/www.europesays.com\/fr\/wp-json\/wp\/v2\/posts"}],"about":[{"href":"https:\/\/www.europesays.com\/fr\/wp-json\/wp\/v2\/types\/post"}],"author":[{"embeddable":true,"href":"https:\/\/www.europesays.com\/fr\/wp-json\/wp\/v2\/users\/2"}],"replies":[{"embeddable":true,"href":"https:\/\/www.europesays.com\/fr\/wp-json\/wp\/v2\/comments?post=661855"}],"version-history":[{"count":0,"href":"https:\/\/www.europesays.com\/fr\/wp-json\/wp\/v2\/posts\/661855\/revisions"}],"wp:featuredmedia":[{"embeddable":true,"href":"https:\/\/www.europesays.com\/fr\/wp-json\/wp\/v2\/media\/661856"}],"wp:attachment":[{"href":"https:\/\/www.europesays.com\/fr\/wp-json\/wp\/v2\/media?parent=661855"}],"wp:term":[{"taxonomy":"category","embeddable":true,"href":"https:\/\/www.europesays.com\/fr\/wp-json\/wp\/v2\/categories?post=661855"},{"taxonomy":"post_tag","embeddable":true,"href":"https:\/\/www.europesays.com\/fr\/wp-json\/wp\/v2\/tags?post=661855"}],"curies":[{"name":"wp","href":"https:\/\/api.w.org\/{rel}","templated":true}]}}