{"id":661857,"date":"2026-01-14T01:15:16","date_gmt":"2026-01-14T01:15:16","guid":{"rendered":"https:\/\/www.europesays.com\/fr\/661857\/"},"modified":"2026-01-14T01:15:16","modified_gmt":"2026-01-14T01:15:16","slug":"previsions-du-mercredi-14-janvier-2026-3","status":"publish","type":"post","link":"https:\/\/www.europesays.com\/fr\/661857\/","title":{"rendered":"pr\u00e9visions du mercredi 14 janvier 2026"},"content":{"rendered":"<p>\u00c0 Strasbourg, on annonce une embellie pour cette journ\u00e9e. Le thermom\u00e8tre affichera 7\u00b0C en moyenne. Un petit vent de sud sera ressenti par les habitants. Les Strasbourgeois vont avoir froid le matin : les temp\u00e9ratures ne vont pas d\u00e9passer 7\u00b0C. Les valeurs seront de 4\u00b0C au minimum et de 7\u00b0C au plus haut. Les valeurs seront comprises entre 7\u00b0C et 9\u00b0C dans l&rsquo;apr\u00e8s-midi. Le ciel va l\u00e9g\u00e8rement se d\u00e9gager dans la soir\u00e9e avec des \u00e9claircies. Un ciel d\u00e9pourvu de nuages est attendu dans la nuit entre mercredi et jeudi.<\/p>\n<p>L&rsquo;air ambiant va se r\u00e9chauffer demain \u00e0 Strasbourg avec une hausse de quelques degr\u00e9s. Les temp\u00e9ratures s&rsquo;\u00e9chelonneront entre 6 et 10\u00b0C. Un vent de sud rafra\u00eechira sensiblement l&rsquo;atmosph\u00e8re. Encore de la grisaille le matin. Les nuages vont stationner. Les valeurs afficheront entre 7 et 9\u00b0C. Le soleil sera dominant, la promesse d&rsquo;un magnifique apr\u00e8s-midi ! Les maximales pourront atteindre 10\u00b0C tandis que les minimales seront de 7\u00b0C. Demain soir, apr\u00e8s un \u00e9pisode nuageux le vent va progressivement chasser la grisaille. Les temp\u00e9ratures iront de 6 \u00e0 7\u00b0C.<\/p>\n<p>Peu d&rsquo;\u00e9volutions au fil des jours. Il fera 3\u00b0C en moyenne pour des journ\u00e9es avec un temps ensoleill\u00e9.<\/p>\n<p><\/p>\n","protected":false},"excerpt":{"rendered":"\u00c0 Strasbourg, on annonce une embellie pour cette journ\u00e9e. Le thermom\u00e8tre affichera 7\u00b0C en moyenne. Un petit vent&hellip;\n","protected":false},"author":2,"featured_media":661858,"comment_status":"","ping_status":"","sticky":false,"template":"","format":"standard","meta":{"footnotes":""},"categories":[2820],"tags":[1111,11,1777,674,1011,27,775,12,2119,25,640],"class_list":{"0":"post-661857","1":"post","2":"type-post","3":"status-publish","4":"format-standard","5":"has-post-thumbnail","7":"category-strasbourg","8":"tag-actu","9":"tag-actualites","10":"tag-eu","11":"tag-europe","12":"tag-fr","13":"tag-france","14":"tag-grand-est","15":"tag-news","16":"tag-previsions-meteo","17":"tag-republique-francaise","18":"tag-strasbourg"},"share_on_mastodon":{"url":"https:\/\/pubeurope.com\/@fr\/115890810001796378","error":""},"_links":{"self":[{"href":"https:\/\/www.europesays.com\/fr\/wp-json\/wp\/v2\/posts\/661857","targetHints":{"allow":["GET"]}}],"collection":[{"href":"https:\/\/www.europesays.com\/fr\/wp-json\/wp\/v2\/posts"}],"about":[{"href":"https:\/\/www.europesays.com\/fr\/wp-json\/wp\/v2\/types\/post"}],"author":[{"embeddable":true,"href":"https:\/\/www.europesays.com\/fr\/wp-json\/wp\/v2\/users\/2"}],"replies":[{"embeddable":true,"href":"https:\/\/www.europesays.com\/fr\/wp-json\/wp\/v2\/comments?post=661857"}],"version-history":[{"count":0,"href":"https:\/\/www.europesays.com\/fr\/wp-json\/wp\/v2\/posts\/661857\/revisions"}],"wp:featuredmedia":[{"embeddable":true,"href":"https:\/\/www.europesays.com\/fr\/wp-json\/wp\/v2\/media\/661858"}],"wp:attachment":[{"href":"https:\/\/www.europesays.com\/fr\/wp-json\/wp\/v2\/media?parent=661857"}],"wp:term":[{"taxonomy":"category","embeddable":true,"href":"https:\/\/www.europesays.com\/fr\/wp-json\/wp\/v2\/categories?post=661857"},{"taxonomy":"post_tag","embeddable":true,"href":"https:\/\/www.europesays.com\/fr\/wp-json\/wp\/v2\/tags?post=661857"}],"curies":[{"name":"wp","href":"https:\/\/api.w.org\/{rel}","templated":true}]}}