{"id":661859,"date":"2026-01-14T01:16:15","date_gmt":"2026-01-14T01:16:15","guid":{"rendered":"https:\/\/www.europesays.com\/fr\/661859\/"},"modified":"2026-01-14T01:16:15","modified_gmt":"2026-01-14T01:16:15","slug":"nice-cet-immeuble-menace-de-seffondrer-les-habitants-reloges-en-urgence","status":"publish","type":"post","link":"https:\/\/www.europesays.com\/fr\/661859\/","title":{"rendered":"Nice. Cet immeuble menace de s&rsquo;effondrer, les habitants relog\u00e9s en urgence"},"content":{"rendered":"<p>                    Par<br \/>\n        <strong><br \/>\n            <a href=\"https:\/\/actu.fr\/auteur\/arthur-frand\" title=\"Consulter tous les articles de Arthur Frand\" target=\"_blank\" rel=\"noopener\">Arthur Frand<\/a><br \/>\n                    <\/strong><\/p>\n<p>        Publi\u00e9 le<\/p>\n<p>            13 janv. 2026 \u00e0 17h07<br \/>\n        ; mis \u00e0 jour le 13 janv. 2026 \u00e0 17h13    <\/p>\n<p><strong>INFO ACTU NICE<\/strong>. Une <strong>situation d\u2019urgence<\/strong> \u00e0 g\u00e9rer pour la municipalit\u00e9 ni\u00e7oise. A <a href=\"https:\/\/actu.fr\/nice\/\" target=\"_blank\" rel=\"noopener\">Nice<\/a> dans les <a href=\"https:\/\/actu.fr\/provence-alpes-cote-d-azur\/alpes-maritimes_06\" target=\"_blank\" rel=\"noopener\">Alpes-Maritimes<\/a>, un immeuble du Vieux-Nice, quartier fr\u00e9quent\u00e9 et touristique, est interdit d\u2019acc\u00e8s depuis ce vendredi 9 janvier 2026. Un arr\u00eat\u00e9 administratif de \u00ab\u00a0p\u00e9ril imminent\u00a0\u00bb a \u00e9t\u00e9 pris par la Ville en lien avec la direction de la gestion et de la pr\u00e9vention des risques majeurs (DGPRM).<\/p>\n<p>    <a href=\"https:\/\/www.google.com\/maps\/embed?pb=!1m18!1m12!1m3!1d180.28729993869936!2d7.277386367037634!3d43.698145148095655!2m3!1f0!2f0!3f0!3m2!1i1024!2i768!4f13.1!3m3!1m2!1s0x12cddabb66fdbe35%3A0xfc1cd54d629216f0!2s1%20Rue%20Droite%2C%2006300%20Nice!5e0!3m2!1sfr!2sfr!4v1768304013540!5m2!1sfr!2sfr\" title=\"Ouvrie le lien\" target=\"_blank\" rel=\"noopener\">Cliquez ici pour visualiser le contenu<\/a><\/p>\n<p class=\" wall-content\">Le plancher du quatri\u00e8me \u00e9tage <strong>mena\u00e7ant de s\u2019effondrer<\/strong>, notamment, laisse planer des risques sur l\u2019ensemble de l\u2019immeuble de quatre \u00e9tages. Les r\u00e9sidents de quatre foyers ont donc \u00e9t\u00e9 \u00e9vacu\u00e9s et relog\u00e9s. Voici ce que l\u2019on sait.<\/p>\n<p>\u00ab\u2009Infiltrations et d\u00e9sordres importants sur le plancher\u2009\u00bb<\/p>\n<p class=\" wall-content\">C\u2019est un petit arr\u00eat\u00e9 coll\u00e9 sur la devanture rouge de l\u2019ancien bar-tabac Le Sauveur qui met la puce \u00e0 l\u2019oreille. Un immeuble du Vieux-Nice, situ\u00e9 \u00e0 un croisement (1 rue Droite et 2 rue du Collet), est <strong>totalement interdit d\u2019acc\u00e8s<\/strong> depuis la fin de semaine derni\u00e8re.<\/p>\n<p class=\" wall-content\">Dans ce b\u00e2timent, \u00ab\u2009des infiltrations depuis la toiture et des d\u00e9sordres importants sur les planchers et les escaliers\u2009\u00bb ont \u00e9t\u00e9 constat\u00e9es, apprend actu Nice ce mardi.<\/p>\n<p class=\" wall-content\">La Ville de Nice a donc missionn\u00e9 un <strong>bureau d\u2019\u00e9tudes techniques<\/strong>. \u00ab\u2009Des ing\u00e9nieurs se sont rendus sur place pour faire le point sur la solidit\u00e9 de la structure\u2009\u00bb, nous pr\u00e9cise la municipalit\u00e9.<\/p>\n<p>    <img   decoding=\"async\" loading=\"lazy\" src=\"https:\/\/www.europesays.com\/fr\/wp-content\/uploads\/2026\/01\/whatsapp-image-2026-01-13-at-115400-960x640.jpeg\" alt=\"Immeuble menan\u00e7ant\" width=\"960\" height=\"640\"\/><br \/>\n    L\u2019immeuble fragilis\u00e9 dans le Vieux-Nice. (\u00a9Arthur Frand \/ actu Nice)<\/p>\n<p>Votre r\u00e9gion, votre actu !<\/p>\n<p>Recevez chaque jour les infos qui comptent pour vous.<\/p>\n<p>\t<a href=\"https:\/\/actu.fr\/newsletter\" class=\"ac-btn ac-btn--corner ac-btn--medium ac-btn--blue800\" target=\"_blank\" rel=\"noopener\">S&rsquo;incrire<\/a><\/p>\n<p class=\" wall-content\">La d\u00e9cision \u00e0 prendre \u00e9tait <strong>claire<\/strong> et sans appel. \u00ab\u2009\u00c0 la suite de cette visite et tout comme le bureau d\u2019\u00e9tudes, la Ville de Nice a conclu \u00e0 la n\u00e9cessit\u00e9 de prendre un <strong>arr\u00eat\u00e9 de p\u00e9ril imminent<\/strong> et de faire \u00e9vacuer l\u2019immeuble\u2009\u00bb, souligne la Ville.<\/p>\n<p>Le plancher du 4e \u00e9tage menace de s\u2019effondrer<\/p>\n<p class=\" wall-content\">Selon l\u2019arr\u00eat\u00e9 provisoire, la \u00ab\u2009fragilit\u00e9 du b\u00e2ti\u2009\u00bb rend la situation <strong>pr\u00e9occupante<\/strong>.<\/p>\n<p class=\" wall-content\">Le bureau d\u2019\u00e9tudes a livr\u00e9 les conclusions suivantes\u2009:<\/p>\n<ul class=\" wall-content\">\n<li>L\u2019acc\u00e8s aux parties communes de l\u2019immeuble est \u00e0 proscrire;<\/li>\n<li>Le plancher haut R +\u00a04 menace d\u2019effondrement\u2009;<\/li>\n<li>L\u2019ouvrage subit un probable tassement diff\u00e9rentiel<\/li>\n<\/ul>\n<p>    <img   decoding=\"async\" loading=\"lazy\" src=\"https:\/\/www.europesays.com\/fr\/wp-content\/uploads\/2026\/01\/whatsapp-image-2026-01-13-at-115400-1-960x640.jpeg\" alt=\"L'arr\u00eate d'interdiction d'acc\u00e8s au 1 rue Droite et 2 rue Collet dans le Vieux-Nice.\" width=\"960\" height=\"640\"\/><br \/>\n    L\u2019arr\u00eat\u00e9 d\u2019interdiction d\u2019acc\u00e8s au 1 rue Droite et 2 rue du Collet dans le Vieux-Nice. (\u00a9Arthur Frand \/ actu Nice)Des travaux de mise en s\u00e9curit\u00e9 \u00e0 venir<\/p>\n<p class=\" wall-content\">Les r\u00e9sidents de cet immeuble ont \u00e9t\u00e9 pris en charge et <strong>relog\u00e9s<\/strong> par les services de la ville et le centre communal d\u2019action sociale (CCAS). Cela concerne quatre foyers diff\u00e9rents.<\/p>\n<p class=\" wall-content\">\u00ab\u2009Tout arr\u00eat\u00e9 d\u2019interdiction d\u2019acc\u00e8s \u00e0 un immeuble n\u2019aboutissant pas n\u00e9cessairement \u00e0 la destruction d\u2019un immeuble, l\u2019acc\u00e8s \u00e0 ensemble de l\u2019immeuble est proscrit, de <strong>mani\u00e8re provisoire\u2009\u00bb<\/strong>, compl\u00e8te la mairie \u00e0 actu Nice.<\/p>\n<p class=\" wall-content\">L\u2019interdiction d\u2019acc\u00e8s sera lev\u00e9e d\u00e8s que les travaux conservatoires de mises en s\u00e9curit\u00e9 permettant de lever le danger auront \u00e9t\u00e9 r\u00e9alis\u00e9s.<\/p>\n<p class=\" wall-content\">Personnalisez votre actualit\u00e9 en ajoutant vos villes et m\u00e9dias en favori avec <a href=\"https:\/\/moncompte.actu.fr\" title=\"D\u00e9couvez Mon Actu\" rel=\"nofollow noopener\" data-trk=\"{&quot;cta&quot;:{&quot;action&quot;:&quot;https:\\\/\\\/moncompte.actu.fr&quot;,&quot;category&quot;:&quot;mon compte&quot;,&quot;from&quot;:&quot;article footer&quot;,&quot;name&quot;:&quot;Mon actu&quot;,&quot;type&quot;:&quot;cta&quot;}}\" target=\"_blank\">Mon Actu<\/a>.<\/p>\n","protected":false},"excerpt":{"rendered":"Par Arthur Frand Publi\u00e9 le 13 janv. 2026 \u00e0 17h07 ; mis \u00e0 jour le 13 janv. 2026&hellip;\n","protected":false},"author":2,"featured_media":661860,"comment_status":"","ping_status":"","sticky":false,"template":"","format":"standard","meta":{"footnotes":""},"categories":[2819],"tags":[1111,11,1777,674,1011,27,1116,12,2401,1072,882,25,104],"class_list":{"0":"post-661859","1":"post","2":"type-post","3":"status-publish","4":"format-standard","5":"has-post-thumbnail","7":"category-nice","8":"tag-actu","9":"tag-actualites","10":"tag-eu","11":"tag-europe","12":"tag-fr","13":"tag-france","14":"tag-immobilier","15":"tag-news","16":"tag-nice","17":"tag-police","18":"tag-provence-alpes-cote-dazur","19":"tag-republique-francaise","20":"tag-societe"},"share_on_mastodon":{"url":"https:\/\/pubeurope.com\/@fr\/115890813989617349","error":""},"_links":{"self":[{"href":"https:\/\/www.europesays.com\/fr\/wp-json\/wp\/v2\/posts\/661859","targetHints":{"allow":["GET"]}}],"collection":[{"href":"https:\/\/www.europesays.com\/fr\/wp-json\/wp\/v2\/posts"}],"about":[{"href":"https:\/\/www.europesays.com\/fr\/wp-json\/wp\/v2\/types\/post"}],"author":[{"embeddable":true,"href":"https:\/\/www.europesays.com\/fr\/wp-json\/wp\/v2\/users\/2"}],"replies":[{"embeddable":true,"href":"https:\/\/www.europesays.com\/fr\/wp-json\/wp\/v2\/comments?post=661859"}],"version-history":[{"count":0,"href":"https:\/\/www.europesays.com\/fr\/wp-json\/wp\/v2\/posts\/661859\/revisions"}],"wp:featuredmedia":[{"embeddable":true,"href":"https:\/\/www.europesays.com\/fr\/wp-json\/wp\/v2\/media\/661860"}],"wp:attachment":[{"href":"https:\/\/www.europesays.com\/fr\/wp-json\/wp\/v2\/media?parent=661859"}],"wp:term":[{"taxonomy":"category","embeddable":true,"href":"https:\/\/www.europesays.com\/fr\/wp-json\/wp\/v2\/categories?post=661859"},{"taxonomy":"post_tag","embeddable":true,"href":"https:\/\/www.europesays.com\/fr\/wp-json\/wp\/v2\/tags?post=661859"}],"curies":[{"name":"wp","href":"https:\/\/api.w.org\/{rel}","templated":true}]}}