{"id":661861,"date":"2026-01-14T01:17:12","date_gmt":"2026-01-14T01:17:12","guid":{"rendered":"https:\/\/www.europesays.com\/fr\/661861\/"},"modified":"2026-01-14T01:17:12","modified_gmt":"2026-01-14T01:17:12","slug":"previsions-du-mercredi-14-janvier-2026-4","status":"publish","type":"post","link":"https:\/\/www.europesays.com\/fr\/661861\/","title":{"rendered":"pr\u00e9visions du mercredi 14 janvier 2026"},"content":{"rendered":"<p>Il fera en moyenne 10\u00b0C \u00e0 Nice, aujourd&rsquo;hui. Le matin, le beau temps va peu \u00e0 peu supplanter les nuages. Les temp\u00e9ratures afficheront entre 8\u00b0C et 12\u00b0C. Un vent de nord rafra\u00eechira sensiblement l&rsquo;atmosph\u00e8re. Un splendide soleil va briller et ce, tout au long de l&rsquo;apr\u00e8s-midi. Les valeurs seront comprises entre 10 et 12\u00b0C. Apr\u00e8s un passage nuageux, des \u00e9claircies sont pr\u00e9vues : on passera une soir\u00e9e agr\u00e9able. Les temp\u00e9ratures iront de 9 \u00e0 10\u00b0C. Le passage de mercredi \u00e0 jeudi se fera sous un ciel clair.<\/p>\n<p>C&rsquo;est un soleil radieux qui va se montrer demain sur Nice. Les valeurs s&rsquo;\u00e9chelonneront entre 8 et 12\u00b0C. Les temp\u00e9ratures seront de 8\u00b0C au minimum et de 12\u00b0C au plus haut la matin\u00e9e. Une l\u00e9g\u00e8re brise de nord-ouest sera ressentie par les habitants. Les maximales atteindront les 12\u00b0C dans l&rsquo;apr\u00e8s-midi alors que les minimales seront de 10\u00b0C. Le ciel sera assez lumineux, avec quelques \u00e9claircies demain soir. Les valeurs afficheront entre 9 et 10\u00b0C. Un vent de nord soufflera un peu, avec 8 km\/h.<\/p>\n<p>\u00c0 la suite d&rsquo;une journ\u00e9e nuageuse vendredi, on pr\u00e9voit une d\u00e9gradation samedi.<\/p>\n<p><\/p>\n","protected":false},"excerpt":{"rendered":"Il fera en moyenne 10\u00b0C \u00e0 Nice, aujourd&rsquo;hui. Le matin, le beau temps va peu \u00e0 peu supplanter&hellip;\n","protected":false},"author":2,"featured_media":661862,"comment_status":"","ping_status":"","sticky":false,"template":"","format":"standard","meta":{"footnotes":""},"categories":[2819],"tags":[1111,11,1777,674,1011,27,12,2401,2119,882,25],"class_list":{"0":"post-661861","1":"post","2":"type-post","3":"status-publish","4":"format-standard","5":"has-post-thumbnail","7":"category-nice","8":"tag-actu","9":"tag-actualites","10":"tag-eu","11":"tag-europe","12":"tag-fr","13":"tag-france","14":"tag-news","15":"tag-nice","16":"tag-previsions-meteo","17":"tag-provence-alpes-cote-dazur","18":"tag-republique-francaise"},"share_on_mastodon":{"url":"https:\/\/pubeurope.com\/@fr\/115890817756513691","error":""},"_links":{"self":[{"href":"https:\/\/www.europesays.com\/fr\/wp-json\/wp\/v2\/posts\/661861","targetHints":{"allow":["GET"]}}],"collection":[{"href":"https:\/\/www.europesays.com\/fr\/wp-json\/wp\/v2\/posts"}],"about":[{"href":"https:\/\/www.europesays.com\/fr\/wp-json\/wp\/v2\/types\/post"}],"author":[{"embeddable":true,"href":"https:\/\/www.europesays.com\/fr\/wp-json\/wp\/v2\/users\/2"}],"replies":[{"embeddable":true,"href":"https:\/\/www.europesays.com\/fr\/wp-json\/wp\/v2\/comments?post=661861"}],"version-history":[{"count":0,"href":"https:\/\/www.europesays.com\/fr\/wp-json\/wp\/v2\/posts\/661861\/revisions"}],"wp:featuredmedia":[{"embeddable":true,"href":"https:\/\/www.europesays.com\/fr\/wp-json\/wp\/v2\/media\/661862"}],"wp:attachment":[{"href":"https:\/\/www.europesays.com\/fr\/wp-json\/wp\/v2\/media?parent=661861"}],"wp:term":[{"taxonomy":"category","embeddable":true,"href":"https:\/\/www.europesays.com\/fr\/wp-json\/wp\/v2\/categories?post=661861"},{"taxonomy":"post_tag","embeddable":true,"href":"https:\/\/www.europesays.com\/fr\/wp-json\/wp\/v2\/tags?post=661861"}],"curies":[{"name":"wp","href":"https:\/\/api.w.org\/{rel}","templated":true}]}}