{"id":661863,"date":"2026-01-14T01:20:40","date_gmt":"2026-01-14T01:20:40","guid":{"rendered":"https:\/\/www.europesays.com\/fr\/661863\/"},"modified":"2026-01-14T01:20:40","modified_gmt":"2026-01-14T01:20:40","slug":"les-meilleures-galettes-des-rois-de-nantes-de-la-plus-abordable-a-la-plus-prestigieuse","status":"publish","type":"post","link":"https:\/\/www.europesays.com\/fr\/661863\/","title":{"rendered":"Les meilleures galettes des rois de Nantes de la plus abordable \u00e0 la plus prestigieuse !"},"content":{"rendered":"<p><img loading=\"lazy\" width=\"527\" height=\"264\" src=\"https:\/\/www.europesays.com\/fr\/wp-content\/uploads\/2026\/01\/IMAGE_ARTICLE-527x264.png\" class=\"attachment-csco-thumbnail-uncropped size-csco-thumbnail-uncropped wp-post-image\" alt=\"Choux Nantes traditionnels, p\u00e2tisserie artisanale, sp\u00e9cialit\u00e9 bretonne \u00e0 Nantes.\" decoding=\"async\"  \/>\t<img loading=\"lazy\" width=\"1044\" height=\"522\" src=\"https:\/\/www.europesays.com\/fr\/wp-content\/uploads\/2026\/01\/IMAGE_ARTICLE-1044x522.png\" class=\"attachment-csco-large-uncropped size-csco-large-uncropped wp-post-image\" alt=\"Choux Nantes traditionnels, p\u00e2tisserie artisanale, sp\u00e9cialit\u00e9 bretonne \u00e0 Nantes.\" decoding=\"async\"  \/><\/p>\n<p>\nCr\u00e9dit : Big City &#8211; Morgane M<\/p>\n<p>\u00c0 Nantes, pas question de ranger les couronnes d\u00e8s le 6 janvier. Ici, <strong>la galette des rois<\/strong> se d\u00e9guste tout au long du mois. Frangipane classique, recettes revisit\u00e9es ou cr\u00e9ations plus audacieuses, <strong>les artisans nantais rivalisent d\u2019imagination<\/strong> pour r\u00e9galer tous les gourmands, quel que soit leur budget.<\/p>\n<p>Pour t\u2019aider \u00e0 faire ton choix, Big City a brav\u00e9 le froid, la neige et le verglas afin de s\u00e9lectionner quelques-unes des <strong>meilleures galettes de la ville<\/strong>, class\u00e9es de la <strong>plus abordable<\/strong> \u00e0 la <strong>plus prestigieuse<\/strong> !<\/p>\n<blockquote class=\"instagram-media\" data-instgrm-permalink=\"https:\/\/www.instagram.com\/reel\/DTU_wPAiEfy\/?utm_source=ig_embed&amp;utm_campaign=loading\" data-instgrm-version=\"14\" style=\"background:#FFF;border:0;border-radius:3px;margin: 1px;max-width:540px;min-width:326px;padding:0;width:99.375%;width:-webkit-calc(100% - 2px);width:calc(100% - 2px)\"\/>\n<p>Pour les petits budgets, direction l\u2019une des deux boutiques <strong>Nous Anti-Gaspi<\/strong> du centre-ville. On y trouve une galette frangipane aux p\u00e9pites de chocolat \u00e0 <strong>10,85 euros<\/strong>, id\u00e9ale pour se faire plaisir sans se ruiner, tout en luttant contre le gaspillage alimentaire.<\/p>\n<p>Une alternative gourmande \u00e0 la frangipane<\/p>\n<p>Si tu veux monter d\u2019un cran, cap sur <strong>Mimosa<\/strong>. Connue pour ses brunchs, l\u2019adresse propose en janvier une galette originale <strong>p\u00e9can-orange<\/strong>, affich\u00e9e \u00e0 <strong>16,50 euros<\/strong>. Une alternative gourmande \u00e0 la frangipane traditionnelle, parfaite pour celles et ceux qui aiment sortir des sentiers battus\u2026 et avec un peu de chance, tomber sur la f\u00e8ve.<\/p>\n<p>Pour les amateurs de tradition, impossible de passer \u00e0 c\u00f4t\u00e9 de <strong>chez Arno<\/strong>, \u00e9lue meilleure galette aux amandes du d\u00e9partement (Loire-Atlantique). Fabriqu\u00e9es chaque jour sur place, ces galettes doivent leur croustillant \u00e0 une p\u00e2te feuillet\u00e9e \u00e9tal\u00e9e et pli\u00e9e douze fois, avant d\u2019\u00eatre garnie de cr\u00e8me aux amandes. Compte <strong>18 euros<\/strong> pour cette valeur s\u00fbre.<\/p>\n<p>Envie d\u2019originalit\u00e9 ? <strong>Run<\/strong> surprend avec une galette <strong>Duba\u00ef-framboise et cr\u00e8me de pistache<\/strong> \u00e0 <strong>19,50 euros<\/strong>, aussi belle que gourmande.<\/p>\n<p>Enfin, pour une exp\u00e9rience plus premium, direction <strong>Esth\u00e8te<\/strong>. Leur galette <strong>pomme-cannelle<\/strong>, valid\u00e9e par le guide Gault &amp; Millau, se distingue aussi par ses f\u00e8ves uniques, r\u00e9alis\u00e9es en collaboration avec des artisans c\u00e9ramistes. Prix : <strong>25 euros<\/strong>.<\/p>\n<p><script async src=\"\/\/www.instagram.com\/embed.js\"><\/script><\/p>\n","protected":false},"excerpt":{"rendered":"Cr\u00e9dit : Big City &#8211; Morgane M \u00c0 Nantes, pas question de ranger les couronnes d\u00e8s le 6&hellip;\n","protected":false},"author":2,"featured_media":661864,"comment_status":"","ping_status":"","sticky":false,"template":"","format":"standard","meta":{"footnotes":""},"categories":[2818],"tags":[1111,11,1777,674,2656,1011,27,74679,12824,766,12,2636,25],"class_list":{"0":"post-661863","1":"post","2":"type-post","3":"status-publish","4":"format-standard","5":"has-post-thumbnail","7":"category-nantes","8":"tag-actu","9":"tag-actualites","10":"tag-eu","11":"tag-europe","12":"tag-food","13":"tag-fr","14":"tag-france","15":"tag-galettes","16":"tag-gourmand","17":"tag-nantes","18":"tag-news","19":"tag-pays-de-la-loire","20":"tag-republique-francaise"},"share_on_mastodon":{"url":"https:\/\/pubeurope.com\/@fr\/115890829769485517","error":""},"_links":{"self":[{"href":"https:\/\/www.europesays.com\/fr\/wp-json\/wp\/v2\/posts\/661863","targetHints":{"allow":["GET"]}}],"collection":[{"href":"https:\/\/www.europesays.com\/fr\/wp-json\/wp\/v2\/posts"}],"about":[{"href":"https:\/\/www.europesays.com\/fr\/wp-json\/wp\/v2\/types\/post"}],"author":[{"embeddable":true,"href":"https:\/\/www.europesays.com\/fr\/wp-json\/wp\/v2\/users\/2"}],"replies":[{"embeddable":true,"href":"https:\/\/www.europesays.com\/fr\/wp-json\/wp\/v2\/comments?post=661863"}],"version-history":[{"count":0,"href":"https:\/\/www.europesays.com\/fr\/wp-json\/wp\/v2\/posts\/661863\/revisions"}],"wp:featuredmedia":[{"embeddable":true,"href":"https:\/\/www.europesays.com\/fr\/wp-json\/wp\/v2\/media\/661864"}],"wp:attachment":[{"href":"https:\/\/www.europesays.com\/fr\/wp-json\/wp\/v2\/media?parent=661863"}],"wp:term":[{"taxonomy":"category","embeddable":true,"href":"https:\/\/www.europesays.com\/fr\/wp-json\/wp\/v2\/categories?post=661863"},{"taxonomy":"post_tag","embeddable":true,"href":"https:\/\/www.europesays.com\/fr\/wp-json\/wp\/v2\/tags?post=661863"}],"curies":[{"name":"wp","href":"https:\/\/api.w.org\/{rel}","templated":true}]}}