{"id":661865,"date":"2026-01-14T01:21:18","date_gmt":"2026-01-14T01:21:18","guid":{"rendered":"https:\/\/www.europesays.com\/fr\/661865\/"},"modified":"2026-01-14T01:21:18","modified_gmt":"2026-01-14T01:21:18","slug":"ils-racontent-et-chantent-lalbum-de-leur-vie-a-cenon-pres-de-bordeaux","status":"publish","type":"post","link":"https:\/\/www.europesays.com\/fr\/661865\/","title":{"rendered":"ils racontent et chantent l\u2019album de leur vie \u00e0 Cenon, pr\u00e8s de Bordeaux"},"content":{"rendered":"<p class=\"interview-question\">Comment est n\u00e9 le projet \u00ab\u00a0While My Guitar Gently Weeps\u00a0\u00bb\u00a0?<\/p>\n<p class=\"interview-answer\">Depuis 2019, je d\u00e9veloppe autour du concept d\u2019album \u00ab\u00a0doudou\u00a0\u00bb une d\u00e9marche liant r\u00e9cit intime et musique. D\u2019abord initi\u00e9 avec des amateurs pour le spectacle \u00ab\u00a033\u00a0000 tours\u00a0\u00bb, o\u00f9 leur parole, brute, accompagnait l\u2019\u00e9coute d\u2019un vinyle. Ce projet a tourn\u00e9 dans toute la France. Je l\u2019ai ensuite d\u00e9clin\u00e9 avec \u00ab\u00a0While My Guitar Gently Weeps\u00a0\u00bb pour des artistes professionnels. L\u2019id\u00e9e reste la m\u00eame\u00a0: les faire se raconter \u00e0 travers un disque fondateur, souvent \u00e9loign\u00e9 de leur propre style, mais en prolongeant ici le r\u00e9cit par un concert. Chaque artiste reprend alors le morceau \u00e9voqu\u00e9, qui prend une profondeur nouvelle gr\u00e2ce \u00e0 l\u2019histoire personnelle qui vient d\u2019\u00eatre livr\u00e9e.<\/p>\n<p>        <img decoding=\"async\" id=\"27390470\" src=\"https:\/\/www.europesays.com\/fr\/wp-content\/uploads\/2026\/01\/whilemyguitar-2025-copymariemonteiro-partie2-41hd-2.jpg\" alt=\"JP Nataf dans \u00ab\u00a0While My Guitar Gently Weeps\u00a0\u00bb\u00a0de Renaud Cojo.\" itemprop=\"contentURL\"\/><\/p>\n<p>    JP Nataf dans \u00ab\u00a0While My Guitar Gently Weeps\u00a0\u00bb\u00a0de Renaud Cojo.<\/p>\n<p>Marie Monteiro<\/p>\n<p>        <img decoding=\"async\" id=\"27401903\" src=\"https:\/\/www.europesays.com\/fr\/wp-content\/uploads\/2026\/01\/whilemyguitar-2025-copymariemonteiro-partie1-36hd.jpg\" alt=\"Barbara Carlotti sera \u00ab\u00a0While My Guitar Gently Weeps\u00a0\u00bb\u00a0de Renaud Cojo\/\" itemprop=\"contentURL\"\/><\/p>\n<p>    Barbara Carlotti sera \u00ab\u00a0While My Guitar Gently Weeps\u00a0\u00bb\u00a0de Renaud Cojo\/<\/p>\n<p>Marie Monteiro<\/p>\n<p class=\"interview-question\">Pourquoi choisir un album et pas un morceau\u00a0?<\/p>\n<p class=\"interview-answer\">Parce qu\u2019autrefois, on achetait un album. Aujourd\u2019hui, la musique, on l\u2019\u00e9coute sous forme de streaming ou de sons\u00a0: l\u2019\u0153uvre est constitutive de quelque chose de tr\u00e8s court, d\u00e9mat\u00e9rialis\u00e9. Ce qui m\u2019int\u00e9ressait, c\u2019\u00e9tait de revenir \u00e0 l\u2019id\u00e9e du support, donc de l\u2019\u0153uvre. Et parce que le vinyle est quand m\u00eame un objet magnifique. Un album, \u00e7a ram\u00e8ne \u00e0 l\u2019adolescence, \u00e0 des histoires personnelles, de famille aussi. J\u2019ai eu une toute jeune fille qui avait ramen\u00e9 un album de Bj\u00f6rk, parce que ses parents l\u2019\u00e9coutaient. \u00c7a \u00e9voque une nostalgie de certains groupes ou morceaux, de ce que produit la musique dans nos vies intimes.<\/p>\n<p class=\"interview-question\">Vous aussi avez un album pr\u00e9f\u00e9r\u00e9, si on en croit <a href=\"https:\/\/www.sudouest.fr\/premium\/culture\/bordeaux-david-bowie-fantome-a-l-opera-3411553.php\" target=\"_blank\" rel=\"follow noopener\">votre performance en hommage \u00e0 David Bowie&#8230;<\/a><\/p>\n<p class=\"interview-answer\">On m\u2019a pos\u00e9 50 fois la question\u00a0! D\u2019ailleurs, \u00e0 La Sir\u00e8ne \u00e0 la\u00a0Rochelle, on m\u2019a propos\u00e9 de faire une rencontre avec le public autour de cinq albums. Donc je peux donner les cinq albums que j\u2019avais choisis\u00a0: \u00ab\u00a0Diamond Dogs\u00a0\u00bb de Bowie bien \u00e9videmment\u00a0; \u00ab\u00a0L\u2019Op\u00e9ra de Quat\u2019sous\u00a0\u00bb avec Lotte Lenya, \u00ab\u00a0The Ideal Crash\u00a0\u00bb de Deus, \u00ab\u00a0Deep Sleep\u00a0\u00bb de Kid Pharaon et Charlie Haden and The Liberation Music Orchestra.<\/p>\n<p class=\"interview-question\">Qui sera sur sc\u00e8ne vendredi\u00a0?<\/p>\n<p class=\"interview-answer\">Alors il y aura tout le monde\u00a0: Mathias Malzieu, JP Nataf, Barbara Carlotti, Fran\u00e7oiz Breut, Bastien Lallemant, Lescop, Emily Loizeau, Jill Caplan\u2026 C\u2019est un casting en alternance, avec huit d\u2019entre eux \u00e0 chaque repr\u00e9sentation.<\/p>\n<p>        <img decoding=\"async\" id=\"27390471\" src=\"https:\/\/www.europesays.com\/fr\/wp-content\/uploads\/2026\/01\/whilemyguitar-2025-copymariemonteiro-partie2-12hd.jpg\" alt=\"Fran\u00e7oiz Breut dans \u00ab\u00a0While My Guitar Gently Weeps\u00a0\u00bb de Renaud Cojo.\" itemprop=\"contentURL\"\/><\/p>\n<p>    Fran\u00e7oiz Breut dans \u00ab\u00a0While My Guitar Gently Weeps\u00a0\u00bb de Renaud Cojo.<\/p>\n<p>Marie Monteiro<\/p>\n","protected":false},"excerpt":{"rendered":"Comment est n\u00e9 le projet \u00ab\u00a0While My Guitar Gently Weeps\u00a0\u00bb\u00a0? Depuis 2019, je d\u00e9veloppe autour du concept d\u2019album&hellip;\n","protected":false},"author":2,"featured_media":661866,"comment_status":"","ping_status":"","sticky":false,"template":"","format":"standard","meta":{"footnotes":""},"categories":[2817],"tags":[1111,11,1997,1777,674,1011,27,12,2219,25],"class_list":{"0":"post-661865","1":"post","2":"type-post","3":"status-publish","4":"format-standard","5":"has-post-thumbnail","7":"category-bordeaux","8":"tag-actu","9":"tag-actualites","10":"tag-bordeaux","11":"tag-eu","12":"tag-europe","13":"tag-fr","14":"tag-france","15":"tag-news","16":"tag-nouvelle-aquitaine","17":"tag-republique-francaise"},"share_on_mastodon":{"url":"https:\/\/pubeurope.com\/@fr\/115890833694619491","error":""},"_links":{"self":[{"href":"https:\/\/www.europesays.com\/fr\/wp-json\/wp\/v2\/posts\/661865","targetHints":{"allow":["GET"]}}],"collection":[{"href":"https:\/\/www.europesays.com\/fr\/wp-json\/wp\/v2\/posts"}],"about":[{"href":"https:\/\/www.europesays.com\/fr\/wp-json\/wp\/v2\/types\/post"}],"author":[{"embeddable":true,"href":"https:\/\/www.europesays.com\/fr\/wp-json\/wp\/v2\/users\/2"}],"replies":[{"embeddable":true,"href":"https:\/\/www.europesays.com\/fr\/wp-json\/wp\/v2\/comments?post=661865"}],"version-history":[{"count":0,"href":"https:\/\/www.europesays.com\/fr\/wp-json\/wp\/v2\/posts\/661865\/revisions"}],"wp:featuredmedia":[{"embeddable":true,"href":"https:\/\/www.europesays.com\/fr\/wp-json\/wp\/v2\/media\/661866"}],"wp:attachment":[{"href":"https:\/\/www.europesays.com\/fr\/wp-json\/wp\/v2\/media?parent=661865"}],"wp:term":[{"taxonomy":"category","embeddable":true,"href":"https:\/\/www.europesays.com\/fr\/wp-json\/wp\/v2\/categories?post=661865"},{"taxonomy":"post_tag","embeddable":true,"href":"https:\/\/www.europesays.com\/fr\/wp-json\/wp\/v2\/tags?post=661865"}],"curies":[{"name":"wp","href":"https:\/\/api.w.org\/{rel}","templated":true}]}}