{"id":661867,"date":"2026-01-14T01:22:12","date_gmt":"2026-01-14T01:22:12","guid":{"rendered":"https:\/\/www.europesays.com\/fr\/661867\/"},"modified":"2026-01-14T01:22:12","modified_gmt":"2026-01-14T01:22:12","slug":"previsions-du-mercredi-14-janvier-2026-5","status":"publish","type":"post","link":"https:\/\/www.europesays.com\/fr\/661867\/","title":{"rendered":"pr\u00e9visions du mercredi 14 janvier 2026"},"content":{"rendered":"<p>\u00c0 Bordeaux, les temp\u00e9ratures afficheront entre 9\u00b0C et 15\u00b0C dans la journ\u00e9e. Le matin, le soleil sera dissimul\u00e9 derri\u00e8re des nuages. Les valeurs s&rsquo;\u00e9chelonneront entre 9 et 12\u00b0C. Un vent de sud-est soufflera un peu, avec 10 km\/h. Le ciel va s&rsquo;\u00e9claircir dans l&rsquo;apr\u00e8s-midi. Les temp\u00e9ratures seront comprises entre 11 et 15\u00b0C. Il fera 10\u00b0C en moyenne le soir. Entre mercredi et jeudi, la nuit sera brumeuse.<\/p>\n<p>Demain, un beau soleil rayonnera sur Bordeaux. Une baisse des temp\u00e9ratures est attendue. Les valeurs afficheront entre 7 et 13\u00b0C. Un vent de sud-est rafra\u00eechira sensiblement l&rsquo;atmosph\u00e8re. Les temp\u00e9ratures s&rsquo;\u00e9chelonneront de 7 \u00e0 12\u00b0C sur l&rsquo;ensemble de la matin\u00e9e. Les valeurs seront de 10\u00b0C au minimum et de 13\u00b0C au maximum l&rsquo;apr\u00e8s-midi. Il faudra emporter son parapluie demain soir pour se prot\u00e9ger de la bruine. Les temp\u00e9ratures avoisineront les 10\u00b0C.<\/p>\n<p>Une am\u00e9lioration est annonc\u00e9e samedi, tandis que la journ\u00e9e de vendredi aura \u00e9t\u00e9 pluvieuse.<\/p>\n<p><\/p>\n","protected":false},"excerpt":{"rendered":"\u00c0 Bordeaux, les temp\u00e9ratures afficheront entre 9\u00b0C et 15\u00b0C dans la journ\u00e9e. Le matin, le soleil sera dissimul\u00e9&hellip;\n","protected":false},"author":2,"featured_media":661868,"comment_status":"","ping_status":"","sticky":false,"template":"","format":"standard","meta":{"footnotes":""},"categories":[2817],"tags":[1111,11,1997,1777,674,1011,27,12,2219,2119,25],"class_list":{"0":"post-661867","1":"post","2":"type-post","3":"status-publish","4":"format-standard","5":"has-post-thumbnail","7":"category-bordeaux","8":"tag-actu","9":"tag-actualites","10":"tag-bordeaux","11":"tag-eu","12":"tag-europe","13":"tag-fr","14":"tag-france","15":"tag-news","16":"tag-nouvelle-aquitaine","17":"tag-previsions-meteo","18":"tag-republique-francaise"},"share_on_mastodon":{"url":"https:\/\/pubeurope.com\/@fr\/115890837635623956","error":""},"_links":{"self":[{"href":"https:\/\/www.europesays.com\/fr\/wp-json\/wp\/v2\/posts\/661867","targetHints":{"allow":["GET"]}}],"collection":[{"href":"https:\/\/www.europesays.com\/fr\/wp-json\/wp\/v2\/posts"}],"about":[{"href":"https:\/\/www.europesays.com\/fr\/wp-json\/wp\/v2\/types\/post"}],"author":[{"embeddable":true,"href":"https:\/\/www.europesays.com\/fr\/wp-json\/wp\/v2\/users\/2"}],"replies":[{"embeddable":true,"href":"https:\/\/www.europesays.com\/fr\/wp-json\/wp\/v2\/comments?post=661867"}],"version-history":[{"count":0,"href":"https:\/\/www.europesays.com\/fr\/wp-json\/wp\/v2\/posts\/661867\/revisions"}],"wp:featuredmedia":[{"embeddable":true,"href":"https:\/\/www.europesays.com\/fr\/wp-json\/wp\/v2\/media\/661868"}],"wp:attachment":[{"href":"https:\/\/www.europesays.com\/fr\/wp-json\/wp\/v2\/media?parent=661867"}],"wp:term":[{"taxonomy":"category","embeddable":true,"href":"https:\/\/www.europesays.com\/fr\/wp-json\/wp\/v2\/categories?post=661867"},{"taxonomy":"post_tag","embeddable":true,"href":"https:\/\/www.europesays.com\/fr\/wp-json\/wp\/v2\/tags?post=661867"}],"curies":[{"name":"wp","href":"https:\/\/api.w.org\/{rel}","templated":true}]}}