{"id":661891,"date":"2026-01-14T01:36:45","date_gmt":"2026-01-14T01:36:45","guid":{"rendered":"https:\/\/www.europesays.com\/fr\/661891\/"},"modified":"2026-01-14T01:36:45","modified_gmt":"2026-01-14T01:36:45","slug":"en-direct-colere-agricole-la-fnsea-va-rester-pour-la-nuit-aux-abords-de-lassemblee","status":"publish","type":"post","link":"https:\/\/www.europesays.com\/fr\/661891\/","title":{"rendered":"EN DIRECT &#8211; Col\u00e8re agricole : la FNSEA va \u00ab\u00a0rester pour la nuit\u00a0\u00bb aux abords de l&rsquo;Assembl\u00e9e"},"content":{"rendered":"<ul class=\"jsx-862013697 ArticleChapo__List\">\n<li class=\"jsx-862013697 ArticleChapo__List_Item flex\">S\u00e9bastien Lecornu a promis aux agriculteurs qu&rsquo;il pr\u00e9senterait en mars un projet de \u00ab\u00a0loi d&rsquo;urgence\u00a0\u00bb.<\/li>\n<li class=\"jsx-862013697 ArticleChapo__List_Item flex\">Malgr\u00e9 ces annonces, la FNSEA annonce \u00ab\u00a0rester pour la nuit\u00a0\u00bb aux abords de l&rsquo;Assembl\u00e9e.<\/li>\n<li class=\"jsx-862013697 ArticleChapo__List_Item flex\">Suivez les derni\u00e8res informations.<\/li>\n<\/ul>\n<p><a href=\"https:\/\/www.tf1info.fr\/actualite\/dermatose-nodulaire-contagieuse-dnc-les-agriculteurs-mobilises-14458\/\" rel=\"noopener\" class=\"jsx-484472199 Link jsx-1428418400 jsx-1910851033\" target=\"_blank\"><\/p>\n<p style=\"font-weight:400\" class=\"jsx-1837267516\">Suivez la couverture compl\u00e8te<\/p>\n<p style=\"font-weight:800\" class=\"jsx-1837267516\">Dermatose nodulaire, Mercosur : les agriculteurs mobilis\u00e9s <\/p>\n<p><\/a>Les \u00e9l\u00e9ments marquantsLA FNSEA ET LES JA RESTENT19:57<\/p>\n<p>Malgr\u00e9 les annonces de S\u00e9bastien Lecornu, la FNSEA et leurs alli\u00e9s des Jeunes agriculteurs (JA) annoncent qu&rsquo;ils vont poursuivre leur mouvement de contestation.\u00a0<\/p>\n<p>David Greffin, vice-pr\u00e9sident de la FNSEA, a indiqu\u00e9 lors d&rsquo;une prise de parole que les tracteurs allaient rester cette nuit pour \u00ab\u00a0un dernier combat\u00a0\u00bb devant l&rsquo;Assembl\u00e9e nationale et que les agriculteurs essaieraient \u00e0 nouveau de discuter avec le Premier ministre demain.\u00a0<\/p>\n<p>Ils prendront une nouvelle d\u00e9cision mercredi matin, en fonction des retours, sur la suite de la contestation, indique David Greffin. Une d\u00e9cision applaudie par les agriculteurs sur place.<\/p>\n<p>Minute par minute<\/p>\n<p>mardi 13 janvier 2026<\/p>\n<p>LA FNSEA ENTRE SATISFACTION ET INQUI\u00c9TUDE21:09<\/p>\n<p>Sur X, la FNSEA r\u00e9agit aux annonces du Premier ministre, notamment concernant le projet de \u00ab\u00a0loi d&rsquo;urgence\u00a0\u00bb avanc\u00e9 par S\u00e9bastien Lecornu. \u00ab\u00a0Ces annonces montrent que les propositions du r\u00e9seau FNSEA r\u00e9sonnent aupr\u00e8s des d\u00e9cideurs publics\u00a0\u00bb. Le syndicat estime toutefois qu&rsquo;il faut d\u00e9sormais \u00ab\u00a0sur le terrain, que ces annonces attendues deviennent concr\u00e8tes dans les cours de ferme\u00a0\u00bb. La FNSEA s&rsquo;inqui\u00e8te notamment du fait que leur mise en \u0153uvre \u00ab\u00a0est conditionn\u00e9e au vote du budget, ce qui retarde l&rsquo;application des mesures de soutien aux secteurs en crise\u00a0\u00bb.<\/p>\n<p>\u00ab\u00a0Dans un contexte aggrav\u00e9 par la validation de l\u2019accord MERCOSUR et avec le constat qu\u2019il faudra malheureusement attendre l\u2019\u00e9lection pr\u00e9sidentielle pour changer de logiciel, la mobilisation se poursuit\u00a0\u00bb, lance \u00e9galement le syndicat, qui indique qu&rsquo;il sera pr\u00e9sent le 20 janvier \u00e0 Strasbourg pour \u00ab\u00a0interpeller les d\u00e9put\u00e9s europ\u00e9ens\u00a0\u00bb.<\/p>\n<blockquote data-testid=\"EmbedTwitter\" id=\"tweet-2011163384696160424-:Rec19lklcmj9v79m:\" class=\"jsx-aeff1a1c40f54d7a twitter-tweet flex justify-center items-center\"><p>Suite aux mobilisations engag\u00e9es depuis des semaines par les FDSEA partout en France, et aujourd\u2019hui \u00e0 Paris, le Premier ministre a annonc\u00e9 ce soir des mesures compl\u00e9mentaires \u00e0 celles pr\u00e9sent\u00e9es vendredi dernier. Ces annonces montrent que les propositions du r\u00e9seau FNSEA\u2026 \u2014 La FNSEA (@FNSEA)  January 13, 2026<\/p><\/blockquote>\n<p>LA FNSEA ET LES JA RESTENT19:57<\/p>\n<p>Malgr\u00e9 les annonces de S\u00e9bastien Lecornu, la FNSEA et leurs alli\u00e9s des Jeunes agriculteurs (JA) annoncent qu&rsquo;ils vont poursuivre leur mouvement de contestation.\u00a0<\/p>\n<p>David Greffin, vice-pr\u00e9sident de la FNSEA, a indiqu\u00e9 lors d&rsquo;une prise de parole que les tracteurs allaient rester cette nuit pour \u00ab\u00a0un dernier combat\u00a0\u00bb devant l&rsquo;Assembl\u00e9e nationale et que les agriculteurs essaieraient \u00e0 nouveau de discuter avec le Premier ministre demain.\u00a0<\/p>\n<p>Ils prendront une nouvelle d\u00e9cision mercredi matin, en fonction des retours, sur la suite de la contestation, indique David Greffin. Une d\u00e9cision applaudie par les agriculteurs sur place.<\/p>\n<p>UN \u00ab\u00a0ARBRE DE LA CONCORDE\u00a0\u00bb19:12<\/p>\n<p>La FNSEA et leurs alli\u00e9s des Jeunes agriculteurs annoncent sur X avoir plant\u00e9 un \u00ab\u00a0arbre de la Concorde\u00a0\u00bb \u00e0 c\u00f4t\u00e9 de l&rsquo;Assembl\u00e9e nationale. Un \u00ab\u00a0symbole fort de r\u00e9conciliation entre le monde agricole et le monde politique\u00a0\u00bb, assurent les JA sur leur compte, appelant \u00ab\u00a0\u00e0 partir d&rsquo;aujourd&rsquo;hui\u00a0\u00bb, les \u00ab\u00a0politiques \u00e0 venir l&rsquo;entretenir et le faire grandir\u00a0\u00bb.\u00a0<\/p>\n<blockquote data-testid=\"EmbedTwitter\" id=\"tweet-2011091437853581381-:Rec39lklcmj9v79m:\" class=\"jsx-aeff1a1c40f54d7a twitter-tweet flex justify-center items-center\"><p>\ud83c\udf33 Plantation de l\u2019arbre de la Concorde avec  @FnseaGBP , juste \u00e0 c\u00f4t\u00e9 de l\u2019 @AssembleeNat , symbole fort de r\u00e9conciliation entre le monde agricole \ud83d\ude9c\ud83c\udf3e et le monde politique \ud83c\udfdb\ufe0f! \ud83d\udc49 \u00c0 partir d\u2019aujourd\u2019hui, c\u2019est \u00e0 nos politiques de venir l\u2019entretenir et le faire grandir !! \ud83d\udca5\ud83d\udea8  pic.twitter.com\/1pIEuFe06M \u2014 JA Grand Bassin Parisien (@Ja_GBP)  January 13, 2026<\/p><\/blockquote>\n<p>ANNIE GENEVARD18:54<\/p>\n<p>Invit\u00e9e de franceinfo, la ministre de l&rsquo;Agriculture Annie Genevard est revenue sur les annonces de S\u00e9bastien Lecornu un peu plus t\u00f4t. Elle a confirm\u00e9 vouloir fixer un \u00ab\u00a0cap clair\u00a0\u00bb sur l&rsquo;eau et \u00e9claircir les r\u00e8gles sur les nitrates car \u00ab\u00a0personne n&rsquo;y comprend rien\u00a0\u00bb. Annie Genevard a \u00e9galement appel\u00e9 les agriculteurs \u00e0 participer aux prochaines \u00e9tapes. \u00ab\u00a0Cette loi d&rsquo;urgence, c&rsquo;est vous qui allez la nourrir de vos propositions\u00a0\u00bb, a-t-elle assur\u00e9.<\/p>\n<p><img decoding=\"async\" src=\"https:\/\/www.europesays.com\/fr\/wp-content\/uploads\/2026\/01\/annie-genevard-elysee-10-decembre-2025-1ba1b5-0@1x.jpeg\" alt=\"Magali Cohen \/ Hans Lucas \/ Hans Lucas via AFP\" loading=\"lazy\" importance=\"low\" fetchpriority=\"low\" class=\"\"\/>Magali Cohen \/ Hans Lucas \/ Hans Lucas via AFPLA CR EN COL\u00c8RE18:07<\/p>\n<p>De son c\u00f4t\u00e9, la Coordination rurale, longtemps moteur du mouvement, a d\u00e9nonc\u00e9 une \u00ab\u00a0diff\u00e9rence de traitement du gouvernement\u00a0\u00bb en fonction des mobilisations, alors qu&rsquo;ils avaient d\u00e9j\u00e0 manifest\u00e9 jeudi dernier\u2026 mais avec moins de r\u00e9ponse de l&rsquo;\u00c9tat. \u00ab\u00a0Nos agriculteurs ont exprim\u00e9 pacifiquement leurs dol\u00e9ances devant l\u2019Assembl\u00e9e nationale et le S\u00e9nat, mais ont subi interdictions, arr\u00eat\u00e9s, usage de la force et intimidation, alors que d\u2019autres organisations b\u00e9n\u00e9ficient d\u2019un traitement tr\u00e8s diff\u00e9rent\u00a0\u00bb, a fustig\u00e9 le syndicat dans un communiqu\u00e9.<\/p>\n<blockquote data-testid=\"EmbedTwitter\" id=\"tweet-2011094916634439737-:Rec59lklcmj9v79m:\" class=\"jsx-aeff1a1c40f54d7a twitter-tweet flex justify-center items-center\"><p>\ud83d\udd34 AGRICULTURE FRAN\u00c7AISE : LE GOUVERNEMENT DOIT RESPECTER LA D\u00c9MOCRATIE ! La  #CR d\u00e9nonce la diff\u00e9rence de traitement du Gouvernement face \u00e0 nos mobilisations de jeudi dernier \u00e0 Paris. \ud83d\udea8 Nos agriculteurs ont exprim\u00e9 pacifiquement leurs dol\u00e9ances devant l\u2019Assembl\u00e9e nationale et\u2026  pic.twitter.com\/bTc90dcuEB \u2014 Coordination Rurale (@coordinationrur)  January 13, 2026<\/p><\/blockquote>\n<p>REPRISE DES DEMANDES DE LA FNSEA18:05<\/p>\n<p>Les annonces du Premier ministre cet apr\u00e8s-midi r\u00e9pondent quasiment point par point \u00e0 des demandes de la FNSEA et des JA, alliance qui domine le syndicalisme agricole et dont les sections locales du grand bassin parisien &#8211; qui va jusqu&rsquo;au Pas-de-Calais &#8211; ont lanc\u00e9 leurs tracteurs sur Paris. La FNSEA demandait depuis plusieurs semaines \u00ab\u00a0une loi sp\u00e9ciale\u00a0\u00bb pour aborder \u00ab\u00a0la pr\u00e9dation du loup, les moyens de production et le sujet de l&rsquo;eau\u00a0\u00bb, la suspension de la directive nitrates et un moratoire sur \u00ab\u00a0l&rsquo;ensemble des sujets eau\u00a0\u00bb.<\/p>\n<p>UNE LOI D&rsquo;URGENCE : LES ANNONCES DE S\u00c9BASTIEN LECORNU16:59<\/p>\n<p>Sur X, le Premier ministre pr\u00e9cise ses annonces promises aux agriculteurs apr\u00e8s les manifestations de ce matin. Il r\u00e9p\u00e8te ainsi que \u00ab\u00a0la souverainet\u00e9 agricole ne peut pas \u00eatre un slogan. C&rsquo;est une responsabilit\u00e9 nationale. Le chef du gouvernement annonce ainsi quatre d\u00e9cisions prises \u00ab\u00a0ce jour\u00a0\u00bb et \u00ab\u00a0plusieurs r\u00e8gles\u00a0\u00bb qui \u00e9volueront \u00ab\u00a0dans les prochaines semaines\u00a0\u00bb :\u00a0<\/p>\n<ol>\n<li><strong>Une loi d&rsquo;urgence :<\/strong> S\u00e9bastien Lecornu indique avoir demand\u00e9 \u00e0 la ministre de l&rsquo;Agriculture de pr\u00e9parer \u00ab\u00a0pour le Salon de l&rsquo;agriculture une loi d&rsquo;urgence agricole autour de plusieurs priorit\u00e9s : eau, pr\u00e9dation, moyens de production\u00a0\u00bb. Un texte qui sera inscrit \u00e0 l&rsquo;ordre du jour du Conseil des ministres \u00ab\u00a0au mois de mars\u00a0\u00bb puis sera examin\u00e9 \u00ab\u00a0par le Parlement avant l&rsquo;\u00e9t\u00e9\u00a0\u00bb et devra \u00ab\u00a0associer en amont toutes les forces politiques parlementaires\u00a0\u00bb.<\/li>\n<li><strong>Le chantier de l&rsquo;eau agricole <\/strong>: le Premier ministre appelle \u00e0 fixer un \u00ab\u00a0cap clair\u00a0\u00bb sur cette question. La charge reviendra aux ministres de l&rsquo;Agriculture et de la Transition \u00e9cologique qui devront mener des consultations. En parall\u00e8le, le Premier ministre demande un \u00ab\u00a0moratoire sur toutes les d\u00e9cisions relatives aux questions de la politique de l&rsquo;eau jusqu&rsquo;\u00e0 l&rsquo;inscription en Conseil des ministres du projet de loi agricole\u00a0\u00bb. Il n&rsquo;y aura pas non plus \u00ab\u00a0d&rsquo;augmentation de la redevance pour pollutions diffuses pour le monde agricole dans le projet de loi de finances 2027\u00a0\u00bb, annonce le chef du gouvernement qui veut \u00e9galement lib\u00e9rer \u00ab\u00a0un maximum\u00a0\u00bb de projets hydrauliques agricoles bloqu\u00e9s sur les territoires.<\/li>\n<li><strong>Nitrates : <\/strong>S\u00e9bastien Lecornu estime les r\u00e8gles autour de ces substances trop \u00ab\u00a0complexes\u00a0\u00bb et ainsi \u00ab\u00a0trop souvent incomprises\u00a0\u00bb. Il se dit \u00ab\u00a0pr\u00eat \u00e0 demander \u00e0 la Commission europ\u00e9enne de faire \u00e9voluer le cadre existant\u00a0\u00bb.<\/li>\n<li><strong>Un plan \u00e0 300 millions :<\/strong> le Premier ministre pr\u00e9cise aussi que ces mesures viennent en plus des actions d\u00e9j\u00e0 prises, dont un \u00ab\u00a0plan exceptionnel\u00a0\u00bb \u00e0 \u00ab\u00a0plus de 300 millions d&rsquo;euros pour redresser notre agriculture\u00a0\u00bb. Un plan qui sera \u00ab\u00a0compl\u00e9t\u00e9 par un volet fiscal d\u00e8s ce soir\u00a0\u00bb, d\u00e9taille le chef du gouvernement, qui va proposer un \u00ab\u00a0dispositif renforc\u00e9 d&rsquo;\u00e9pargne de pr\u00e9caution\u00a0\u00bb. Le tout sera d\u00e9pos\u00e9 ce soir par voie d&rsquo;amendement qui sera soumis au vote du Parlement et pourra \u00ab\u00a0entrer en vigueur avec l&rsquo;adoption d&rsquo;un budget\u00a0\u00bb.<\/li>\n<\/ol>\n<blockquote data-testid=\"EmbedTwitter\" id=\"tweet-2011102888668352868-:Rec79lklcmj9v79m:\" class=\"jsx-aeff1a1c40f54d7a twitter-tweet flex justify-center items-center\"><p>Comme je l\u2019avais \u00e9crit dans ma lettre aux agriculteurs, la souverainet\u00e9 agricole ne peut pas n\u2019\u00eatre qu\u2019un slogan. C\u2019est une responsabilit\u00e9 nationale. Et elle appelle des d\u00e9cisions et des actes. Les mobilisations d\u2019aujourd\u2019hui expriment une demande de bon sens : trop de r\u00e8gles\u2026 \u2014 S\u00e9bastien Lecornu (@SebLecornu)  January 13, 2026<\/p><\/blockquote>\n<p>MANIFESTATION DANS LE VAR16:20<\/p>\n<p>Sur X, la pr\u00e9fecture du Var alerte sur une manifestation d&rsquo;agriculteurs pr\u00e9vue demain avec de premi\u00e8res perturbations d\u00e8s 5h30 du matin. Les participants ont pr\u00e9vu de bloquer l&rsquo;A50 dans les deux sens de circulation entre Bandol et Saint-Cyr. \u00ab\u00a0Les automobilistes ne pourront circuler que sur une seule voie de circulation, et ce dans les deux sens\u00a0\u00bb, pr\u00e9cise la pr\u00e9fecture dans un communiqu\u00e9.<\/p>\n<blockquote data-testid=\"EmbedTwitter\" id=\"tweet-2011092746291831114-:Rec89lklcmj9v79m:\" class=\"jsx-aeff1a1c40f54d7a twitter-tweet flex justify-center items-center\"><p>#Manifestation | \ud83d\udd34Ce mercredi 14 janvier, d\u00e8s 6h15 une manifestation d&rsquo;agriculteurs est annonc\u00e9e sur l&rsquo; #A50 entre Bandol et Saint-Cyr, dans les 2 sens de circulation \u2935\ufe0f \u26a0\ufe0fDes perturbations sont \u00e0 pr\u00e9voir sur ce secteur qu&rsquo;il est recommand\u00e9 d&rsquo;\u00e9viter. \u274cLa fin de la manifestation\u2026  pic.twitter.com\/lN1GtAo73O \u2014 Pr\u00e9fet du Var (@Prefet83)  January 13, 2026<\/p><\/blockquote>\n<p>MATIGNON15:57<\/p>\n<p>La r\u00e9union \u00e0 Matignon entre le Premier ministre et les repr\u00e9sentants syndicaux des agriculteurs s&rsquo;est termin\u00e9e. Aucun participant ne s&rsquo;est exprim\u00e9 \u00e0 la sortie de cette rencontre.<\/p>\n<p>COUR DE JUSTICE EUROP\u00c9ENNE ?15:25<\/p>\n<p>Au tour du d\u00e9put\u00e9 Fran\u00e7ois Ruffin d&rsquo;interpeller le gouvernement sur le Mercosur. Il d\u00e9nonce un manque de \u00ab\u00a0clart\u00e9\u00a0\u00bb dans le \u00ab\u00a0combat\u00a0\u00bb contre l&rsquo;accord de libre-\u00e9change et rappelle le vote d&rsquo;une r\u00e9solution dans l&rsquo;h\u00e9micycle d&rsquo;une r\u00e9solution pour demander \u00e0 la France de saisir la Cour de justice europ\u00e9enne. \u00ab\u00a0Nous exigeons que vous saisissiez la Cour de justice, nous exigeons que vous respectiez le vote de cette Assembl\u00e9e\u00a0\u00bb, lance-t-il, sinon \u00ab\u00a0ce sera la censure\u00a0\u00bb, avertit le d\u00e9put\u00e9.<\/p>\n<p>Ce \u00e0 quoi le ministre de l&rsquo;Europe et des Affaires \u00e9trang\u00e8res, Jean-No\u00ebl Barrot, r\u00e9pond que pour \u00ab\u00a0repousser cet accord du Mercosur, ce n&rsquo;est pas les bras ballants dans des d\u00e9clarations larmoyantes mais l&rsquo;arme au poing pour obtenir des contreparties, pour obtenir des concessions au profit de nos agriculteurs\u00a0\u00bb, fustige-t-il, citant la clause de sauvegarde \u00ab\u00a0la plus protectrice jamais ins\u00e9r\u00e9e dans un texte europ\u00e9en\u00a0\u00bb, les mesures miroirs et le renforcement des contr\u00f4les.<\/p>\n<p>Le ministre estime enfin que c&rsquo;est d\u00e9sormais au Parlement europ\u00e9en qu&rsquo;il faut aller \u00ab\u00a0mener la r\u00e9sistance, pour introduire cette demande devant la Cour de justice europ\u00e9enne et pour faire entendre la voix des groupes politiques\u00a0\u00bb.<\/p>\n<p>DES PATATES DEVANT L&rsquo;ASSEMBL\u00c9E15:11<\/p>\n<p>Dans leur action coup de poing, les tracteurs mobilis\u00e9s \u00e0 Paris d\u00e9versent plusieurs tonnes de pommes de terre devant l&rsquo;Assembl\u00e9e nationale. Lors de cette action place de la Concorde, des repr\u00e9sentants ont r\u00e9clam\u00e9 des \u00ab\u00a0mesures d\u00e8s ce soir\u00a0\u00bb alors que le Premier ministre S\u00e9bastien Lecornu doit faire des annonces dans l&rsquo;apr\u00e8s-midi face \u00e0 la crise agricole.<\/p>\n<p>Les agriculteurs d\u00e9versent des tonnes de pommes de terre pr\u00e8s de la place de la Concorde \u00e0 ParisSource : TF1 Info<\/p>\n<p><img decoding=\"async\" src=\"https:\/\/www.europesays.com\/fr\/wp-content\/uploads\/2026\/01\/les-agriculteurs-deversent-des-tonnes-de-pommes-de-terre-pres-de-la-place-de-la-concorde-a-paris-a38.jpeg\" alt=\"Les agriculteurs d\u00e9versent des tonnes de pommes de terre pr\u00e8s de la place de la Concorde \u00e0 Paris\" loading=\"lazy\" class=\"jsx-d0de44c05fe3042c PlayerLazyload__Image\"\/><img decoding=\"async\" src=\"https:\/\/www.tf1info.fr\/images\/icons\/player-logo-play.svg\" alt=\"Logo lecture\" class=\"jsx-d0de44c05fe3042c PlayerLazyload__Play\"\/>MERCOSUR15:10<\/p>\n<p>Interrog\u00e9e lors des questions au gouvernement, la ministre de l&rsquo;Agriculture, Annie Genevard d\u00e9fend l&rsquo;action\u00a0de son minist\u00e8re face au trait\u00e9 de libre-\u00e9change avec les pays du Mercosur. Elle annonce la cr\u00e9ation d&rsquo;une \u00ab\u00a0brigade de contr\u00f4le\u00a0\u00bb qui \u00ab\u00a0interviendra \u00e0 la fois sur les importations venant des ports du nord de l&rsquo;Europe et sur l&rsquo;ensemble du territoire national\u00a0\u00bb, qualifiant cette initiative \u00ab\u00a0d&rsquo;avanc\u00e9e majeure\u00a0\u00bb.<\/p>\n<p>\u00ab\u00a0Le chemin est pris, la d\u00e9termination est l\u00e0 et nous n&rsquo;allons pas cesser de progresser dans cette voie\u00a0\u00bb, affirme encore la ministre.<\/p>\n<p>LE PREMIER MINISTRE FERA \u00ab\u00a0UN DEUXI\u00c8ME TRAIN D&rsquo;ANNONCES DANS L&rsquo;APR\u00c8S-MIDI\u00a0\u00bb14:46<\/p>\n<p>La ministre de l&rsquo;Agriculture s&rsquo;exprime devant les agriculteurs venus interpeller les politiques \u00e0 Paris.\u00a0\u00ab\u00a0Je suis \u00e0 vos c\u00f4t\u00e9s, on va continuer \u00e0 travailler ensemble et le dialogue n&rsquo;est pas interrompu\u00a0\u00bb, a assur\u00e9 Annie Genevard, indiquant le Premier ministre fera \u00ab\u00a0un deuxi\u00e8me train d&rsquo;annonces dans l&rsquo;apr\u00e8s-midi\u00a0\u00bb.<\/p>\n<p>MICHEL BARNIER14:23<\/p>\n<p>L&rsquo;ancien Premier ministre s&rsquo;est exprim\u00e9 au micro de LCI ce matin, apr\u00e8s avoir \u00e9chang\u00e9 avec les agriculteurs devant l&rsquo;Assembl\u00e9e nationale.<\/p>\n<p>Michel Barnier est avec les agriculteurs devant l&rsquo;Assembl\u00e9e nationaleSource : TF1 Info<\/p>\n<p><img decoding=\"async\" src=\"https:\/\/www.europesays.com\/fr\/wp-content\/uploads\/2026\/01\/michel-barnier-est-avec-les-agriculteurs-devant-l-assemblee-nationale-fc61c8-0@1x.jpeg\" alt=\"Michel Barnier est avec les agriculteurs devant l'Assembl\u00e9e nationale\" loading=\"lazy\" importance=\"low\" fetchpriority=\"low\" class=\"\"\/><img decoding=\"async\" src=\"https:\/\/www.tf1info.fr\/images\/icons\/player-logo-play.svg\" alt=\"Logo lecture\" class=\"jsx-d0de44c05fe3042c PlayerLazyload__Play\"\/>LES \u00c9LUS \u00c0 LA RENCONTRE DES AGRICULTEURS11:50<\/p>\n<p>Plusieurs \u00e9lus \u00e9changent avec les responsables syndicaux devant l&rsquo;Assembl\u00e9e nationale. Ya\u00ebl Braun-Pivet est toujours pr\u00e9sente, comme l&rsquo;eurod\u00e9put\u00e9e Marion Mar\u00e9chal ou le s\u00e9nateur Bruno Retailleau.\u00a0Une d\u00e9l\u00e9gation de d\u00e9put\u00e9s RN est \u00e9galement sur place.<\/p>\n<p>LES AGRICULTEURS ACCEPTENT DE LEVER LE BARRAGE EMBL\u00c9MATIQUE DE L&rsquo;A6411:26<\/p>\n<p>Apr\u00e8s n\u00e9gociation avec le pr\u00e9fet de Haute-Garonne sur place, les agriculteurs des \u00ab\u00a0Ultras de l&rsquo;A64\u00a0\u00bb, qui occupent pacifiquement depuis le 12 d\u00e9cembre un barrage sur l&rsquo;autoroute Toulouse-Bayonne, \u00e0 Carbonne (Haute-Garonne), ont annonc\u00e9 mardi qu&rsquo;ils allaient \u00ab\u00a0lever le barrage\u00a0\u00bb, a appris l&rsquo;AFP des responsables de ce mouvement agricole Benjamin Asna et Bertrand Loup.<\/p>\n<p>YA\u00cbL BRAUN-PIVET \u00c9CHANGE AVEC LES AGRICULTEURS11:17<\/p>\n<p>La pr\u00e9sidente de l&rsquo;Assembl\u00e9e nationale est \u00e0 la rencontre des repr\u00e9sentants syndicaux nationaux devant le Palais Bourbon. \u00ab\u00a0Il ne faut pas \u00eatre \u00e9lu si on redoute le dialogue\u00a0\u00bb, a d\u00e9clar\u00e9 Ya\u00ebl Braun-Pivet \u00e0 notre micro, une semaine apr\u00e8s avoir \u00e9t\u00e9 tr\u00e8s chahut\u00e9e par des agriculteurs rattach\u00e9s \u00e0 la Coordination rurale. Elle a annonc\u00e9 une s\u00e9ance publique le 11 f\u00e9vrier concern\u00e9e \u00e0 l&rsquo;application des lois dans l&rsquo;agriculture.\u00a0<\/p>\n<blockquote data-testid=\"EmbedTwitter\" id=\"tweet-2011021840404389907-:Rech9lklcmj9v79m:\" class=\"jsx-aeff1a1c40f54d7a twitter-tweet flex justify-center items-center\"><p>Yael Braun Pivet devant l&rsquo;Assembl\u00e9e nationale avec Arnaud Rousseau le pr\u00e9sident de la FNSEA #directAN @lci pic.twitter.com\/Gdvx58Q50k \u2014 Fr\u00e9d\u00e9ric Delpech (@fredericdelpech)  January 13, 2026<\/p><\/blockquote>\n<p>LES AGRICULTEURS RE\u00c7US \u00c0 MATIGNON \u00c0 14H11:14<\/p>\n<p>Les agriculteurs seront re\u00e7us par le Premier ministre S\u00e9bastien Lecornu \u00e0 Matignon \u00e0 14 heures, a appris TF1-LCI. Arnaud Rousseau, le pr\u00e9sident de la FNSEA, vient de le confirmer dans sa prise de parole devant l&rsquo;Assembl\u00e9e nationale.<\/p>\n<p>PAS DE BOVIN AU SALON DE L&rsquo;AGRICULTURE11:13<\/p>\n<p>Aucun bovin au Salon de l&rsquo;agriculture 2026 en raison de la dermatose nodulaire, ont annonc\u00e9 ce mardi les organisateurs. C&rsquo;est \u00ab\u00a0un coup dur pour le salon\u00a0\u00bb, selon son pr\u00e9sident J\u00e9r\u00f4me Despey.<\/p>\n<p>Sujets de soci\u00e9t\u00e9<img decoding=\"async\" src=\"https:\/\/www.europesays.com\/fr\/wp-content\/uploads\/2026\/01\/vaches-salon-agriculture-410c05-0@1x.jpeg\" alt=\"Salon de l'agriculture : pour la premi\u00e8re fois, aucun bovin ne sera pr\u00e9sent en raison de la dermatose\" loading=\"lazy\" importance=\"low\" fetchpriority=\"low\" class=\"\" aria-hidden=\"true\"\/><\/p>\n<p>Publi\u00e9 hier \u00e0 10h58<\/p>\n<p>400 MANIFESTANTS ET 353 TRACTEURS \u00c0 PARIS10:27<\/p>\n<p>\u00c0 10 heures, 353 tracteurs sont positionn\u00e9s sur le quai d&rsquo;Orsay, entre le pont de l&rsquo;Alma et le pont de la Concorde, indique la pr\u00e9fecture de Police \u00e0 TF1-LCI. Pr\u00e8s de 400 manifestants sont \u00e9galement rassembl\u00e9s aux abords de l&rsquo;Assembl\u00e9e nationale selon les autorit\u00e9s, qui n&rsquo;ont signal\u00e9 aucun incident \u00e0 ce stade.<\/p>\n<p><img decoding=\"async\" src=\"https:\/\/www.europesays.com\/fr\/wp-content\/uploads\/2026\/01\/tracteurs-paris-manifestation-fnsea-ja-13-janvier-2026-289117-1@1x.jpeg\" alt=\"Des tracteurs de la FNSEA et des JA sont entr\u00e9s dans Paris mardi 13 janvier 2025. - AFP \/ GEOFFROY VAN DER HASSELT \" loading=\"lazy\" importance=\"low\" fetchpriority=\"low\" class=\"\"\/>Des tracteurs de la FNSEA et des JA sont entr\u00e9s dans Paris mardi 13 janvier 2025. &#8211; AFP \/ GEOFFROY VAN DER HASSELT \u00ab\u00a0ON NE BOUGERA PAS D&rsquo;ICI TANT QU&rsquo;ON N&rsquo;AURA PAS \u00c9T\u00c9 RE\u00c7US ET ENTENDUS\u00a0\u00bb10:22<\/p>\n<p>Les agriculteurs venus manifester mardi matin \u00e0 Paris, avec au moins 350 tracteurs, n&rsquo;en bougeront pas tant que leurs demandes n&rsquo;auront pas \u00e9t\u00e9 \u00ab\u00a0entendues\u00a0\u00bb, a averti l&rsquo;un des vice-pr\u00e9sidents du syndicat FNSEA, organisateur de ce mouvement.<\/p>\n<p>\u00ab\u00a0La r\u00e9volte paysanne red\u00e9marre aujourd&rsquo;hui et nous resterons ici jusqu&rsquo;\u00e0 ce qu&rsquo;on ait des r\u00e9ponses. On demande \u00e0 \u00eatre re\u00e7us par le Premier ministre. On ne bougera pas d&rsquo;ici tant qu&rsquo;on n&rsquo;aura pas \u00e9t\u00e9 re\u00e7us et entendus\u00a0\u00bb, a d\u00e9clar\u00e9 \u00e0 ses troupes Damien Greffin, \u00e9galement responsable du syndicat pour le grand bassin parisien.<\/p>\n<p> \u00ab\u00a0LA R\u00c9VOLTE PAYSANNE REPREND\u00a0\u00bb09:53<\/p>\n<p>Les premiers tracteurs sont arriv\u00e9s vers 7 heures devant l&rsquo;Assembl\u00e9e nationale ce matin. \u00ab\u00a0La r\u00e9volte paysanne reprend\u00a0\u00bb, peut-on lire sur une banderole d\u00e9ploy\u00e9e, tandis que des prises de parole sont en cours en milieu de matin\u00e9e, avant une distribution de galette des rois.\u00a0<\/p>\n<p>\u00ab\u00a0Pas de pays sans paysan\u00a0\u00bb, \u00ab\u00a0pas de paysan =&gt; pas d&rsquo;alimentation\u00a0\u00bb, peut-on \u00e9galement lire sur un panneau accroch\u00e9 \u00e0 l&rsquo;un des tracteurs entr\u00e9s dans Paris.<\/p>\n<p><img decoding=\"async\" src=\"https:\/\/www.europesays.com\/fr\/wp-content\/uploads\/2026\/01\/agriculteurs-assemblee-nationale-13-janvier-93c7ab-0@1x.jpeg\" alt=\"GEOFFROY VAN DER HASSELT \/ AFP\" loading=\"lazy\" importance=\"low\" fetchpriority=\"low\" class=\"\"\/>GEOFFROY VAN DER HASSELT \/ AFPJ\u00c9R\u00d4ME BAYLE SUR LCI09:29<\/p>\n<p>L&rsquo;\u00e9leveur de bovins et militant agricole, qui a particip\u00e9 au blocage de l&rsquo;A64, est pass\u00e9 en direct sur LCI.\u00a0Apr\u00e8s avoir pu discuter avec le pr\u00e9fet de la r\u00e9gion Occitanie, qui leur a annonc\u00e9 une \u00ab\u00a0aide exceptionnelle pour le territoire fran\u00e7ais de quatre euros l&rsquo;hectare\u00a0\u00bb, J\u00e9r\u00f4me Bayle d\u00e9nonce \u00ab\u00a0du gros foutage de gueule\u00a0\u00bb. \u00ab\u00a0Ils veulent simplement que les agriculteurs fran\u00e7ais disparaissent\u00a0\u00bb, d\u00e9clare-t-il, avouant ne rien esp\u00e9rer obtenir, si ce n&rsquo;est \u00ab\u00a0se faire d\u00e9gager de l&rsquo;autoroute comme des malpropres\u00a0\u00bb. \u00a0<\/p>\n<p>Agriculteurs d\u00e9log\u00e9s sur l&rsquo;A64 : J\u00e9r\u00f4me Bayle en direct sur LCISource : TF1 Info<\/p>\n<p><img decoding=\"async\" src=\"https:\/\/www.europesays.com\/fr\/wp-content\/uploads\/2026\/01\/agriculteurs-deloges-sur-l-a64-jerome-bayle-en-direct-sur-lci-70fc4a-0@1x.jpeg\" alt=\"Agriculteurs d\u00e9log\u00e9s sur l'A64 : J\u00e9r\u00f4me Bayle en direct sur LCI\" loading=\"lazy\" importance=\"low\" fetchpriority=\"low\" class=\"\"\/><img decoding=\"async\" src=\"https:\/\/www.tf1info.fr\/images\/icons\/player-logo-play.svg\" alt=\"Logo lecture\" class=\"jsx-d0de44c05fe3042c PlayerLazyload__Play\"\/>\u00c9VACUATION SOUS TENSION SUR L&rsquo;A6408:44<\/p>\n<p>Install\u00e9s depuis plus d&rsquo;un mois sur l&rsquo;autoroute au niveau de Carbonne (Haute-Garonne), les \u00ab\u00a0Ultras de l&rsquo;A64\u00a0\u00bb ont \u00e9t\u00e9 d\u00e9log\u00e9s cette nuit par les forces de l&rsquo;ordre comme le montrent ces images de notre journaliste Juliette Bisiaux. \u00a0Toutefois, notre envoy\u00e9e sp\u00e9ciale Enza Benocci indique que les agriculteurs ne veulent pas bouger avant de pouvoir n\u00e9gocier avec le pr\u00e9fet, et ils proc\u00e8dent \u00e0 un sit-in sur un rond-point \u00e0 proximit\u00e9 de l&rsquo;axe routier.\u00a0<\/p>\n<p>A64 : les agriculteurs d\u00e9log\u00e9s par les forces de l&rsquo;ordreSource : TF1 Info<\/p>\n<p><img decoding=\"async\" src=\"https:\/\/www.europesays.com\/fr\/wp-content\/uploads\/2026\/01\/a64-les-agriculteurs-deloges-par-les-forces-de-l-ordre-ad4f56-0@1x.jpeg\" alt=\"A64 : les agriculteurs d\u00e9log\u00e9s par les forces de l'ordre\" loading=\"lazy\" importance=\"low\" fetchpriority=\"low\" class=\"\"\/><img decoding=\"async\" src=\"https:\/\/www.tf1info.fr\/images\/icons\/player-logo-play.svg\" alt=\"Logo lecture\" class=\"jsx-d0de44c05fe3042c PlayerLazyload__Play\"\/>\u00ab\u00a0UNE AGRICULTURE FRAN\u00c7AISE PRODUCTIVE ET COMP\u00c9TITIVE\u00a0\u00bb08:19<\/p>\n<p>\u00ab\u00a0On veut mettre la pression sur nos parlementaires, mais surtout sur notre gouvernement pour qu\u2019on puisse enfin avoir des r\u00e9ponses \u00e0 nos revendications\u00a0\u00bb, explique Fr\u00e9d\u00e9ric Arnould, secr\u00e9taire de la FDSEA d\u2019\u00cele-de-France, au micro de TF1. Selon lui, les agriculteurs demandent notamment \u00ab\u00a0un cap\u00a0\u00bb et des mesures pour avoir une \u00ab\u00a0agriculture productive et comp\u00e9titive pour avoir un revenu\u00a0\u00bb.<\/p>\n<p>Les agriculteurs sont devant l&rsquo;Assembl\u00e9e nationaleSource : TF1 Info<\/p>\n<p><img decoding=\"async\" src=\"https:\/\/www.europesays.com\/fr\/wp-content\/uploads\/2026\/01\/les-agriculteurs-sont-devant-l-assemblee-nationale-2cfb76-0@1x.jpeg\" alt=\"Les agriculteurs sont devant l'Assembl\u00e9e nationale\" loading=\"lazy\" importance=\"low\" fetchpriority=\"low\" class=\"\"\/><img decoding=\"async\" src=\"https:\/\/www.tf1info.fr\/images\/icons\/player-logo-play.svg\" alt=\"Logo lecture\" class=\"jsx-d0de44c05fe3042c PlayerLazyload__Play\"\/>LE BARRAGE DE L&rsquo;A64 EN COURS DE D\u00c9MANT\u00c8LEMENT PAR LES FORCES DE L&rsquo;ORDRE08:06<\/p>\n<p>Le barrage que tiennent les agriculteurs depuis un mois sur l&rsquo;A64 pr\u00e8s de Toulouse est en cours de d\u00e9mant\u00e8lement mardi matin par les forces de l&rsquo;ordre. \u00ab\u00a0Nous sommes encercl\u00e9s par les gendarmes\u00a0\u00bb, a d\u00e9clar\u00e9 par t\u00e9l\u00e9phone \u00e0 l&rsquo;AFP J\u00e9r\u00f4me Bayle, porte-voix des \u00ab\u00a0Ultras de l&rsquo;A64\u00a0\u00bb qui tiennent ce barrage depuis le 12 d\u00e9cembre. Les blind\u00e9s des forces de l&rsquo;ordre d\u00e9ploy\u00e9s en nombre \u00e0 partir de 4 heures du matin, maintiennent les journalistes \u00e0 l&rsquo;\u00e9cart du barrage.\u00a0<\/p>\n<p>MAUD BREGEON08:04<\/p>\n<p>Face \u00e0 la nouvelle manifestation d\u00e9clar\u00e9e des agriculteurs, la porte-parole du gouvernement a \u00e9galement rappel\u00e9 sur TF1 les annonces d\u00e9j\u00e0 faites par S\u00e9bastien Lecornu comme l&rsquo;importation des produits qui contiennent des substances interdites en France.<\/p>\n<p>\u00ab\u00a0Je voudrais simplement rappeler ce matin qu&rsquo;on ne s&rsquo;est pas r\u00e9veill\u00e9 la semaine derni\u00e8re en prenant en compte ces demandes des agriculteurs. La loi d&rsquo;orientation agricole a \u00e9t\u00e9 vot\u00e9e l&rsquo;ann\u00e9e derni\u00e8re et l&rsquo;ensemble des engagements pris par Gabriel Attal d\u00e9but 2024, comme le contr\u00f4le administratif unique, ont \u00e9t\u00e9 suivis par Annie Genevard\u00a0\u00bb, a ajout\u00e9 Maud Bregeon sur le plateau de \u00ab\u00a0Bonjour! La matinale TF1\u00a0\u00bb.<\/p>\n<p>Sujets de soci\u00e9t\u00e9<img decoding=\"async\" src=\"https:\/\/www.europesays.com\/fr\/wp-content\/uploads\/2026\/01\/avocats-amerique-du-sud-965eed-0@1x.jpeg\" alt=\"La France suspend les importations de produits trait\u00e9s avec des substances interdites dans l'UE\" loading=\"lazy\" importance=\"low\" fetchpriority=\"low\" class=\"\" aria-hidden=\"true\"\/><\/p>\n<p>Publi\u00e9 le 7 janvier 2026 \u00e0 10h20<\/p>\n<p>350 TRACTEURS ARRIV\u00c9S \u00c0 PARIS07:57<\/p>\n<p>Tous les tracteurs attendus (environ 350) sont entr\u00e9s dans Paris, indique \u00e0 7h50 la pr\u00e9fecture de Police \u00e0 TF1-LCI. Les derniers arriv\u00e9s par la Porte Dauphine sont en direction du Quai d&rsquo;Orsay, o\u00f9 se trouvent d\u00e9j\u00e0 250 tracteurs.<\/p>\n<p>\u00ab\u00a0LE DIALOGUE CONTINUE\u00a0\u00bb AVEC LES AGRICULTEURS07:56<\/p>\n<p>\u00ab\u00a0Ce qui a \u00e9t\u00e9 mis sur la table par le gouvernement n&rsquo;est pas pour solde tout compte\u00a0\u00bb, a r\u00e9pondu la porte-parole du gouvernement Maud Bregeon dans \u00ab\u00a0Bonjour! La matinale TF1\u00a0\u00bb. Mais \u00ab\u00a0le dialogue et les \u00e9changes continuent et on doit pouvoir continuer \u00e0 avancer\u00a0\u00bb avec les agriculteurs, a-t-elle a ajout\u00e9, listant le Mercosur mais aussi de nombreuses questions qui impactent la profession, comme \u00ab\u00a0la transmission, les revenus, l&rsquo;eau, l&rsquo;adaptation au changement climatique&#8230;\u00a0\u00bb \u00ab\u00a0La liste est \u00e9videmment non exhaustive\u00a0\u00bb, a-t-elle compl\u00e9t\u00e9, lorsque Adrien Gindre lui a demand\u00e9 si de nouvelles mesures allaient \u00eatre prises par le gouvernement.<\/p>\n<p>LES PREMIERS TRACTEURS ARRIV\u00c9S AU QUAI D&rsquo;ORSAY07:13<\/p>\n<p>Les premiers tracteurs sont arriv\u00e9s en klaxonnant devant l&rsquo;Assembl\u00e9e nationale comme le montre ce reportage de \u00ab\u00a0Bonjour! La matinale TF1\u00a0\u00bb. Les agriculteurs demandent des mesurent concr\u00e8tes vers la souverainet\u00e9 alimentaire.<\/p>\n<p>Col\u00e8re agricole : les tracteurs de retour dans ParisSource : TF1 Info<\/p>\n<p><img decoding=\"async\" src=\"https:\/\/www.europesays.com\/fr\/wp-content\/uploads\/2026\/01\/colere-agricole-les-tracteurs-de-retour-dans-paris-f57027-0@1x.jpeg\" alt=\"Col\u00e8re agricole : les tracteurs de retour dans Paris\" loading=\"lazy\" importance=\"low\" fetchpriority=\"low\" class=\"\"\/><img decoding=\"async\" src=\"https:\/\/www.tf1info.fr\/images\/icons\/player-logo-play.svg\" alt=\"Logo lecture\" class=\"jsx-d0de44c05fe3042c PlayerLazyload__Play\"\/>350 TRACTEURS ATTENDUS \u00c0 PARIS07:08<\/p>\n<p>150 tracteurs sont d&rsquo;ores et d\u00e9j\u00e0 entr\u00e9s dans Paris par la Porte Dauphine et se dirigent vers le Quai d&rsquo;Orsay, a indiqu\u00e9 \u00e0 TF1-LCI la pr\u00e9fecture de Police, qui n&rsquo;a relev\u00e9 aucun incident.<\/p>\n<p>\u00c0 cette heure, environ 350 tracteurs recens\u00e9s au total pour participer \u00e0 la manifestation \u00e0 Paris, en provenance du Nord de la France, de l&rsquo;Eure-et-Loir, du Loiret et des d\u00e9partements de grande couronne, pr\u00e9cisent les autorit\u00e9s.<\/p>\n<p>CIRCULATION COUP\u00c9E07:04<\/p>\n<p>\u00ab\u00a0Le pont de la Concorde et le quai d&rsquo;Orsay seront ferm\u00e9s \u00e0 la circulation pendant toute la dur\u00e9e du rassemblement\u00a0\u00bb, soit \u00ab\u00a0jusqu&rsquo;aux environs de 18 heures\u00a0\u00bb, a indiqu\u00e9 lundi soir la pr\u00e9fecture de Police de Paris.<\/p>\n<blockquote data-testid=\"EmbedTwitter\" id=\"tweet-2010808947759018331-:Red09lklcmj9v79m:\" class=\"jsx-aeff1a1c40f54d7a twitter-tweet flex justify-center items-center\"><p>Dispositif de s\u00e9curisation et de circulation mis en place par la pr\u00e9fecture de Police \u00e0 l\u2019occasion de la manifestation d\u00e9clar\u00e9e par les agriculteurs de la FNSEA le 13 janvier 2026. Consultez notre communiqu\u00e9 de presse \ud83d\udc47  pic.twitter.com\/AC175ZGZjV \u2014 Pr\u00e9fecture de Police (@prefpolice)  January 12, 2026<\/p><\/blockquote>\n<p>\u00ab\u00a0ALLER VOIR NOS POLITIQUES\u00a0\u00bb06:31<\/p>\n<p>Plusieurs convois de tracteurs convergent vers le p\u00e9riph\u00e9rique parisien. \u00ab\u00a0On va se diriger vers les lieux de pouvoir pour aller voir nos politiques\u00a0\u00bb, explique l&rsquo;un d&rsquo;entre eux \u00e0 notre reporter sur place.<\/p>\n<p>Des tracteurs de nouveau en route pour Paris Source : TF1 Info<\/p>\n<p><img decoding=\"async\" src=\"https:\/\/www.europesays.com\/fr\/wp-content\/uploads\/2026\/01\/des-tracteurs-de-nouveau-en-route-pour-paris-b7c269-0@1x.jpeg\" alt=\"Des tracteurs de nouveau en route pour Paris \" loading=\"lazy\" importance=\"low\" fetchpriority=\"low\" class=\"\"\/><img decoding=\"async\" src=\"https:\/\/www.tf1info.fr\/images\/icons\/player-logo-play.svg\" alt=\"Logo lecture\" class=\"jsx-d0de44c05fe3042c PlayerLazyload__Play\"\/>DES TRACTEURS DANS PARIS 06:22<\/p>\n<p>Des tracteurs de la FNSEA et des Jeunes Agriculteurs sont entr\u00e9s dans Paris mardi peu avant 6h, premiers arriv\u00e9s de larges convois qui devraient voir d\u00e9barquer une centaine de tracteurs dans la capitale.<\/p>\n<p>Entr\u00e9s par Porte Dauphine, les tracteurs, escort\u00e9s par des camions de CRS, doivent parcourir de grandes art\u00e8res de Paris dont l&rsquo;avenue des Champs-Elys\u00e9es jusqu&rsquo;\u00e0 un rassemblement quai d&rsquo;Orsay.<\/p>\n<p>L&rsquo;action a lieu \u00e0 l&rsquo;initiative de la FRSEA Grand bassin parisien, une entit\u00e9 englobant l&rsquo;Ile-de-France et des d\u00e9partements de r\u00e9gions voisines, pour exiger des \u00ab\u00a0actes concrets et imm\u00e9diats\u00a0\u00bb pour d\u00e9fendre la souverainet\u00e9 alimentaire. Cette \u00e9tape intervient quelques jours \u00e0 peine apr\u00e8s les actions coup de poing de la Coordination rurale et de la Conf\u00e9d\u00e9ration paysanne.<\/p>\n<p>06:21<\/p>\n<p>Bonjour \u00e0 toutes et \u00e0 tous, bienvenue dans ce live, nous allons suivre ensemble les nouvelles manifestations d&rsquo;agriculteurs en col\u00e8re ce mardi 13 janvier 2026. Alors qu&rsquo;ils protestent toujours contre le trait\u00e9 de libre-\u00e9change avec le Mercosur et la gestion de la dermatose nodulaire contagieuse, des actions sont notamment pr\u00e9vues \u00e0 Paris.\u00a0<\/p>\n<p data-module=\"article-paragraph\" class=\"jsx-157965717 Paragraph Paragraph__End\">La col\u00e8re ne redescend pas chez les agriculteurs. Alors que les sujets d&rsquo;opposition avec le gouvernement continuent de s&rsquo;accumuler &#8211; autour de l&rsquo;accord sign\u00e9 avec les pays du <a href=\"https:\/\/www.tf1info.fr\/international\/video-accord-commercial-ue-union-europeenne-mercosur-c-est-le-jackpot-total-pour-ces-secteurs-analyse-nicolas-doze-sur-lci-2418117.html\" target=\"_blank\" rel=\"noopener\">Mercosur<\/a> et la gestion de la <a href=\"https:\/\/www.tf1info.fr\/societe\/dermatose-bovine-nodulaire-contagieuse-l-epidemie-est-sous-controle-annonce-la-ministre-de-l-agriculture-annie-genevard-2418194.html\" target=\"_blank\" rel=\"noopener\">dermatose nodulaire contagieuse <\/a>(DNC) bovine -, les syndicats agricoles poursuivent leur mobilisation.\u00a0<\/p>\n<p data-module=\"article-paragraph\" class=\"jsx-157965717 Paragraph Paragraph__End\">Un rassemblement massif est ainsi pr\u00e9vu \u00e0 Paris, mardi 13 janvier, \u00e0 l&rsquo;initiative de la F\u00e9d\u00e9ration r\u00e9gionale des syndicats d&rsquo;exploitants agricoles (<a href=\"https:\/\/www.frseaif.fr\/blog\" rel=\"nofollow noopener\" target=\"_blank\">FRSEA<\/a>) d&rsquo;\u00cele-de-France afin d&rsquo;exiger des \u00ab\u00a0actes concrets et imm\u00e9diats\u00a0\u00bb pour d\u00e9fendre une souverainet\u00e9 alimentaire \u00ab\u00a0en danger\u00a0\u00bb. Il doit se tenir place de la Concorde. Les manifestants, en provenance du Nord, du Pas-de-Calais, de la Somme et de l&rsquo;Oise, seront sur place \u00ab\u00a0vers 6-7 heures\u00a0\u00bb du matin, affirme Beno\u00eet Raux, secr\u00e9taire g\u00e9n\u00e9ral de la FDSEA du Nord, \u00e0 l&rsquo;AFP. \u00ab\u00a0Environ 250 tracteurs\u00a0\u00bb sont attendus pour l&rsquo;occasion.<\/p>\n<p><a href=\"https:\/\/www.tf1info.fr\/societe\/colere-agricole-comment-les-agriculteurs-se-sont-ils-fraye-un-chemin-au-coeur-de-paris-2417438.html\" rel=\"noopener\" class=\"jsx-3308031228 Link flex\" target=\"_blank\"><img decoding=\"async\" src=\"https:\/\/www.europesays.com\/fr\/wp-content\/uploads\/2026\/01\/arc-de-triomphe-agriculteurs-552b33-0@1x.jpeg\" alt=\"Thomas SAMSON \/ AFP\" loading=\"lazy\" importance=\"low\" fetchpriority=\"low\" class=\"\" aria-hidden=\"true\"\/><\/p>\n<p class=\"jsx-3657663356 ReadMoreArticle__Title\">Lire aussi<\/p>\n<p class=\"jsx-3657663356\">Col\u00e8re agricole : comment les agriculteurs se sont-ils fray\u00e9 un chemin au c\u0153ur de Paris ?<\/p>\n<p><\/a><\/p>\n<p data-module=\"article-paragraph\" class=\"jsx-157965717 Paragraph Paragraph__End\">\u00c0 l&rsquo;approche de la signature de l&rsquo;accord UE-Mercosur (Argentine, Br\u00e9sil, Paraguay, Uruguay) samedi au Paraguay, les actions d&rsquo;agriculteurs qui y sont oppos\u00e9s perdurent dans l&rsquo;Hexagone. Les partisans de ce texte le jugent essentiel pour stimuler les exportations, soutenir l&rsquo;\u00e9conomie du continent et renforcer les liens diplomatiques dans un contexte d&rsquo;incertitude mondiale. Mais pour ses d\u00e9tracteurs, ce trait\u00e9 va bousculer l&rsquo;agriculture europ\u00e9enne avec des produits import\u00e9s d&rsquo;Am\u00e9rique latine moins chers et pas forc\u00e9ment respectueux des normes de l&rsquo;UE, faute de contr\u00f4les suffisants.\u00a0<\/p>\n<p>La r\u00e9daction de TF1info<\/p>\n<p>Sur le <br \/><strong> m\u00eame th\u00e8me<\/strong><\/p>\n<p><a href=\"https:\/\/www.tf1info.fr\/actualite\/dermatose-nodulaire-contagieuse-dnc-les-agriculteurs-mobilises-14458\/\" rel=\"noopener\" class=\"jsx-484472199 Link jsx-1428418400 jsx-1910851033\" target=\"_blank\"><\/p>\n<p>Sujets de soci\u00e9t\u00e9Dermatose nodulaire, Mercosur : les agriculteurs mobilis\u00e9s <\/p>\n<p><\/a>Voir plus\u00a0&#8211; Afficher tout<\/p>\n<p>Tout <br \/><strong> TF1 Info<\/strong><\/p>\n<p>Les + lusDerni\u00e8re minuteTendanceDerni\u00e8res vid\u00e9os<\/p>\n<ol class=\"jsx-95874d8574924d6f jsx-313948521 AllNews__List AllNews__List--visible\">\n<li data-testid=\"AllNewsItem\" class=\"jsx-2e8fe6ce4c477ce7 AllNewsItem \"\/>\n<li data-testid=\"AllNewsItem\" class=\"jsx-2e8fe6ce4c477ce7 AllNewsItem \"\/>\n<li data-testid=\"AllNewsItem\" class=\"jsx-2e8fe6ce4c477ce7 AllNewsItem \"\/>\n<li data-testid=\"AllNewsItem\" class=\"jsx-2e8fe6ce4c477ce7 AllNewsItem \"\/>\n<li data-testid=\"AllNewsItem\" class=\"jsx-2e8fe6ce4c477ce7 AllNewsItem \"\/>\n<li data-testid=\"AllNewsItem\" class=\"jsx-2e8fe6ce4c477ce7 AllNewsItem AllNewsItem__Hidden\"\/>\n<li data-testid=\"AllNewsItem\" class=\"jsx-2e8fe6ce4c477ce7 AllNewsItem AllNewsItem__Hidden\"\/>\n<li data-testid=\"AllNewsItem\" class=\"jsx-2e8fe6ce4c477ce7 AllNewsItem AllNewsItem__Hidden\"\/>\n<li data-testid=\"AllNewsItem\" class=\"jsx-2e8fe6ce4c477ce7 AllNewsItem AllNewsItem__Hidden\"\/>\n<li data-testid=\"AllNewsItem\" class=\"jsx-2e8fe6ce4c477ce7 AllNewsItem AllNewsItem__Hidden\"\/>Voir plus d&rsquo;actualit\u00e9s\u00a0&#8211; Afficher tout<\/ol>\n<ol class=\"jsx-95874d8574924d6f jsx-313948521 AllNews__List\">\n<li data-testid=\"AllNewsItem\" class=\"jsx-2e8fe6ce4c477ce7 AllNewsItem \"\/>\n<li data-testid=\"AllNewsItem\" class=\"jsx-2e8fe6ce4c477ce7 AllNewsItem \"\/>\n<li data-testid=\"AllNewsItem\" class=\"jsx-2e8fe6ce4c477ce7 AllNewsItem \"\/>\n<li data-testid=\"AllNewsItem\" class=\"jsx-2e8fe6ce4c477ce7 AllNewsItem \"\/>\n<li data-testid=\"AllNewsItem\" class=\"jsx-2e8fe6ce4c477ce7 AllNewsItem \"\/>\n<li data-testid=\"AllNewsItem\" class=\"jsx-2e8fe6ce4c477ce7 AllNewsItem AllNewsItem__Hidden\"\/>\n<li data-testid=\"AllNewsItem\" class=\"jsx-2e8fe6ce4c477ce7 AllNewsItem AllNewsItem__Hidden\"\/>\n<li data-testid=\"AllNewsItem\" class=\"jsx-2e8fe6ce4c477ce7 AllNewsItem AllNewsItem__Hidden\"\/>\n<li data-testid=\"AllNewsItem\" class=\"jsx-2e8fe6ce4c477ce7 AllNewsItem AllNewsItem__Hidden\"\/>\n<li data-testid=\"AllNewsItem\" class=\"jsx-2e8fe6ce4c477ce7 AllNewsItem AllNewsItem__Hidden\"\/>Voir plus d&rsquo;actualit\u00e9s\u00a0&#8211; Afficher tout<\/ol>\n<ol class=\"jsx-95874d8574924d6f jsx-313948521 AllNews__List\">\n<li data-testid=\"AllNewsItem\" class=\"jsx-2e8fe6ce4c477ce7 AllNewsItem \"\/>\n<li data-testid=\"AllNewsItem\" class=\"jsx-2e8fe6ce4c477ce7 AllNewsItem \"\/>\n<li data-testid=\"AllNewsItem\" class=\"jsx-2e8fe6ce4c477ce7 AllNewsItem \"\/>\n<li data-testid=\"AllNewsItem\" class=\"jsx-2e8fe6ce4c477ce7 AllNewsItem \"\/>\n<li data-testid=\"AllNewsItem\" class=\"jsx-2e8fe6ce4c477ce7 AllNewsItem \"\/>\n<li data-testid=\"AllNewsItem\" class=\"jsx-2e8fe6ce4c477ce7 AllNewsItem AllNewsItem__Hidden\"\/>\n<li data-testid=\"AllNewsItem\" class=\"jsx-2e8fe6ce4c477ce7 AllNewsItem AllNewsItem__Hidden\"\/>\n<li data-testid=\"AllNewsItem\" class=\"jsx-2e8fe6ce4c477ce7 AllNewsItem AllNewsItem__Hidden\"\/>\n<li data-testid=\"AllNewsItem\" class=\"jsx-2e8fe6ce4c477ce7 AllNewsItem AllNewsItem__Hidden\"\/>\n<li data-testid=\"AllNewsItem\" class=\"jsx-2e8fe6ce4c477ce7 AllNewsItem AllNewsItem__Hidden\"\/>Voir plus d&rsquo;actualit\u00e9s\u00a0&#8211; Afficher tout<\/ol>\n<ol class=\"jsx-95874d8574924d6f jsx-313948521 AllNews__List\">\n<li data-testid=\"AllNewsItem\" class=\"jsx-2e8fe6ce4c477ce7 AllNewsItem \"\/>\n<li data-testid=\"AllNewsItem\" class=\"jsx-2e8fe6ce4c477ce7 AllNewsItem \"\/>\n<li data-testid=\"AllNewsItem\" class=\"jsx-2e8fe6ce4c477ce7 AllNewsItem \"\/>\n<li data-testid=\"AllNewsItem\" class=\"jsx-2e8fe6ce4c477ce7 AllNewsItem \"\/>\n<li data-testid=\"AllNewsItem\" class=\"jsx-2e8fe6ce4c477ce7 AllNewsItem \"\/>\n<li data-testid=\"AllNewsItem\" class=\"jsx-2e8fe6ce4c477ce7 AllNewsItem AllNewsItem__Hidden\"\/>\n<li data-testid=\"AllNewsItem\" class=\"jsx-2e8fe6ce4c477ce7 AllNewsItem AllNewsItem__Hidden\"\/>\n<li data-testid=\"AllNewsItem\" class=\"jsx-2e8fe6ce4c477ce7 AllNewsItem AllNewsItem__Hidden\"\/>\n<li data-testid=\"AllNewsItem\" class=\"jsx-2e8fe6ce4c477ce7 AllNewsItem AllNewsItem__Hidden\"\/>\n<li data-testid=\"AllNewsItem\" class=\"jsx-2e8fe6ce4c477ce7 AllNewsItem AllNewsItem__Hidden\"\/>Voir plus d&rsquo;actualit\u00e9s\u00a0&#8211; Afficher tout<\/ol>\n<ol class=\"jsx-3116133996 Breadcrumb__Wrapper\">\n<li class=\"jsx-3116133996 Breadcrumb__Element\"><a href=\"https:\/\/www.tf1info.fr\/\" rel=\"noopener\" class=\"jsx-484472199 Link\" target=\"_blank\">Accueil<\/a><\/li>\n<li class=\"jsx-3116133996 Breadcrumb__Element\">&#8211;<a href=\"https:\/\/www.tf1info.fr\/societe\/\" rel=\"noopener\" class=\"jsx-484472199 Link\" target=\"_blank\">Sujets de soci\u00e9t\u00e9<\/a><\/li>\n<li class=\"jsx-3116133996 Breadcrumb__Element\">-EN DIRECT &#8211; Col\u00e8re agricole : la FNSEA va \u00ab\u00a0rester pour la nuit\u00a0\u00bb aux abords de l&rsquo;Assembl\u00e9e<\/li>\n<\/ol>\n<p><script async src=\"https:\/\/platform.twitter.com\/widgets.js\" charset=\"utf-8\"><\/script><\/p>\n","protected":false},"excerpt":{"rendered":"S\u00e9bastien Lecornu a promis aux agriculteurs qu&rsquo;il pr\u00e9senterait en mars un projet de \u00ab\u00a0loi d&rsquo;urgence\u00a0\u00bb. Malgr\u00e9 ces annonces,&hellip;\n","protected":false},"author":2,"featured_media":661892,"comment_status":"","ping_status":"","sticky":false,"template":"","format":"standard","meta":{"footnotes":""},"categories":[1888],"tags":[1111,11,327,1921,70814,1777,674,1011,27,1922,2088,72026,12,626,25,3427,133,5010],"class_list":{"0":"post-661891","1":"post","2":"type-post","3":"status-publish","4":"format-standard","5":"has-post-thumbnail","7":"category-paris","8":"tag-actu","9":"tag-actualites","10":"tag-agriculture","11":"tag-article-video","12":"tag-dermatose-nodulaire","13":"tag-eu","14":"tag-europe","15":"tag-fr","16":"tag-france","17":"tag-info","18":"tag-manifestation","19":"tag-mercosur-les-agriculteurs-mobilises","20":"tag-news","21":"tag-paris","22":"tag-republique-francaise","23":"tag-syndicats","24":"tag-video","25":"tag-video-sujets-de-societe"},"share_on_mastodon":{"url":"https:\/\/pubeurope.com\/@fr\/115890893407449370","error":""},"_links":{"self":[{"href":"https:\/\/www.europesays.com\/fr\/wp-json\/wp\/v2\/posts\/661891","targetHints":{"allow":["GET"]}}],"collection":[{"href":"https:\/\/www.europesays.com\/fr\/wp-json\/wp\/v2\/posts"}],"about":[{"href":"https:\/\/www.europesays.com\/fr\/wp-json\/wp\/v2\/types\/post"}],"author":[{"embeddable":true,"href":"https:\/\/www.europesays.com\/fr\/wp-json\/wp\/v2\/users\/2"}],"replies":[{"embeddable":true,"href":"https:\/\/www.europesays.com\/fr\/wp-json\/wp\/v2\/comments?post=661891"}],"version-history":[{"count":0,"href":"https:\/\/www.europesays.com\/fr\/wp-json\/wp\/v2\/posts\/661891\/revisions"}],"wp:featuredmedia":[{"embeddable":true,"href":"https:\/\/www.europesays.com\/fr\/wp-json\/wp\/v2\/media\/661892"}],"wp:attachment":[{"href":"https:\/\/www.europesays.com\/fr\/wp-json\/wp\/v2\/media?parent=661891"}],"wp:term":[{"taxonomy":"category","embeddable":true,"href":"https:\/\/www.europesays.com\/fr\/wp-json\/wp\/v2\/categories?post=661891"},{"taxonomy":"post_tag","embeddable":true,"href":"https:\/\/www.europesays.com\/fr\/wp-json\/wp\/v2\/tags?post=661891"}],"curies":[{"name":"wp","href":"https:\/\/api.w.org\/{rel}","templated":true}]}}