{"id":661897,"date":"2026-01-14T01:39:12","date_gmt":"2026-01-14T01:39:12","guid":{"rendered":"https:\/\/www.europesays.com\/fr\/661897\/"},"modified":"2026-01-14T01:39:12","modified_gmt":"2026-01-14T01:39:12","slug":"etats-unis-claudette-colvin-figure-des-droits-civiques-aux-usa-est-decedee","status":"publish","type":"post","link":"https:\/\/www.europesays.com\/fr\/661897\/","title":{"rendered":"Etats-Unis. Claudette Colvin, figure des droits civiques aux USA, est d\u00e9c\u00e9d\u00e9e"},"content":{"rendered":"<p class=\"paragraph-1-base\">Neuf mois avant le geste de Rosa Parks, l&rsquo;audace de cette adolescente entra\u00eenera l&rsquo;abolition de la s\u00e9gr\u00e9gation dans les transports en commun dans le sud des Etats-Unis.<\/p>\n<p class=\"paragraph-1-base\">Saluant une \u00ab\u00a0pionni\u00e8re des droits civiques\u00a0\u00bb, sa fondation a annonc\u00e9 mardi son d\u00e9c\u00e8s \u00e0 86 ans.<\/p>\n<p class=\"paragraph-1-base\">L&rsquo;histoire a retenu Rosa Parks, cette couturi\u00e8re noire de Montgomery qui, par son refus le 1er d\u00e9cembre 1955 de donner son si\u00e8ge \u00e0 un passager blanc, a d\u00e9clench\u00e9 le premier grand mouvement de r\u00e9sistance passive contre la s\u00e9gr\u00e9gation.<\/p>\n<p class=\"paragraph-1-base\">Responsable locale de la NAACP, une importante organisation de d\u00e9fense des droits civiques, Rosa Parks prendra la t\u00eate avec Martin Luther King du boycott des bus de Montgomery. Les bus municipaux resteront au garage pendant 381 jours.<\/p>\n<p class=\"paragraph-1-base\">Avant elle, toutefois, dans la m\u00eame ville et sur la m\u00eame ligne de bus, une coll\u00e9gienne de 15 ans, proche de la NAACP, brave les lois racistes. D&rsquo;autres passagers l&rsquo;avaient d\u00e9j\u00e0 fait, mais elle est la premi\u00e8re \u00e0 plaider non coupable devant la justice.<\/p>\n<p class=\"paragraph-1-base\">Ce 2 mars 1955, a-t-elle racont\u00e9 en 2023 \u00e0 l&rsquo;AFP, \u00ab\u00a0lorsque le bus a descendu la rue principale, de plus en plus de passagers blancs sont mont\u00e9s et le conducteur a demand\u00e9 de lib\u00e9rer les si\u00e8ges\u00a0\u00bb.<\/p>\n<p class=\"paragraph-1-base\">\u00ab\u00a0Deux-trois arr\u00eats plus tard, un policier m&rsquo;a demand\u00e9 ce que je faisais assise l\u00e0. J&rsquo;ai dit que j&rsquo;avais pay\u00e9 ma place et que c&rsquo;\u00e9tait un droit constitutionnel. J&rsquo;avais plus que tout envie de le d\u00e9fier et j&rsquo;ai refus\u00e9 de me lever\u00a0\u00bb.<\/p>\n<p class=\"paragraph-1-base\">\u00ab\u00a0L&rsquo;histoire m&rsquo;a coll\u00e9e au si\u00e8ge\u00a0\u00bb, dit-elle alors.<\/p>\n<p>Emprisonn\u00e9e et conspu\u00e9e <\/p>\n<p class=\"paragraph-1-base\">Les policiers la jettent, menott\u00e9e, dans leur voiture. \u00ab\u00a0J&rsquo;ai commenc\u00e9 \u00e0 pleurer, l&rsquo;angoisse m&rsquo;a fondu dessus\u00a0\u00bb, avait-elle confi\u00e9 \u00e9galement \u00e0 la radio am\u00e9ricaine NPR. \u00ab\u00a0Je me suis mise \u00e0 prier\u00a0\u00bb. Les remarques grivoises fusent. Elle est emprisonn\u00e9e.<\/p>\n<p class=\"paragraph-1-base\">Rapidement, elle est lib\u00e9r\u00e9e apr\u00e8s le paiement solidaire de sa caution. A son retour, les voisins la f\u00e9licitent et montent la garde de peur de voir sa maison cibl\u00e9e.<\/p>\n<p class=\"paragraph-1-base\">Apr\u00e8s avoir plaid\u00e9 non coupable, elle est condamn\u00e9e pour trouble \u00e0 l&rsquo;ordre public, violation de la loi de s\u00e9gr\u00e9gation et agression sur repr\u00e9sentant de l&rsquo;ordre.<\/p>\n<p class=\"paragraph-1-base\">La jeune femme fait appel, mais en vain, elle est de nouveau condamn\u00e9e.<\/p>\n<p class=\"paragraph-1-base\">Elle apprend \u00e0 ce moment-l\u00e0 \u00eatre enceinte d&rsquo;un homme plus \u00e2g\u00e9. Encore mineure et non mari\u00e9e, elle est accus\u00e9e de moeurs dissolues, et ne peut plus servir de figure pour les associations de d\u00e9fense des droits civiques.<\/p>\n<p class=\"paragraph-1-base\">C&rsquo;est l\u00e0 qu&rsquo;intervient Rosa Parks. \u00ab\u00a0Elle \u00e9tait adulte: elle serait plus fiable qu&rsquo;une adolescente\u00a0\u00bb, expliquait Claudette Colvin aupr\u00e8s de NPR. \u00ab\u00a0Son grain de peau faisait qu&rsquo;on l&rsquo;associait avec la classe moyenne. Elle avait le bon profil et poss\u00e9dait une autorit\u00e9 naturelle\u00a0\u00bb.<\/p>\n<p class=\"paragraph-1-base\">En plein boycott, la ville de Montgomery fait condamner en f\u00e9vrier 1956 une centaine d&rsquo;organisateurs du mouvement, dont Martin Luther King et les \u00e9poux Parks. Deux de leurs appels sont rejet\u00e9s. Licenci\u00e9e, Rosa Parks doit fuir la ville.<\/p>\n<p class=\"paragraph-1-base\">Le cas de Rosa Parks \u00e9tant bloqu\u00e9 dans les tribunaux locaux, la NAACP d\u00e9cide de porter l&rsquo;affaire de Claudette Colvin et de trois autres passag\u00e8res devant la justice f\u00e9d\u00e9rale.<\/p>\n<p class=\"paragraph-1-base\">Le 5 juin 1956, premi\u00e8re victoire: deux juges f\u00e9d\u00e9raux d\u00e9clarent inconstitutionnelle la s\u00e9gr\u00e9gation dans les bus. Montgomery et l&rsquo;Alabama font appel. Mais la Cour supr\u00eame leur donne tort. Le 13 novembre 1956, elle juge que la s\u00e9gr\u00e9gation dans les transports en commun dans le Sud est inconstitutionnelle.<\/p>\n<p class=\"paragraph-1-base\">Pour Claudette Colvin, les choses ne s&rsquo;arrangent gu\u00e8re: en raison de sa grossesse hors mariage, elle est renvoy\u00e9e du coll\u00e8ge et ne parvient pas \u00e0 trouver du travail \u00e0 Montgomery. En 1958, elle d\u00e9m\u00e9nage \u00e0 New York, devient aide-soignante et ne s&rsquo;\u00e9tendra pas sur son pass\u00e9 avant longtemps.<\/p>\n<p class=\"paragraph-1-base\">En 2005, elle d\u00e9clarait au journal local de Montgomery: \u00ab\u00a0Je me sens tr\u00e8s, tr\u00e8s fi\u00e8re. J&rsquo;ai l&rsquo;impression que ce que j&rsquo;ai fait a \u00e9t\u00e9 une \u00e9tincelle\u00a0\u00bb.<\/p>\n<p class=\"paragraph-1-base after:text-primary after:heading-2-xl after:relative after:top-[2px] after:pl-1 after:!leading-[18px] after:text-primary-300 after:content-[&quot;\u00bb&quot;] dark:after:text-primary-300\">\u00ab\u00a0Que les gens sachent que Rosa Parks \u00e9tait la bonne personne pour le boycott. Mais qu&rsquo;ils sachent aussi que les avocats ont emmen\u00e9 quatre autres femmes devant la Cour supr\u00eame pour contester la loi qui a conduit \u00e0 la fin de la s\u00e9gr\u00e9gation\u00a0\u00bb.<\/p>\n","protected":false},"excerpt":{"rendered":"Neuf mois avant le geste de Rosa Parks, l&rsquo;audace de cette adolescente entra\u00eenera l&rsquo;abolition de la s\u00e9gr\u00e9gation dans&hellip;\n","protected":false},"author":2,"featured_media":661898,"comment_status":"","ping_status":"","sticky":false,"template":"","format":"standard","meta":{"footnotes":""},"categories":[1589],"tags":[11,3983,73,1866,652,937,303,12,4565,10910,3640,800,1864,1865,1863,308],"class_list":{"0":"post-661897","1":"post","2":"type-post","3":"status-publish","4":"format-standard","5":"has-post-thumbnail","7":"category-etats-unis","8":"tag-actualites","9":"tag-deces","10":"tag-etats-unis","11":"tag-etats-unis-damerique","12":"tag-famille","13":"tag-histoire","14":"tag-justice","15":"tag-news","16":"tag-nouveau","17":"tag-policier","18":"tag-rue","19":"tag-transports","20":"tag-united-states","21":"tag-united-states-of-america","22":"tag-us","23":"tag-usa"},"share_on_mastodon":{"url":"https:\/\/pubeurope.com\/@fr\/115890904405556572","error":""},"_links":{"self":[{"href":"https:\/\/www.europesays.com\/fr\/wp-json\/wp\/v2\/posts\/661897","targetHints":{"allow":["GET"]}}],"collection":[{"href":"https:\/\/www.europesays.com\/fr\/wp-json\/wp\/v2\/posts"}],"about":[{"href":"https:\/\/www.europesays.com\/fr\/wp-json\/wp\/v2\/types\/post"}],"author":[{"embeddable":true,"href":"https:\/\/www.europesays.com\/fr\/wp-json\/wp\/v2\/users\/2"}],"replies":[{"embeddable":true,"href":"https:\/\/www.europesays.com\/fr\/wp-json\/wp\/v2\/comments?post=661897"}],"version-history":[{"count":0,"href":"https:\/\/www.europesays.com\/fr\/wp-json\/wp\/v2\/posts\/661897\/revisions"}],"wp:featuredmedia":[{"embeddable":true,"href":"https:\/\/www.europesays.com\/fr\/wp-json\/wp\/v2\/media\/661898"}],"wp:attachment":[{"href":"https:\/\/www.europesays.com\/fr\/wp-json\/wp\/v2\/media?parent=661897"}],"wp:term":[{"taxonomy":"category","embeddable":true,"href":"https:\/\/www.europesays.com\/fr\/wp-json\/wp\/v2\/categories?post=661897"},{"taxonomy":"post_tag","embeddable":true,"href":"https:\/\/www.europesays.com\/fr\/wp-json\/wp\/v2\/tags?post=661897"}],"curies":[{"name":"wp","href":"https:\/\/api.w.org\/{rel}","templated":true}]}}