{"id":6619,"date":"2025-04-07T00:42:27","date_gmt":"2025-04-07T00:42:27","guid":{"rendered":"https:\/\/www.europesays.com\/fr\/6619\/"},"modified":"2025-04-07T00:42:27","modified_gmt":"2025-04-07T00:42:27","slug":"lille-grace-a-cherki-lyon-arrache-un-match-importantissime-et-integre-enfin-le-top-4-de-la-ligue-1-revivez-ce-tournant-avec-nous","status":"publish","type":"post","link":"https:\/\/www.europesays.com\/fr\/6619\/","title":{"rendered":"Lille\u00a0: Gr\u00e2ce \u00e0 Cherki, Lyon arrache un match importantissime et int\u00e8gre enfin le Top 4 de la Ligue 1\u2026 Revivez ce tournant avec nous"},"content":{"rendered":"<p>Salut tout le monde, vous voil\u00e0 g\u00e2t\u00e9s ce samedi sur 20 Minutes. Apr\u00e8s PSG-Angers, on vous propose depuis le formidable outil de D\u00e9cines cet OL-<a href=\"https:\/\/www.20minutes.fr\/sport\/losc\/\" class=\"color-ultramarine c-link\" target=\"_blank\" rel=\"noopener\">Losc<\/a> qui sent bon la baston pour la <a href=\"https:\/\/www.20minutes.fr\/sport\/ligue_des_champions\/\" class=\"color-ultramarine c-link\" target=\"_blank\" rel=\"noopener\">Ligue des champions<\/a> \u00e0 21h05. Place \u00e0 d\u2019\u00e9lectriques retrouvailles pour Bruno Genesio (entra\u00eeneur principal de l\u2019<a href=\"https:\/\/www.20minutes.fr\/sport\/ol\/\" class=\"color-ultramarine c-link\" target=\"_blank\" rel=\"noopener\">OL<\/a> de janvier\u00a02016 \u00e0\u00a02019) et pour Paulo Fonseca (coach lillois de\u00a02022 \u00e0\u00a02024), m\u00eame si le Portugais, suspendu de longs mois, sera comme d\u2019habitude loin du terrain, pos\u00e9 pr\u00e8s de nous en tribune de presse.<\/p>\n<p>Les enjeux sont simples\u00a0: Lillois (5es avec 47 points) et Lyonnais (7es avec 45 points) peuvent gratter des places et mettre la pression sur leurs concurrents directs pour la C1 en cas de victoire ce soir, Monaco (2e) n&rsquo;\u00e9tant qu&rsquo;\u00e0 cinq points. Malick Fofana sera de nouveau l\u2019absent de marque c\u00f4t\u00e9 OL pour ce match sous haute tension, tant le club de <a href=\"https:\/\/www.20minutes.fr\/sport\/john-textor\/\" class=\"color-ultramarine c-link\" target=\"_blank\" rel=\"noopener\">John Textor<\/a>, battu la semaine pass\u00e9e <a href=\"https:\/\/www.20minutes.fr\/sport\/football\/ligue-1\/4145580-20250328-direct-strasbourg-ol-diminue-lyon-vise-six-suite-alsace-suivez-retour-ligue-1-20-heures\" class=\"color-ultramarine c-link\" target=\"_blank\" rel=\"noopener\">\u00e0 Strasbourg (4-2)<\/a>, a un besoin vital de Ligue des champions sur le plan \u00e9conomique.<\/p>\n<p>&gt;&gt; Retrouvez-nous d\u00e8s 20h30 pour l\u2019avant-match, avant un coup d\u2019envoi \u00e0 21h05.<\/p>\n","protected":false},"excerpt":{"rendered":"Salut tout le monde, vous voil\u00e0 g\u00e2t\u00e9s ce samedi sur 20 Minutes. Apr\u00e8s PSG-Angers, on vous propose depuis&hellip;\n","protected":false},"author":2,"featured_media":6620,"comment_status":"","ping_status":"","sticky":false,"template":"","format":"standard","meta":{"footnotes":""},"categories":[1889],"tags":[1111,11,2430,1777,674,63,1011,27,811,66,1307,2854,2428,12,1308,1309,2853,25,2429,2431,517],"class_list":{"0":"post-6619","1":"post","2":"type-post","3":"status-publish","4":"format-standard","5":"has-post-thumbnail","7":"category-lyon","8":"tag-actu","9":"tag-actualites","10":"tag-auvergne-rhone-alpes","11":"tag-eu","12":"tag-europe","13":"tag-football","14":"tag-fr","15":"tag-france","16":"tag-hauts-de-france","17":"tag-ligue-1","18":"tag-lille","19":"tag-losc-lille","20":"tag-lyon","21":"tag-news","22":"tag-nord","23":"tag-nord-pas-de-calais","24":"tag-olympique-lyonnais-ol","25":"tag-republique-francaise","26":"tag-rhone","27":"tag-rhone-alpes","28":"tag-sport"},"share_on_mastodon":{"url":"https:\/\/pubeurope.com\/@fr\/114293908659851361","error":""},"_links":{"self":[{"href":"https:\/\/www.europesays.com\/fr\/wp-json\/wp\/v2\/posts\/6619","targetHints":{"allow":["GET"]}}],"collection":[{"href":"https:\/\/www.europesays.com\/fr\/wp-json\/wp\/v2\/posts"}],"about":[{"href":"https:\/\/www.europesays.com\/fr\/wp-json\/wp\/v2\/types\/post"}],"author":[{"embeddable":true,"href":"https:\/\/www.europesays.com\/fr\/wp-json\/wp\/v2\/users\/2"}],"replies":[{"embeddable":true,"href":"https:\/\/www.europesays.com\/fr\/wp-json\/wp\/v2\/comments?post=6619"}],"version-history":[{"count":0,"href":"https:\/\/www.europesays.com\/fr\/wp-json\/wp\/v2\/posts\/6619\/revisions"}],"wp:featuredmedia":[{"embeddable":true,"href":"https:\/\/www.europesays.com\/fr\/wp-json\/wp\/v2\/media\/6620"}],"wp:attachment":[{"href":"https:\/\/www.europesays.com\/fr\/wp-json\/wp\/v2\/media?parent=6619"}],"wp:term":[{"taxonomy":"category","embeddable":true,"href":"https:\/\/www.europesays.com\/fr\/wp-json\/wp\/v2\/categories?post=6619"},{"taxonomy":"post_tag","embeddable":true,"href":"https:\/\/www.europesays.com\/fr\/wp-json\/wp\/v2\/tags?post=6619"}],"curies":[{"name":"wp","href":"https:\/\/api.w.org\/{rel}","templated":true}]}}