{"id":661912,"date":"2026-01-14T01:47:08","date_gmt":"2026-01-14T01:47:08","guid":{"rendered":"https:\/\/www.europesays.com\/fr\/661912\/"},"modified":"2026-01-14T01:47:08","modified_gmt":"2026-01-14T01:47:08","slug":"jon-rahm-restera-sur-le-liv-golf-en-2026-et-ne-suivra-pas-le-programme-de-reintegration-du-pga-tour-lequipe","status":"publish","type":"post","link":"https:\/\/www.europesays.com\/fr\/661912\/","title":{"rendered":"Jon Rahm restera sur le LIV Golf en 2026 et ne suivra pas le programme de r\u00e9int\u00e9gration du PGA Tour &#8211; L&#039;\u00c9quipe"},"content":{"rendered":"<ol>\n<li><a href=\"https:\/\/news.google.com\/rss\/articles\/CBMi3wFBVV95cUxONmlfeHhVeVZocUw5WkhhcGx0aTZMb0xJYkFJeVo3NllOYy1rcTJ5cWd3QkpuRkRqUkN5TGN3Q0JaR1VQNUVMRElzNF9hVEtFc0tMd2s3clEza0FlSGkxemgwX2ZKc0NqRklYNjZHR1l1aTBFVjh4c3Njc2dCaVBDOW1sTEs1V05EeGZRM0ZOcm5CQ3NmNjNtVXNVOVJNZzQxQ0UyUXZKeDlIdVFJdVg5ZGxYSTN2TW9OTUxJRFgxeGxCakpzNS1TYVNJQTJzOUQ0dENlUlhpSVgzQnE3cmJF?oc=5\" target=\"_blank\" rel=\"noopener\">Jon Rahm restera sur le LIV Golf en 2026 et ne suivra pas le programme de r\u00e9int\u00e9gration du PGA Tour<\/a>&nbsp;&nbsp;L&rsquo;\u00c9quipe<\/li>\n<li><a href=\"https:\/\/news.google.com\/rss\/articles\/CBMiyAFBVV95cUxQb0xIdWFpcVNaNmJUaUpsMkdoUktLWEhlbWRDSXNpZjRzYWhGdmRGNmZ2VlB3N0lPSUFmNU81T0dhM1FvMGdOdmREYUY0aEJDQlk3OGhKd2lmTnNBRW9YWng3aUN6RVJjaFVpWjZKcXlVeVFWbHlza0ZNQ2dLOEl6Y04yWmNJUmdMcEZjRkxSRDV4LTBhcWE1WVdrMWZoSzQxYnNsLXJOSDNSRGRnR3N2Rmd3b0s0clZGNFFXZDVsSUpGQzBHaW5yNA?oc=5\" target=\"_blank\" rel=\"noopener\">Brooks Koepka s\u2019attend \u00e0 un retour houleux : \u00ab Beaucoup de gens ont \u00e9t\u00e9 bless\u00e9s par mon d\u00e9part<\/a>&nbsp;&nbsp;Golf Plan\u00e8te<\/li>\n<li><a href=\"https:\/\/news.google.com\/rss\/articles\/CBMinwFBVV95cUxQSjdRYjZYclI0WVFQTlVETEhzXzVmUlNoQmVsN0VNZWVhaHhjY3h0ZG5xMFYwQXd3ejZJRDdxeHBwdmpyWlpibUlCaU00X2R1cFVFV05KeVoxMnNKOXo5VkhZWTYydG14MzVNZXdVblREdHZDZUczelVVSll2QXRCWGdRanhhMFhHN2dJck1WYkFCNHh0ckhzeWRRRTBBYzQ?oc=5\" target=\"_blank\" rel=\"noopener\">\u00ab Beaucoup de travail \u00e0 faire avec certains joueurs \u00bb pour Koepka<\/a>&nbsp;&nbsp;RDS<\/li>\n<li><a href=\"https:\/\/news.google.com\/rss\/articles\/CBMitgFBVV95cUxPSFRPaDdHQXUwY0IwZWI5ZHlieExiREppUktXQ2Nma3oxdE1vQmplVXhDNGgzeWdKZE5zdXNVemtjcW55d3NmczZsYUZXWU82T2VlbVliQ25YbjFyRUtiNmNLUjNxNXI4X09kVWNGLW1FNnJCSk5IM1J5bUFCbUZ6b1hDUXI2WGNneGloaGFYY2ZjSWtkMlNXNFVucy03aWJvQ19yV2EydTdGdmFSTm9iYnZFS2t0Zw?oc=5\" target=\"_blank\" rel=\"noopener\">Koepka de retour sur le PGA Tour pour la modique somme de 5 millions de dollars<\/a>&nbsp;&nbsp;MVZ SPORTS<\/li>\n<li><a href=\"https:\/\/news.google.com\/rss\/articles\/CBMirgFBVV95cUxOeE1QeDFHNG1kZzRHdlJqaDgyMzNoWWRPaTFsTk9DQmY5RTU3SEFGdE84cEhCZlB4RVM2YXhmbXQwUmNHLUpRUGZ2Qk5KTWdyeDRHRk1jVUpfYm5QYy1lOXdqSzRmX3N0cVMwQ3ctR1h2RkxNZVNHWmdaS01JRkFrU0lBSGxuZElyYkFaNFlRbFE3YTZ4Rl9EeEpoLWJHcndFSlZpbzlNRXZYRFBzdWc?oc=5\" target=\"_blank\" rel=\"noopener\">Nouveau s\u00e9isme dans le golf : le PGA Tour renouvelle Jon Rahm tout de suite !<\/a>&nbsp;&nbsp;LesNews<\/li>\n<\/ol>\n","protected":false},"excerpt":{"rendered":"Jon Rahm restera sur le LIV Golf en 2026 et ne suivra pas le programme de r\u00e9int\u00e9gration du&hellip;\n","protected":false},"author":2,"featured_media":661913,"comment_status":"","ping_status":"","sticky":false,"template":"","format":"standard","meta":{"footnotes":""},"categories":[1418],"tags":[1011,27,1472,60],"class_list":{"0":"post-661912","1":"post","2":"type-post","3":"status-publish","4":"format-standard","5":"has-post-thumbnail","7":"category-golf","8":"tag-fr","9":"tag-france","10":"tag-golf","11":"tag-sports"},"share_on_mastodon":{"url":"https:\/\/pubeurope.com\/@fr\/115890935722663270","error":""},"_links":{"self":[{"href":"https:\/\/www.europesays.com\/fr\/wp-json\/wp\/v2\/posts\/661912","targetHints":{"allow":["GET"]}}],"collection":[{"href":"https:\/\/www.europesays.com\/fr\/wp-json\/wp\/v2\/posts"}],"about":[{"href":"https:\/\/www.europesays.com\/fr\/wp-json\/wp\/v2\/types\/post"}],"author":[{"embeddable":true,"href":"https:\/\/www.europesays.com\/fr\/wp-json\/wp\/v2\/users\/2"}],"replies":[{"embeddable":true,"href":"https:\/\/www.europesays.com\/fr\/wp-json\/wp\/v2\/comments?post=661912"}],"version-history":[{"count":0,"href":"https:\/\/www.europesays.com\/fr\/wp-json\/wp\/v2\/posts\/661912\/revisions"}],"wp:featuredmedia":[{"embeddable":true,"href":"https:\/\/www.europesays.com\/fr\/wp-json\/wp\/v2\/media\/661913"}],"wp:attachment":[{"href":"https:\/\/www.europesays.com\/fr\/wp-json\/wp\/v2\/media?parent=661912"}],"wp:term":[{"taxonomy":"category","embeddable":true,"href":"https:\/\/www.europesays.com\/fr\/wp-json\/wp\/v2\/categories?post=661912"},{"taxonomy":"post_tag","embeddable":true,"href":"https:\/\/www.europesays.com\/fr\/wp-json\/wp\/v2\/tags?post=661912"}],"curies":[{"name":"wp","href":"https:\/\/api.w.org\/{rel}","templated":true}]}}