{"id":661914,"date":"2026-01-14T01:49:11","date_gmt":"2026-01-14T01:49:11","guid":{"rendered":"https:\/\/www.europesays.com\/fr\/661914\/"},"modified":"2026-01-14T01:49:11","modified_gmt":"2026-01-14T01:49:11","slug":"rugby-nationale-un-ancien-deuxieme-ligne-de-lusap-desormais-a-montauban-debarque-en-pret-a-narbonne-douglas-et-nakarawa-en-observation-pour-la-saison-prochaine","status":"publish","type":"post","link":"https:\/\/www.europesays.com\/fr\/661914\/","title":{"rendered":"Rugby \u2013 Nationale\u00a0: un ancien deuxi\u00e8me ligne de l\u2019USAP d\u00e9sormais \u00e0 Montauban d\u00e9barque en pr\u00eat \u00e0 Narbonne, Douglas et Nakarawa en observation pour la saison prochaine"},"content":{"rendered":"<p>\n                                                                La Nationale a repris depuis une semaine, mais le Racing Club Narbonnais s\u2019est activ\u00e9 pour encore renforcer son effectif, notamment afin de densifier son cinq de devant par un deuxi\u00e8me ligne en provenance de Montauban en Top 14.\n                            <\/p>\n<p>Le march\u00e9 des transferts continue de s\u2019activer de jour en jour. Que ce soit pour la saison prochaine, pour laquelle tous les clubs se pr\u00e9parent, ou m\u00eame pour la mi-saison pour agr\u00e9menter les effectifs d\u00e9j\u00e0 en place. Au Racing Club Narbonnais, lors de la reprise la semaine derni\u00e8re, l\u2019international am\u00e9ricain Jamason Fa\u2019anana-Shcultz a d\u00e9barqu\u00e9 au Parc des Sports pour int\u00e9grer le groupe professionnel audois. Il devrait d\u2019ailleurs faire sa premi\u00e8re en orange et noir ce samedi contre Chamb\u00e9ry (19\u00a0h).<\/p>\n<p>Victor Moreaux jusqu\u2019\u00e0 la fin de la saison<\/p>\n<p>Mais il ne devrait bient\u00f4t plus \u00eatre la derni\u00e8re recrue en date \u00e0 Narbonne. En effet, le Racing a tout r\u00e9cemment re\u00e7u l\u2019accord du deuxi\u00e8me ligne Victor Moreaux (32 ans, 2,00\u00a0m, 123\u00a0kg) pour sa venue dans l\u2019Aude \u00e0 partir de ce mois de janvier et jusqu\u2019\u00e0 la fin de la saison. Le natif de Moissac dans le Tarn-et-Garonne est pr\u00eat\u00e9 par Montauban en Top 14 avec lequel il n\u2019a jou\u00e9 que trois matches cette saison, dont deux en Top 14. Surtout le num\u00e9ro\u00a05 a disput\u00e9 deux saisons sous le maillot de l\u2019USAP entre 2022-2024, il avait auparavant \u00e9volu\u00e9 du c\u00f4t\u00e9 de Castres (2014-2020), d\u2019Agen (2020-2021), du Racing 92 (2021-2022).<\/p>\n<p>C\u2019est donc un joueur massif et d\u2019exp\u00e9rience qui d\u00e9barque sur les bords de la Robine pour la fin de la saison. Victor Moreaux va consid\u00e9rablement densifier le pack du Racing. Selon nos informations, le deuxi\u00e8me ligne a d\u00e9j\u00e0 pris ses marques au sein de l&rsquo;effectif orange et noir. S&rsquo;il ne devrait pas \u00eatre align\u00e9 cette semaine contre Chamb\u00e9ry, il pourrait effectuer son premier match \u00e0 Rouen dans dix jours.<\/p>\n<p>Ensuite, selon les informations de Midi Olympique, que nous sommes en mesure de confirmer, le Racing s\u2019est renseign\u00e9 au sujet de deux deuxi\u00e8mes lignes du Top 14. Celui de La\u00a0Rochelle, l\u2019Australien Kane Douglas (36 ans, 2,02\u00a0m, 123\u00a0kg) qui cumule 36 s\u00e9lections sous le maillot des Wallabies \u2013 dont une coupe du monde en 2015 en Angleterre \u2013 et 149 matches dans l\u2019\u00e9lite, pass\u00e9 par le Leinster, les Waratahs et Bordeaux. Ainsi que celui de Castres, le Fidjien Leone Nakarawa (37 ans, 1,98\u00a0m, 109\u00a0kg) aux 114 s\u00e9lections, 143 matches de Top 14 au Racing 92, Toulon et le CO. Deux joueurs stars de la premi\u00e8re division du rugby fran\u00e7ais.<\/p>\n<p>Pour l\u2019heure, ces deux joueurs appartiennent juste \u00e0 une liste de joueurs dans les petits papiers du staff du Racing. Mais rien n\u2019a \u00e9t\u00e9 ni sign\u00e9, il n\u2019y a pas encore d\u2019accord, ce sont justes des prises de contacts et d\u2019informations. Il faut savoir que ces deux joueurs ont un salaire \u00e9lev\u00e9 pour un club comme Narbonne. Mais le fait que le club audois se renseigne sur des figures du rugby comme Douglas et Nakarawa montrent l\u2019ambition des dirigeants orange et noir, et l\u2019envie de monter encore en puissance en apportant encore de l\u2019exp\u00e9rience.<\/p>\n","protected":false},"excerpt":{"rendered":"La Nationale a repris depuis une semaine, mais le Racing Club Narbonnais s\u2019est activ\u00e9 pour encore renforcer son&hellip;\n","protected":false},"author":2,"featured_media":661915,"comment_status":"","ping_status":"","sticky":false,"template":"","format":"standard","meta":{"footnotes":""},"categories":[1416],"tags":[4086,1011,27,35514,479,1468,68796,517,60],"class_list":{"0":"post-661914","1":"post","2":"type-post","3":"status-publish","4":"format-standard","5":"has-post-thumbnail","7":"category-rugby","8":"tag-aude","9":"tag-fr","10":"tag-france","11":"tag-narbonne","12":"tag-rugby","13":"tag-rugby-football","14":"tag-rugby-u00e0-xv","15":"tag-sport","16":"tag-sports"},"share_on_mastodon":{"url":"https:\/\/pubeurope.com\/@fr\/115890943683672352","error":""},"_links":{"self":[{"href":"https:\/\/www.europesays.com\/fr\/wp-json\/wp\/v2\/posts\/661914","targetHints":{"allow":["GET"]}}],"collection":[{"href":"https:\/\/www.europesays.com\/fr\/wp-json\/wp\/v2\/posts"}],"about":[{"href":"https:\/\/www.europesays.com\/fr\/wp-json\/wp\/v2\/types\/post"}],"author":[{"embeddable":true,"href":"https:\/\/www.europesays.com\/fr\/wp-json\/wp\/v2\/users\/2"}],"replies":[{"embeddable":true,"href":"https:\/\/www.europesays.com\/fr\/wp-json\/wp\/v2\/comments?post=661914"}],"version-history":[{"count":0,"href":"https:\/\/www.europesays.com\/fr\/wp-json\/wp\/v2\/posts\/661914\/revisions"}],"wp:featuredmedia":[{"embeddable":true,"href":"https:\/\/www.europesays.com\/fr\/wp-json\/wp\/v2\/media\/661915"}],"wp:attachment":[{"href":"https:\/\/www.europesays.com\/fr\/wp-json\/wp\/v2\/media?parent=661914"}],"wp:term":[{"taxonomy":"category","embeddable":true,"href":"https:\/\/www.europesays.com\/fr\/wp-json\/wp\/v2\/categories?post=661914"},{"taxonomy":"post_tag","embeddable":true,"href":"https:\/\/www.europesays.com\/fr\/wp-json\/wp\/v2\/tags?post=661914"}],"curies":[{"name":"wp","href":"https:\/\/api.w.org\/{rel}","templated":true}]}}