{"id":661916,"date":"2026-01-14T01:50:12","date_gmt":"2026-01-14T01:50:12","guid":{"rendered":"https:\/\/www.europesays.com\/fr\/661916\/"},"modified":"2026-01-14T01:50:12","modified_gmt":"2026-01-14T01:50:12","slug":"humbert-fils-royer-cazaux-mpetshi-perricard-annonces-au-tournoi-de-montpellier-la-meme-semaine-que-la-rencontre-de-coupe-davis-de-la-france-lequipe","status":"publish","type":"post","link":"https:\/\/www.europesays.com\/fr\/661916\/","title":{"rendered":"Humbert, Fils, Royer, Cazaux, Mpetshi Perricard annonc\u00e9s au tournoi de Montpellier&#8230; la m\u00eame semaine que la rencontre de Coupe Davis de la France &#8211; L&#039;\u00c9quipe"},"content":{"rendered":"<ol>\n<li><a href=\"https:\/\/news.google.com\/rss\/articles\/CBMilwJBVV95cUxPdWxoc3dNamdhV2RiUDB0VnhLMmgzQWRubjlJQXc2YjR6Y0NsdVAzVmx0RFVpbWZwQ1RRTmhuQldNaTVlcVN6Rko0VkRFQ2l4NnQ3dXZxM2ZoUlFiVU0tMXRsajNtUE1ydDlBVjFyeTlMSjZNN2lJTFdrYlcyV1I0S3RGcVRVSHVtbUNTNTVOOFJwM1BSbk4yNFpxUVFZQ0h5YVpvMnpJODZ0NG1MODIzc01HODFoVkJRN19nVHdPUGdGQ1Z0amRpaE1fRGYzU0VnOXJVMEwzb1dCMlFqQ2lXQ1FwaFdTNksySFAxeGQ4WXMwRnBTSURLLVFBUGJqNjViYXJ0anM3eWFvWlUzb0ExeU4zdDhhc00?oc=5\" target=\"_blank\" rel=\"noopener\">Humbert, Fils, Royer, Cazaux, Mpetshi Perricard annonc\u00e9s au tournoi de Montpellier&#8230; la m\u00eame semaine que la rencontre de Coupe Davis de la France<\/a>&nbsp;&nbsp;L&rsquo;\u00c9quipe<\/li>\n<li><a href=\"https:\/\/news.google.com\/rss\/articles\/CBMi6wFBVV95cUxOMGdYelJDMFd1aW96QnlZLTBUT3Q0UmtoZ0ZUTjBiNUQwN1FzWEJnUWFzU3ZoSlRNUzNEMGN1NVdXR19Bei1aUVVFTU41aVBWRlNiMXg2NVp2MkdyMl9OOUpBVGZWaHVObG8zZnh1Q0k5WDh4TFBfYzhXQXdfMlI4NEtfV210SkFzbVJRQUJ5a1NZdXNPM1hJY2IzVHp3bHdtdldXT2hrYUI4TkMyUmpRcGszeWpGaGxseXNMTGVET29wWXdnam14aEtJSDVublcwT1ZwWDNsbGJuWldnR2NsT2xIT2NCUkNVdXNj?oc=5\" target=\"_blank\" rel=\"noopener\">\u00ab\u00a0On a d\u00e9montr\u00e9 qu\u2019on avait notre place, on peut encore grandir\u00a0\u00bb : l\u2019Open Occitanie, le tournoi qui monte, qui monte\u2026<\/a>&nbsp;&nbsp;Midi Libre<\/li>\n<li><a href=\"https:\/\/news.google.com\/rss\/articles\/CBMi3gFBVV95cUxNTVpKeDYwNk1zM3lQaUQ1ZDV3cDVpQVpJN21QcEFWcmhvUjJBYlNYRWp2NlRIb0Z0NmRhTm5IYkowbnFXb1pMY19EaVNXQXRlRlU5RVQ0TVRaZUQ5dFRHeW13V1d2REItMWcyNlB0dmVOOUduYTZfX1dEVVVETWcxWE4zNkRqRlpFVE5mNjQyUFRMLThTTEJoNG92MjF4QVJyTlJRc2twUmFjb212VjZXdm5MMkpsVmE2d2JsRWoxcEZxdWpDQ1hrakg4QWZtZFY1ckE4MmdpaEpyWVprVUE?oc=5\" target=\"_blank\" rel=\"noopener\">Toute cette semaine, Fun Radio M\u00e9diterran\u00e9e vous offre vos invitations pour l&rsquo;Open Occitanie !<\/a>&nbsp;&nbsp;Fun Radio<\/li>\n<li><a href=\"https:\/\/news.google.com\/rss\/articles\/CBMivAFBVV95cUxNand0NGlSZkxCMjRUeWkxTzlUSTRqLS1wZndnYndtbnozNWdHZjM4MExoS3VPcTgyNDFRYVFxeVVCdmhKaENhSUdubkh4eWJ5NVR6UGh5Q2QtUTVrcmlqOHphWmM4RUNqbEExUERmc09FbzJqMmV6STdpY1ZsaXZfRkZyYUZQYzlKcHBId2I1bmlZbUdnTmd5X0R1N0JfU1lQbFhhZHlPU2xqUHlmWGpWLVNXOHJ0X242Tlo5dA?oc=5\" target=\"_blank\" rel=\"noopener\">Open Occitanie : la liste des joueurs annonc\u00e9s pour la 16e \u00e9dition<\/a>&nbsp;&nbsp;lagazettedemontpellier.fr<\/li>\n<li><a href=\"https:\/\/news.google.com\/rss\/articles\/CBMikwFBVV95cUxNOGhPdTM0b2FUTHRDU2RvdEN6TF9ickdIcU5ZUUF1dHdoaVZLS3FfTEZ5UGl0M29qZFBmR2ZnNC1qLVF6aW5MazBxS3lwNFpGdVE3Tjh1VkFEZVJ0c3hpcWtZTXpPYWpEaFQxRC1vdXFDc0NIcmNmdnF2OGJZYjBGT2NFTXRXekdsUVoxSDRuUXJqMTQ?oc=5\" target=\"_blank\" rel=\"noopener\">Open Occitanie 2026 : l\u2019enfant du pays Arthur Cazaux de retour \u00e0 la maison<\/a>&nbsp;&nbsp;claap.fr<\/li>\n<\/ol>\n","protected":false},"excerpt":{"rendered":"Humbert, Fils, Royer, Cazaux, Mpetshi Perricard annonc\u00e9s au tournoi de Montpellier&#8230; la m\u00eame semaine que la rencontre de&hellip;\n","protected":false},"author":2,"featured_media":661917,"comment_status":"","ping_status":"","sticky":false,"template":"","format":"standard","meta":{"footnotes":""},"categories":[1415],"tags":[1011,27,60,1467],"class_list":{"0":"post-661916","1":"post","2":"type-post","3":"status-publish","4":"format-standard","5":"has-post-thumbnail","7":"category-tennis","8":"tag-fr","9":"tag-france","10":"tag-sports","11":"tag-tennis"},"share_on_mastodon":{"url":"https:\/\/pubeurope.com\/@fr\/115890947517967437","error":""},"_links":{"self":[{"href":"https:\/\/www.europesays.com\/fr\/wp-json\/wp\/v2\/posts\/661916","targetHints":{"allow":["GET"]}}],"collection":[{"href":"https:\/\/www.europesays.com\/fr\/wp-json\/wp\/v2\/posts"}],"about":[{"href":"https:\/\/www.europesays.com\/fr\/wp-json\/wp\/v2\/types\/post"}],"author":[{"embeddable":true,"href":"https:\/\/www.europesays.com\/fr\/wp-json\/wp\/v2\/users\/2"}],"replies":[{"embeddable":true,"href":"https:\/\/www.europesays.com\/fr\/wp-json\/wp\/v2\/comments?post=661916"}],"version-history":[{"count":0,"href":"https:\/\/www.europesays.com\/fr\/wp-json\/wp\/v2\/posts\/661916\/revisions"}],"wp:featuredmedia":[{"embeddable":true,"href":"https:\/\/www.europesays.com\/fr\/wp-json\/wp\/v2\/media\/661917"}],"wp:attachment":[{"href":"https:\/\/www.europesays.com\/fr\/wp-json\/wp\/v2\/media?parent=661916"}],"wp:term":[{"taxonomy":"category","embeddable":true,"href":"https:\/\/www.europesays.com\/fr\/wp-json\/wp\/v2\/categories?post=661916"},{"taxonomy":"post_tag","embeddable":true,"href":"https:\/\/www.europesays.com\/fr\/wp-json\/wp\/v2\/tags?post=661916"}],"curies":[{"name":"wp","href":"https:\/\/api.w.org\/{rel}","templated":true}]}}