{"id":661920,"date":"2026-01-14T01:55:12","date_gmt":"2026-01-14T01:55:12","guid":{"rendered":"https:\/\/www.europesays.com\/fr\/661920\/"},"modified":"2026-01-14T01:55:12","modified_gmt":"2026-01-14T01:55:12","slug":"fc-nantes-cest-pas-fini-pour-aboukhlal","status":"publish","type":"post","link":"https:\/\/www.europesays.com\/fr\/661920\/","title":{"rendered":"FC Nantes : c&rsquo;est pas fini pour Aboukhlal"},"content":{"rendered":"<p>Dans le dur depuis son d\u00e9part en Italie, l\u2019ancien Toulousain pourrait revenir du c\u00f4t\u00e9 de la Ligue 1 d\u00e8s cet hiver.<\/p>\n<p>Le dossier Zakaria Aboukhlal (25 ans) refait surface du c\u00f4t\u00e9 de la Beaujoire. Un temps mise en veille en raison de la volont\u00e9 du Torino de conserver l\u2019ailier marocain, la piste serait de nouveau d\u2019actualit\u00e9 selon Ouest-France. Le FC Nantes, d\u00e9j\u00e0 tr\u00e8s actif cet hiver avec les arriv\u00e9es de Machado, Cabella et Sissoko, poursuit son mercato ambitieux et aurait relanc\u00e9 les discussions pour renforcer son couloir droit.<\/p>\n<p>En manque de temps de jeu en Serie A, l\u2019ancien joueur du Toulouse FC avait d\u00e9j\u00e0 \u00e9t\u00e9 approch\u00e9 par les dirigeants nantais et se montrait int\u00e9ress\u00e9 par le projet. Si le club italien avait temporairement referm\u00e9 la porte apr\u00e8s l\u2019avoir utilis\u00e9 lors de plusieurs rencontres, les prestations peu convaincantes d\u2019Aboukhlal auraient finalement conduit le Torino \u00e0 reconsid\u00e9rer un d\u00e9part. Une situation dont les Canaris entendent profiter.<\/p>\n<p>Quel r\u00f4le pour Aboukhlal ?<\/p>\n<p>Reste toutefois la question de l\u2019int\u00e9gration sportive. Ahmed Kantari a r\u00e9cemment trouv\u00e9 un certain \u00e9quilibre en 3-5-2, un syst\u00e8me qui ne garantit pas une place \u00e9vidente \u00e0 Aboukhlal. \u00c0 moins d\u2019un ajustement tactique, comme l\u2019entra\u00eeneur nantais l\u2019a d\u00e9j\u00e0 fait cette saison, l\u2019arriv\u00e9e du Marocain poserait la question de l\u2019organisation offensive. Un point cl\u00e9 dans un dossier qui pourrait encore \u00e9voluer dans les prochains jours.<\/p>\n<blockquote class=\"twitter-tweet\">\n<p lang=\"fr\" dir=\"ltr\">La piste Zakaria Aboukhlal\ud83c\uddf2\ud83c\udde6 est TOUJOURS en cours pour le <a href=\"https:\/\/twitter.com\/hashtag\/FCNantes?src=hash&amp;ref_src=twsrc%5Etfw\" target=\"_blank\" rel=\"noopener\">#FCNantes<\/a>.<\/p>\n<p>(\ud83d\uddde\ufe0f<a href=\"https:\/\/twitter.com\/dphelippeau?ref_src=twsrc%5Etfw\" target=\"_blank\" rel=\"noopener\">@dphelippeau<\/a> \u2013 <a href=\"https:\/\/twitter.com\/PodcastNantes?ref_src=twsrc%5Etfw\" target=\"_blank\" rel=\"noopener\">@PodcastNantes<\/a>) <a href=\"https:\/\/t.co\/V7oit7XLd0\">pic.twitter.com\/V7oit7XLd0<\/a><\/p>\n<p>\u2014 Emmanuel Merceron (@ManuMerceron) <a href=\"https:\/\/twitter.com\/ManuMerceron\/status\/2011113656969543995?ref_src=twsrc%5Etfw\" target=\"_blank\" rel=\"noopener\">January 13, 2026<\/a><\/p><\/blockquote>\n<p><script async src=\"https:\/\/platform.twitter.com\/widgets.js\" charset=\"utf-8\"><\/script><\/p>\n","protected":false},"excerpt":{"rendered":"Dans le dur depuis son d\u00e9part en Italie, l\u2019ancien Toulousain pourrait revenir du c\u00f4t\u00e9 de la Ligue 1&hellip;\n","protected":false},"author":2,"featured_media":661921,"comment_status":"","ping_status":"","sticky":false,"template":"","format":"standard","meta":{"footnotes":""},"categories":[1410],"tags":[63,1011,27,60],"class_list":{"0":"post-661920","1":"post","2":"type-post","3":"status-publish","4":"format-standard","5":"has-post-thumbnail","7":"category-football","8":"tag-football","9":"tag-fr","10":"tag-france","11":"tag-sports"},"share_on_mastodon":{"url":"https:\/\/pubeurope.com\/@fr\/115890967454777069","error":""},"_links":{"self":[{"href":"https:\/\/www.europesays.com\/fr\/wp-json\/wp\/v2\/posts\/661920","targetHints":{"allow":["GET"]}}],"collection":[{"href":"https:\/\/www.europesays.com\/fr\/wp-json\/wp\/v2\/posts"}],"about":[{"href":"https:\/\/www.europesays.com\/fr\/wp-json\/wp\/v2\/types\/post"}],"author":[{"embeddable":true,"href":"https:\/\/www.europesays.com\/fr\/wp-json\/wp\/v2\/users\/2"}],"replies":[{"embeddable":true,"href":"https:\/\/www.europesays.com\/fr\/wp-json\/wp\/v2\/comments?post=661920"}],"version-history":[{"count":0,"href":"https:\/\/www.europesays.com\/fr\/wp-json\/wp\/v2\/posts\/661920\/revisions"}],"wp:featuredmedia":[{"embeddable":true,"href":"https:\/\/www.europesays.com\/fr\/wp-json\/wp\/v2\/media\/661921"}],"wp:attachment":[{"href":"https:\/\/www.europesays.com\/fr\/wp-json\/wp\/v2\/media?parent=661920"}],"wp:term":[{"taxonomy":"category","embeddable":true,"href":"https:\/\/www.europesays.com\/fr\/wp-json\/wp\/v2\/categories?post=661920"},{"taxonomy":"post_tag","embeddable":true,"href":"https:\/\/www.europesays.com\/fr\/wp-json\/wp\/v2\/tags?post=661920"}],"curies":[{"name":"wp","href":"https:\/\/api.w.org\/{rel}","templated":true}]}}