{"id":661922,"date":"2026-01-14T01:56:13","date_gmt":"2026-01-14T01:56:13","guid":{"rendered":"https:\/\/www.europesays.com\/fr\/661922\/"},"modified":"2026-01-14T01:56:13","modified_gmt":"2026-01-14T01:56:13","slug":"je-naime-pas-en-parler-parce-que-je-suis-fier","status":"publish","type":"post","link":"https:\/\/www.europesays.com\/fr\/661922\/","title":{"rendered":"Je n&rsquo;aime pas en parler parce que je suis fier"},"content":{"rendered":"<p>Par <a class=\"author_recette\" id=\"author_name\" href=\"https:\/\/www.nextplz.fr\/auteur\/victoria-buisson\" target=\"_blank\" rel=\"noopener\">Victoria<br \/>\nBuisson<\/a> &#8211;<br \/>\nPubli\u00e9 le 13 Jan 2026 \u00e0<br \/>\n21:30<\/p>\n<p class=\"article-intro excerpt\">Avant d\u2019embrasser une belle<br \/>\ncarri\u00e8re dans le football, Mamadou Sakho a travers\u00e9 bien des<br \/>\n\u00e9preuves. Son enfance n\u2019a pas \u00e9t\u00e9 facile.<\/p>\n<p><img width=\"750\" height=\"410\" src=\"data:image\/svg+xml,%3Csvg%20xmlns=\" http:=\"\" class=\"img-responsive alignnone size-full pinit-here zoom-it\" alt=\"mamadou sakho\" fetchpriority=\"high\" data-lazyloading=\"false\" decoding=\"async\" data-lazy-src=\"https:\/\/www.europesays.com\/fr\/wp-content\/uploads\/2026\/01\/mamadou-sakho-750x410.jpg\"\/><\/p>\n<p>\u00a9 shutterstock<\/p>\n<p>Clap de fin pour Mamadou Sakho. \u00c0 la veille de ses 36 ans, le<br \/>\nc\u00e9l\u00e8bre d\u00e9fenseur a pris la triste d\u00e9cision de tirer un trait sur<br \/>\nsa carri\u00e8re. Ce lundi 12 janvier 2026, <a href=\"https:\/\/www.nextplz.fr\/sport\/page\/7\" target=\"_blank\" rel=\"noopener\">le sportif a<br \/>\nofficiellement<\/a> annonc\u00e9 sa retraite de joueur professionnel<br \/>\napr\u00e8s \u00ab\u00a029 s\u00e9lections et 2 buts iconiques face \u00e0 l\u00a0\u00bbUkraine dont<br \/>\ntout le monde se souvient\u00a0\u00bb, rapporte L&rsquo;\u00c9quipe de France.<br \/>\n\u00ab\u00a0Au moment o\u00f9 il annonce la fin de sa carri\u00e8re, je n\u2019oublie pas<br \/>\nle r\u00f4le important que\u00a0Mamad\u00a0a jou\u00e9 en\u00a0\u00e9quipe de<br \/>\nFrance,\u00a0notamment lors du barrage retour de novembre 2013 face<br \/>\n\u00e0 l\u2019Ukraine\u00a0\u00bb, s&rsquo;est \u00e9galement souvenu Didier Deschamps.<br \/>\n\u00ab\u00a0Et plus globalement, sa d\u00e9termination et sa combativit\u00e9<br \/>\ncontagieuse.\u00a0\u00bb<\/p>\n<p>Mamadou Sakho<br \/>\noblig\u00e9 de mendier pour manger<\/p>\n<p>Joueur talentueux, <a href=\"https:\/\/www.instagram.com\/mamadousakho\/?hl=fr\" target=\"_blank\" rel=\"noopener\">Mamadou Sakho a travers\u00e9 bien des \u00e9preuves<\/a> avant de<br \/>\ndevenir une v\u00e9ritable star du football. Il y a quelques ann\u00e9es,<br \/>\nc&rsquo;est au micro de Sportmail, la rubrique sport du<br \/>\nDaily Mail, que le jeune homme avait d&rsquo;ailleurs accept\u00e9<br \/>\nd&rsquo;aborder le sujet. Dans les colonnes de nos confr\u00e8res, il avait<br \/>\nlonguement \u00e9voqu\u00e9 son enfance dans le quartier de la Goutte d&rsquo;or \u00e0<br \/>\nParis : \u00ab\u00a0J&rsquo;\u00e9tais dans la rue, demandant des pi\u00e8ces\u00a0\u00bb.<\/p>\n<p>\u00ab\u00a0Des pi\u00e8ces pour m&rsquo;acheter du<br \/>\npain\u00a0\u00bb<\/p>\n<p>Au cours de cet entretien, l&rsquo;international fran\u00e7ais avait livr\u00e9<br \/>\nune triste anecdote. \u00ab\u00a0Une femme \u00e0 qui j&rsquo;en ai demand\u00e9 s&rsquo;est<br \/>\nagripp\u00e9e \u00e0 son sac comme si j&rsquo;allais lui voler. Cela m&rsquo;a choqu\u00e9<br \/>\nparce que je voulais juste des pi\u00e8ces pour m&rsquo;acheter du pain\u00a0\u00bb,<br \/>\ns&rsquo;\u00e9tait rem\u00e9mor\u00e9 Mamadou Sakho avec \u00e9motion. Et si le p\u00e8re de<br \/>\nfamille a d\u00e9sormais les moyens de vivre confortablement, il<br \/>\nparvient facilement \u00e0 se projeter dans la situation de ceux qui<br \/>\nn&rsquo;ont rien. \u00ab\u00a0Je sais ce que c&rsquo;est d&rsquo;avoir faim, ce qu&rsquo;est le<br \/>\nfroid. Je demandais des pi\u00e8ces pour manger. C&rsquo;\u00e9tait ma vie lorsque<br \/>\nj&rsquo;\u00e9tais jeune. Je n&rsquo;aime pas en parler parce que je suis fier, vous<br \/>\nsavez\u00a0\u00bb, avait-il confi\u00e9.<\/p>\n<p>Le football comme<br \/>\nplanche de salut<\/p>\n<p>C&rsquo;est \u00e0 l&rsquo;\u00e2ge de 13 ans que Mamadou Sakho a su qu&rsquo;il<br \/>\nembrasserait une carri\u00e8re dans le football. Et ce, apr\u00e8s le d\u00e9c\u00e8s<br \/>\nde son p\u00e8re, Souleymane Sakho. \u00ab\u00a0J&rsquo;avais les responsabilit\u00e9s de<br \/>\nma famille tout d&rsquo;un coup, je suis devenu un homme. Ce n&rsquo;\u00e9tait pas<br \/>\nun objectif de devenir footballeur. Une obligation\u00a0\u00bb, avait-il<br \/>\nalors pr\u00e9cis\u00e9. Plus qu&rsquo;un r\u00eave, le sportif a atteint son but tr\u00e8s<br \/>\nrapidement. \u00c0 17 ans, il est d&rsquo;ailleurs devenu le plus jeune<br \/>\ncapitaine du PSG. Une belle r\u00e9ussite et une belle revanche sur la<br \/>\nvie !<\/p>\n<p><script async src=\"\/\/www.instagram.com\/embed.js\"><\/script><\/p>\n","protected":false},"excerpt":{"rendered":"Par Victoria Buisson &#8211; Publi\u00e9 le 13 Jan 2026 \u00e0 21:30 Avant d\u2019embrasser une belle carri\u00e8re dans le&hellip;\n","protected":false},"author":2,"featured_media":661923,"comment_status":"","ping_status":"","sticky":false,"template":"","format":"standard","meta":{"footnotes":""},"categories":[1359],"tags":[58,59,1011,27,973,65861],"class_list":{"0":"post-661922","1":"post","2":"type-post","3":"status-publish","4":"format-standard","5":"has-post-thumbnail","7":"category-people","8":"tag-divertissement","9":"tag-entertainment","10":"tag-fr","11":"tag-france","12":"tag-people","13":"tag-trend"},"share_on_mastodon":{"url":"https:\/\/pubeurope.com\/@fr\/115890971199704736","error":""},"_links":{"self":[{"href":"https:\/\/www.europesays.com\/fr\/wp-json\/wp\/v2\/posts\/661922","targetHints":{"allow":["GET"]}}],"collection":[{"href":"https:\/\/www.europesays.com\/fr\/wp-json\/wp\/v2\/posts"}],"about":[{"href":"https:\/\/www.europesays.com\/fr\/wp-json\/wp\/v2\/types\/post"}],"author":[{"embeddable":true,"href":"https:\/\/www.europesays.com\/fr\/wp-json\/wp\/v2\/users\/2"}],"replies":[{"embeddable":true,"href":"https:\/\/www.europesays.com\/fr\/wp-json\/wp\/v2\/comments?post=661922"}],"version-history":[{"count":0,"href":"https:\/\/www.europesays.com\/fr\/wp-json\/wp\/v2\/posts\/661922\/revisions"}],"wp:featuredmedia":[{"embeddable":true,"href":"https:\/\/www.europesays.com\/fr\/wp-json\/wp\/v2\/media\/661923"}],"wp:attachment":[{"href":"https:\/\/www.europesays.com\/fr\/wp-json\/wp\/v2\/media?parent=661922"}],"wp:term":[{"taxonomy":"category","embeddable":true,"href":"https:\/\/www.europesays.com\/fr\/wp-json\/wp\/v2\/categories?post=661922"},{"taxonomy":"post_tag","embeddable":true,"href":"https:\/\/www.europesays.com\/fr\/wp-json\/wp\/v2\/tags?post=661922"}],"curies":[{"name":"wp","href":"https:\/\/api.w.org\/{rel}","templated":true}]}}