{"id":661928,"date":"2026-01-14T02:00:11","date_gmt":"2026-01-14T02:00:11","guid":{"rendered":"https:\/\/www.europesays.com\/fr\/661928\/"},"modified":"2026-01-14T02:00:11","modified_gmt":"2026-01-14T02:00:11","slug":"les-pronostics-hippiques-de-sebastien-mortagne-mercredi-14-janvier-rdl-la-radio-qui-chante","status":"publish","type":"post","link":"https:\/\/www.europesays.com\/fr\/661928\/","title":{"rendered":"Les Pronostics Hippiques de S\u00e9bastien Mortagne : Mercredi 14 Janvier &#8211; RDL &#8211; La Radio qui Chante"},"content":{"rendered":"<ol>\n<li><a href=\"https:\/\/news.google.com\/rss\/articles\/CBMiXkFVX3lxTE9LTEhRMzM5NkE1dmJya3pMblhoaklCZjFPMGl4V0pPMnJMazl6QTNXQTV6blg5dkY3UE9UT3hYX0RFQUV4RmNOMUp1VG84RUpOSTREZDVVcTAyVGpHRFE?oc=5\" target=\"_blank\" rel=\"noopener\">Les Pronostics Hippiques de S\u00e9bastien Mortagne : Mercredi 14 Janvier<\/a>&nbsp;&nbsp;RDL &#8211; La Radio qui Chante<\/li>\n<li><a href=\"https:\/\/news.google.com\/rss\/articles\/CBMitwFBVV95cUxQV0tSOVotZEFhS0NVcEUzREwxVVh3QzVjYzZZOFlVTnVnMnQ0WENXQUdOVjhGRkRfV2hyQTdUZTd6d01Zd1g1c0lPR01vUFM5YU1VQUZtWXdpSnlaZElQT3FqUjIwQklKNjQwWXl4R2RwZl9FdW5GdFA4R18zUmxyMFM3SW9QTUpDT2dhVGZwZ0ZhMnpLWEpiLVYxWUVOa2FLOHgzd1RCUjVtMGJybzN6OHdRYkpIWm8?oc=5\" target=\"_blank\" rel=\"noopener\">Quint\u00e9 du mercredi 14 janvier 2026 \u00e0 Cagnes-sur-Mer : les pronostics<\/a>&nbsp;&nbsp;RTL.fr<\/li>\n<li><a href=\"https:\/\/news.google.com\/rss\/articles\/CBMisAFBVV95cUxOcVZvLUhFY2ZtV0JWQVdzT29VQ0RfcXN6NXo2SFRYNS1MWFFmcy1OMVFkVTNiWTIxeE04dERySVlHLWh3LW5CcjdQczYtWldPdlFrd01nQUZkeVpUcWhmcTRGQms3dDFYbmVXeWFydmpFU09yMWx1cGprOU9NQXdPcWpySi0wNWVoODZ5ZmVOSEVwX0dWSzN5ZmEweUhzN1hMdTIycnEyUHF4X250aFAxMA?oc=5\" target=\"_blank\" rel=\"noopener\">Les pronos hippiques du mercredi 14 janvier 2026<\/a>&nbsp;&nbsp;RMC Sport<\/li>\n<li><a href=\"https:\/\/news.google.com\/rss\/articles\/CBMi1wFBVV95cUxNbHRab182WjVDSHByeXI2NHQ4V2V5MDc5cGd2RTNGODVjYlItZTVnV2drTGdUUy1LSlRyQXFWX0FidG9KV1pmTmJ1Q3dLUHAwbkVyYXFDaDBlWGNYb1FxMTh3SldETHBqT281d0J0bVE0dnY5Q1U5d2dXTEhXY2d3TXFOTlNUTjFhbDd4Q2E5WUdSUlQyQ2ZvZEtCdnZ4VWQ3VDVBVnRVbjM1NmRBWXRYdkxKbWs5UDNpQ25oWGhqeTdBc25LRU91MDByWTliNnFIdHhweWJxUQ?oc=5\" target=\"_blank\" rel=\"noopener\">Les pronostics des experts pour la r\u00e9union 1 \u00e0 CAGNES-SUR-MER ce mercredi 14 janvier<\/a>&nbsp;&nbsp;Equidia<\/li>\n<li><a href=\"https:\/\/news.google.com\/rss\/articles\/CBMinAJBVV95cUxPWVNBOHJGMmc5ZFdXNFh6Y00zWld3T3htNjNST3U3RG4yd3l5WWx2ZmxVVnVfTXBKRi1TUVJNRTFTNWprQ3oySnJSTHhxZGJtUXpxaExWeG9TdVl5OFhaNkFQZXAyanBEUzVtal80TjFnYTJGUmlXS3dEeVBIOFpldkVpa0NtMWRINExSQzJCNTYyODNjNmRUbUg5Q0hzU05yUHpqelQ5Z2FnUTRGbFhyaDZtTHQ4cGhfVFlBdW1qcUtXaUtkT24xMGpES3dlQm5lMDJVMjVIVndKUzVZUTNMcUpHVG1hX0x3VmRhamFEV21OWkx2VzJwdEZQZzhWeFJpZTFSS00xdWFHT1Zoei1CaUJTTGFCZDA3c1ZYaA?oc=5\" target=\"_blank\" rel=\"noopener\">Quint\u00e9 du mercredi 14 janvier \u00e0 Cagnes-sur-Mer : la reconversion r\u00e9ussie de Ludovic Cadot, entra\u00eeneur de Kahuna<\/a>&nbsp;&nbsp;Le Parisien<\/li>\n<\/ol>\n","protected":false},"excerpt":{"rendered":"Les Pronostics Hippiques de S\u00e9bastien Mortagne : Mercredi 14 Janvier&nbsp;&nbsp;RDL &#8211; La Radio qui Chante Quint\u00e9 du mercredi&hellip;\n","protected":false},"author":2,"featured_media":650769,"comment_status":"","ping_status":"","sticky":false,"template":"","format":"standard","meta":{"footnotes":""},"categories":[1355],"tags":[119,11,3723,37292,9420,58,920,33,59,1011,27,37289,37290,1114,303,37291,4253,5672,1361,873,12,1308,37294,23862,1072,1825,37288,37293,37295,71,1097],"class_list":{"0":"post-661928","1":"post","2":"type-post","3":"status-publish","4":"format-standard","5":"has-post-thumbnail","7":"category-musique","8":"tag-accident","9":"tag-actualites","10":"tag-actus","11":"tag-bethune","12":"tag-calais","13":"tag-divertissement","14":"tag-dunkerque","15":"tag-economie","16":"tag-entertainment","17":"tag-fr","18":"tag-france","19":"tag-info-locale","20":"tag-info-regionale","21":"tag-infos","22":"tag-justice","23":"tag-le-voix-du-nord","24":"tag-lens","25":"tag-montreuil","26":"tag-music","27":"tag-musique","28":"tag-news","29":"tag-nord","30":"tag-nord-littoral","31":"tag-pas-de-calais","32":"tag-police","33":"tag-radio","34":"tag-rdl","35":"tag-saint-omer","36":"tag-saint-pol-sur-ternoise","37":"tag-sante","38":"tag-trafic"},"share_on_mastodon":{"url":"https:\/\/pubeurope.com\/@fr\/115890986858722332","error":""},"_links":{"self":[{"href":"https:\/\/www.europesays.com\/fr\/wp-json\/wp\/v2\/posts\/661928","targetHints":{"allow":["GET"]}}],"collection":[{"href":"https:\/\/www.europesays.com\/fr\/wp-json\/wp\/v2\/posts"}],"about":[{"href":"https:\/\/www.europesays.com\/fr\/wp-json\/wp\/v2\/types\/post"}],"author":[{"embeddable":true,"href":"https:\/\/www.europesays.com\/fr\/wp-json\/wp\/v2\/users\/2"}],"replies":[{"embeddable":true,"href":"https:\/\/www.europesays.com\/fr\/wp-json\/wp\/v2\/comments?post=661928"}],"version-history":[{"count":0,"href":"https:\/\/www.europesays.com\/fr\/wp-json\/wp\/v2\/posts\/661928\/revisions"}],"wp:featuredmedia":[{"embeddable":true,"href":"https:\/\/www.europesays.com\/fr\/wp-json\/wp\/v2\/media\/650769"}],"wp:attachment":[{"href":"https:\/\/www.europesays.com\/fr\/wp-json\/wp\/v2\/media?parent=661928"}],"wp:term":[{"taxonomy":"category","embeddable":true,"href":"https:\/\/www.europesays.com\/fr\/wp-json\/wp\/v2\/categories?post=661928"},{"taxonomy":"post_tag","embeddable":true,"href":"https:\/\/www.europesays.com\/fr\/wp-json\/wp\/v2\/tags?post=661928"}],"curies":[{"name":"wp","href":"https:\/\/api.w.org\/{rel}","templated":true}]}}