{"id":661929,"date":"2026-01-14T02:01:10","date_gmt":"2026-01-14T02:01:10","guid":{"rendered":"https:\/\/www.europesays.com\/fr\/661929\/"},"modified":"2026-01-14T02:01:10","modified_gmt":"2026-01-14T02:01:10","slug":"la-critique-dun-prometteur-premier-film-suisse","status":"publish","type":"post","link":"https:\/\/www.europesays.com\/fr\/661929\/","title":{"rendered":"la critique d&rsquo;un prometteur premier film suisse"},"content":{"rendered":"<p>Entre thriller et com\u00e9die dramatique, un premier film suisse o\u00f9 brille Oph\u00e9lia Kolb.<\/p>\n<p><strong>Le synopsis<\/strong><\/p>\n<p>De premier abord, tout \u00e0 l\u2019air normal. Une m\u00e8re et ses trois enfants vont au supermarch\u00e9. Sur le parking, Jule gare nerveusement sa voiture d\u2019\u200bun autre temps. Elle d\u00e9pose sa fratrie dans un caf\u00e9, commande une boisson pour trois. Et file. Elle en a pour cinq minutes. Mais elle ne reviendra pas. Claire, Lo\u00efc et Sami vont rentrer par leurs propres moyens. Parce qu\u2019ils font partie de ceux qui n\u2019ont rien.<\/p>\n<p>    La suite apr\u00e8s cette publicit\u00e9<\/p>\n<p>La critique de Paris Match (3\/5)<\/p>\n<p>D\u2019apparence, \u00ab\u00a0Les Courageux\u00a0\u00bb a tout du drame social classique. Mais tr\u00e8s vite le premier film de Jasmin Gordon sort de cette voie toute trac\u00e9e. Car Jule ne s\u2019explique jamais. Si devant sa fille et ses gar\u00e7ons, elle donne le change, le spectateur lui assiste \u00e0 toutes ses combines, mises en place pour simplement subvenir \u00e0 ses besoins et \u00e0 ceux de ses enfants. Administration born\u00e9e, portes ferm\u00e9es, illusions perdues, tout r\u00e9siste \u00e0 cette femme, dont on comprend au fur et \u00e0 mesure que le film avance qu\u2019elle poss\u00e8de un pass\u00e9 de d\u00e9linquante. La force de ces \u00abCourageux\u00a0\u00bb r\u00e9side justement dans ses non-dits. Jule est mu\u00e9e par la rage des battantes\u00a0: rien ne pourra la s\u00e9parer de ses enfants. Pourquoi et comment la famille s\u2019est-elle retrouv\u00e9e en Suisse\u00a0? La cin\u00e9aste ne cherche m\u00eame pas \u00e0 aider les spectateurs. Tout juste saura-t-on que le quatuor a d\u00fbquitter Nancy et que Jule porte un bracelet \u00e9lectronique au mollet.<\/p>\n<p>    La suite apr\u00e8s cette publicit\u00e9<\/p>\n<p>Oph\u00e9lia Kolb (Colette dans \u00abCam\u00e9ra caf\u00e9\u00bb) incarne somptueusement cette m\u00e8re \u00e0 bout de souffle, \u00e9puis\u00e9e par son absence de ressources, berc\u00e9e uniquement par le souffle du vent dans les arbres. Mais l\u2019amour immense de ses enfants ne suffit pas \u00e0 apaiser ses angoisses et ses peurs. Sans cesse confront\u00e9 \u00e0 une soci\u00e9t\u00e9 qui ne peut rien pour elle, Jule chercher une libert\u00e9 absolue, celle qu\u2019elle entend dans le souffle des arbres alentour. Mais cette libert\u00e9 est-elle seulement possible dans le monde contemporain\u00a0?\u00a0<\/p>\n<p>\u00c0 sa d\u00e9raison et son envie de tout casser, la cin\u00e9aste oppose le calme olympien des trois enfants, tous impeccablement interpr\u00e9t\u00e9s. Il faut aussi souligner la qualit\u00e9 de la bande-son de Mirjam Skal, compositrice suisse, tr\u00e8s pr\u00e9sente \u00e0 l\u2019\u00e9cran et partie prenante de l\u2019intrigue. Pr\u00e9sent\u00e9 \u00e0 Toronto en 2024,\u00abLes Courageux\u00a0\u00bb a mis du temps avant de faire son chemin jusqu\u2019au public fran\u00e7ais. Il serait dommage de passer \u00e0 c\u00f4t\u00e9.<\/p>\n<p>    La suite apr\u00e8s cette publicit\u00e9<\/p>\n<p>    La suite apr\u00e8s cette publicit\u00e9<\/p>\n<p>\u00ab\u00a0Les Courageux\u00a0\u00bb de Jasmin Gordon<br \/>Avec Ophelia Kolb, Jasmine Kalisz Saurer, Paul Besnier<\/p>\n","protected":false},"excerpt":{"rendered":"Entre thriller et com\u00e9die dramatique, un premier film suisse o\u00f9 brille Oph\u00e9lia Kolb. Le synopsis De premier abord,&hellip;\n","protected":false},"author":2,"featured_media":661930,"comment_status":"","ping_status":"","sticky":false,"template":"","format":"standard","meta":{"footnotes":""},"categories":[1354],"tags":[58,59,1346,1011,27,1360],"class_list":{"0":"post-661929","1":"post","2":"type-post","3":"status-publish","4":"format-standard","5":"has-post-thumbnail","7":"category-films","8":"tag-divertissement","9":"tag-entertainment","10":"tag-films","11":"tag-fr","12":"tag-france","13":"tag-movies"},"share_on_mastodon":{"url":"https:\/\/pubeurope.com\/@fr\/115890990986607302","error":""},"_links":{"self":[{"href":"https:\/\/www.europesays.com\/fr\/wp-json\/wp\/v2\/posts\/661929","targetHints":{"allow":["GET"]}}],"collection":[{"href":"https:\/\/www.europesays.com\/fr\/wp-json\/wp\/v2\/posts"}],"about":[{"href":"https:\/\/www.europesays.com\/fr\/wp-json\/wp\/v2\/types\/post"}],"author":[{"embeddable":true,"href":"https:\/\/www.europesays.com\/fr\/wp-json\/wp\/v2\/users\/2"}],"replies":[{"embeddable":true,"href":"https:\/\/www.europesays.com\/fr\/wp-json\/wp\/v2\/comments?post=661929"}],"version-history":[{"count":0,"href":"https:\/\/www.europesays.com\/fr\/wp-json\/wp\/v2\/posts\/661929\/revisions"}],"wp:featuredmedia":[{"embeddable":true,"href":"https:\/\/www.europesays.com\/fr\/wp-json\/wp\/v2\/media\/661930"}],"wp:attachment":[{"href":"https:\/\/www.europesays.com\/fr\/wp-json\/wp\/v2\/media?parent=661929"}],"wp:term":[{"taxonomy":"category","embeddable":true,"href":"https:\/\/www.europesays.com\/fr\/wp-json\/wp\/v2\/categories?post=661929"},{"taxonomy":"post_tag","embeddable":true,"href":"https:\/\/www.europesays.com\/fr\/wp-json\/wp\/v2\/tags?post=661929"}],"curies":[{"name":"wp","href":"https:\/\/api.w.org\/{rel}","templated":true}]}}