{"id":661933,"date":"2026-01-14T02:03:11","date_gmt":"2026-01-14T02:03:11","guid":{"rendered":"https:\/\/www.europesays.com\/fr\/661933\/"},"modified":"2026-01-14T02:03:11","modified_gmt":"2026-01-14T02:03:11","slug":"mort-dans-une-avalanche-dueli-kestenholz-premier-snowboarder-de-lhistoire-medaille-olympique-en-1998","status":"publish","type":"post","link":"https:\/\/www.europesays.com\/fr\/661933\/","title":{"rendered":"Mort dans une avalanche d\u2019Ueli Kestenholz, premier snowboarder de l\u2019histoire m\u00e9daill\u00e9 olympique, en 1998"},"content":{"rendered":"<p class=\"paragraph text_align_left lp-f-body-02\">\u00ab Sa vie aura \u00e9t\u00e9 trop courte. Bien trop courte \u00bb. La f\u00e9d\u00e9ration des sports de neige en Suisse a ainsi annonc\u00e9 ce mardi la mort \u00e0 50 ans du c\u00e9l\u00e8bre snowboarder Ueli Kestenholz dans une avalanche ce week-end \u00e0 L\u00f6tschental.<\/p>\n<p class=\"\">Mari\u00e9 et p\u00e8re deux enfants de 17 et 9 ans, Ueli Kestenholz est c\u00e9l\u00e8bre pour avoir \u00e9t\u00e9 le <a href=\"https:\/\/www.leparisien.fr\/sports\/JO\/jo-2018-les-valeurs-du-snowboard-sont-elles-solubles-dans-les-jeux-13-02-2018-7556352.php\" target=\"_blank\" rel=\"noreferrer noopener\">premier snowboarder de l\u2019histoire m\u00e9daill\u00e9 des Jeux olympiques<\/a>, \u00e0 22 ans, en 1998. Il avait alors obtenu la m\u00e9daille de bronze en slalom g\u00e9ant masculin \u00e0 Nagano (Japon).<\/p>\n<p class=\"\">Le snowboarder, originaire de Gwatt, en Suisse, a \u00e9galement \u00e9t\u00e9 champion du monde en 2000 et 2001. Il a encore gagn\u00e9 l\u2019\u00e9preuve de snowboard cross des Winter X Games en 2003 et en 2004, cette comp\u00e9tition annuelle de sports extr\u00eames.<\/p>\n<p class=\"\">Il \u00e9tait \u00ab un v\u00e9ritable athl\u00e8te universel \u00bb, a salu\u00e9 <a href=\"https:\/\/www.swiss-ski.ch\/fr\/newsroom\/news\/in-tiefer-trauer-um-ueli-kestenholz-1\" target=\"_blank\" rel=\"noreferrer noopener\">Swiss Ski dans son communiqu\u00e9<\/a>. Apr\u00e8s sa retraite, \u00ab il a \u00e9t\u00e9 freerider, speedrider, parapentiste, kitesurfer, parachutiste, surfeur, wingfoileur et v\u00e9t\u00e9tiste \u00bb, \u00e9num\u00e8re la f\u00e9d\u00e9ration.<\/p>\n<p class=\"lp-card-podcast-highlighting__title  lp-f-subtitle-05\">[2\/2] Affaire \u00c9velyne Boucher\u00a0: deux d\u00e9cennies pour \u00e9tablir la v\u00e9rit\u00e9<\/p>\n<p><a class=\"lp-card-podcast-highlighting__call-to-action\" data-page-type=\"HP\" data-block-name=\"podcast-highlight\">\u00c9couter<\/a>Avalanche \u00e0 2 400 m<\/p>\n<p class=\"\">L\u2019avalanche qui a enseveli Ueli Kestenholz dimanche midi, <a href=\"https:\/\/www.policevalais.ch\/communiques-pour-les-medias\/kippel-une-avalanche-fait-un-blesse\/\" target=\"_blank\" rel=\"noreferrer noopener\">selon la police valaisane dans un communiqu\u00e9<\/a>, s\u2019est d\u00e9clench\u00e9e pour \u00ab une raison encore inconnue \u00bb alors qu\u2019il \u00e9tait \u00e0 2 400 m d\u2019altitude avec un autre skieur sur le versant est du Hockuchriz.<\/p>\n<p class=\"\">\u00ab Le skieur a pu se mettre de lui-m\u00eame en s\u00e9curit\u00e9 \u00bb et Ueli Kestenholz \u00ab a pu \u00eatre d\u00e9gag\u00e9 par son coll\u00e8gue ainsi que par les secours de l\u2019Organisation cantonale valaisane des secours (OCVS), avec l\u2019appui de trois h\u00e9licopt\u00e8res \u00bb, peut-on encore lire.<\/p>\n<p class=\"\">Ueli Kestenholz a finalement \u00ab \u00e9t\u00e9 transport\u00e9 en h\u00e9licopt\u00e8re \u00e0 l\u2019h\u00f4pital de Vi\u00e8ge, puis \u00e0 l\u2019h\u00f4pital de Sion \u00bb o\u00f9 il est d\u00e9c\u00e9d\u00e9. \u00ab Une instruction a \u00e9t\u00e9 ouverte par le Minist\u00e8re public \u00bb, explique encore la police valaisane.<\/p>\n<p class=\"\">\u00ab La vie est trop courte pour ne faire qu\u2019un seul sport \u00bb, peut-on encore lire <a href=\"https:\/\/kestenholz.com\/\" target=\"_blank\" rel=\"noreferrer noopener\">sur la banni\u00e8re de son site Internet<\/a>, qui permettrait de vendre des stages, des cours particuliers ou des exp\u00e9ditions, parfois extr\u00eames.<\/p>\n","protected":false},"excerpt":{"rendered":"\u00ab Sa vie aura \u00e9t\u00e9 trop courte. Bien trop courte \u00bb. La f\u00e9d\u00e9ration des sports de neige en&hellip;\n","protected":false},"author":2,"featured_media":661934,"comment_status":"","ping_status":"","sticky":false,"template":"","format":"standard","meta":{"footnotes":""},"categories":[9],"tags":[118,1011,27,60],"class_list":{"0":"post-661933","1":"post","2":"type-post","3":"status-publish","4":"format-standard","5":"has-post-thumbnail","7":"category-sports","8":"tag-faits-divers","9":"tag-fr","10":"tag-france","11":"tag-sports"},"share_on_mastodon":{"url":"https:\/\/pubeurope.com\/@fr\/115890998821923672","error":""},"_links":{"self":[{"href":"https:\/\/www.europesays.com\/fr\/wp-json\/wp\/v2\/posts\/661933","targetHints":{"allow":["GET"]}}],"collection":[{"href":"https:\/\/www.europesays.com\/fr\/wp-json\/wp\/v2\/posts"}],"about":[{"href":"https:\/\/www.europesays.com\/fr\/wp-json\/wp\/v2\/types\/post"}],"author":[{"embeddable":true,"href":"https:\/\/www.europesays.com\/fr\/wp-json\/wp\/v2\/users\/2"}],"replies":[{"embeddable":true,"href":"https:\/\/www.europesays.com\/fr\/wp-json\/wp\/v2\/comments?post=661933"}],"version-history":[{"count":0,"href":"https:\/\/www.europesays.com\/fr\/wp-json\/wp\/v2\/posts\/661933\/revisions"}],"wp:featuredmedia":[{"embeddable":true,"href":"https:\/\/www.europesays.com\/fr\/wp-json\/wp\/v2\/media\/661934"}],"wp:attachment":[{"href":"https:\/\/www.europesays.com\/fr\/wp-json\/wp\/v2\/media?parent=661933"}],"wp:term":[{"taxonomy":"category","embeddable":true,"href":"https:\/\/www.europesays.com\/fr\/wp-json\/wp\/v2\/categories?post=661933"},{"taxonomy":"post_tag","embeddable":true,"href":"https:\/\/www.europesays.com\/fr\/wp-json\/wp\/v2\/tags?post=661933"}],"curies":[{"name":"wp","href":"https:\/\/api.w.org\/{rel}","templated":true}]}}