{"id":661938,"date":"2026-01-14T02:06:11","date_gmt":"2026-01-14T02:06:11","guid":{"rendered":"https:\/\/www.europesays.com\/fr\/661938\/"},"modified":"2026-01-14T02:06:11","modified_gmt":"2026-01-14T02:06:11","slug":"credit-suisse-va-verser-plus-de-900-000-euros-a-une-ancienne-salariee-pour-discrimination-liee-a-une-grossesse","status":"publish","type":"post","link":"https:\/\/www.europesays.com\/fr\/661938\/","title":{"rendered":"Cr\u00e9dit Suisse va verser plus de 900.000 euros \u00e0 une ancienne salari\u00e9e pour discrimination li\u00e9e \u00e0 une grossesse"},"content":{"rendered":"<p>\n    La plaignante, embauch\u00e9e par Cr\u00e9dit Suisse en 2009, consid\u00e9rait avoir \u00e9t\u00e9 victime d\u2019une discrimination \u00aben raison de son sexe, de sa maternit\u00e9 et de sa qualit\u00e9 de m\u00e8re\u00bb.<\/p>\n<p class=\"fig-paragraph\">Cr\u00e9dit Suisse a \u00e9t\u00e9 condamn\u00e9 mardi \u00e0 verser 910.000 euros de dommages et int\u00e9r\u00eats \u00e0 une ancienne tradeuse qui avait vu sa promotion et la hausse de sa r\u00e9mun\u00e9ration interrompues suite \u00e0\u00a0<a href=\"http:\/\/www.lefigaro.fr\/voyages\/conseils\/nous-savons-ces-equipements-obsoletes-la-securite-de-l-aeroport-d-athenes-en-question-apres-une-grosse-panne-20260113\" data-fig-type=\"NewsFlash\" data-gtm-custom-categorie=\"navigation\" data-gtm-custom-action=\"crossclick\" data-gtm-custom-label=\"Contextuel\" data-gtm-event=\"customEventSPE\" data-fig-domain=\"LEFIGARO\" target=\"_blank\" rel=\"noopener\">l&rsquo;annonce de sa grossesse<\/a>, selon un arr\u00eat de la cour d&rsquo;appel de Paris consult\u00e9 par l&rsquo;AFP. Dans le d\u00e9tail, Cr\u00e9dit Suisse est condamn\u00e9 \u00e0 \u00ab900.000 euros \u00e0 titre de\u00a0<a href=\"http:\/\/www.lefigaro.fr\/flash-actu\/le-parlement-europeen-reclame-3-5-millions-d-euros-de-dommages-interets-au-rassemblement-national-20250422\" data-fig-type=\"NewsFlash\" data-gtm-custom-categorie=\"navigation\" data-gtm-custom-action=\"crossclick\" data-gtm-custom-label=\"Contextuel\" data-gtm-event=\"customEventSPE\" data-fig-domain=\"LEFIGARO\" target=\"_blank\" rel=\"noopener\">dommages et int\u00e9r\u00eats<\/a> \u00a0pour le pr\u00e9judice \u00e9conomique du fait de la discrimination\u00bb, et 10.000 euros \u00ab\u00e0 titre de dommages et int\u00e9r\u00eats pour le pr\u00e9judice moral\u00bb.<\/p>\n<p class=\"fig-paragraph\">La plaignante, embauch\u00e9e par Cr\u00e9dit Suisse en 2009 au grade de \u00abvice pr\u00e9sident\u00bb au sein de la succursale fran\u00e7aise de Cr\u00e9dit Suisse au Royaume-Uni, consid\u00e9rait avoir \u00e9t\u00e9 victime d&rsquo;une discrimination \u00aben raison de son sexe, de sa maternit\u00e9 et de sa qualit\u00e9 de m\u00e8re\u00bb. Devant la justice, elle a invoqu\u00e9 une dizaine de faits \u00e0 l&rsquo;appui de son all\u00e9gation, parmi lesquels \u00abune discrimination sexuelle structurelle au sein de l&rsquo;entreprise\u00bb ou encore la \u00absuppression soudaine de sa r\u00e9mun\u00e9ration variable concomitante avec sa grossesse\u00bb.<\/p>\n<p>                                            <a class=\"fig-a11y-skip\" href=\"#fig-a11y-skip-main-inarticle\" data-module=\"a11y-skip\" data-context=\"was @visible\"><br \/>\n    Passer la publicit\u00e9<br \/>\n<\/a>            <\/p>\n<p>                                            \u00abDiscrimination sexuelle structurelle\u00bb<\/p>\n<p class=\"fig-paragraph\">Dans sa d\u00e9cision, la cour d&rsquo;appel de Paris lui donne raison sur l&rsquo;ensemble des faits invoqu\u00e9s. L&rsquo;arr\u00eat indique notamment que les documents fournis par la plaignante \u00ab\u00e9tablissent mat\u00e9riellement\u00bb la \u00abdiscrimination sexuelle structurelle au sein de l&rsquo;entreprise\u00bb. Trois ans apr\u00e8s son arriv\u00e9e, en 2012, la plaignante avait demand\u00e9 \u00e0 \u00eatre promue au grade de \u00abdirector\u00bb. Deux ans plus tard, elle avait annonc\u00e9 sa grossesse, en septembre 2014. La banque n&rsquo;a jamais donn\u00e9 suite \u00e0 sa demande de promotion. Apr\u00e8s plusieurs p\u00e9riodes de cong\u00e9s li\u00e9es \u00e0 sa maternit\u00e9, l&#8217;employ\u00e9e a fini par signer une rupture conventionnelle en juin 2016.<\/p>\n<p class=\"fig-paragraph\">En premi\u00e8re instance, en 2019, le conseil des prud&rsquo;hommes de Paris avait reconnu l&rsquo;existence d&rsquo;une discrimination fond\u00e9e sur le sexe et la maternit\u00e9 de l&rsquo;ancienne salari\u00e9e et condamn\u00e9 Cr\u00e9dit Suisse \u00e0 verser 150.000 euros en r\u00e9paration du pr\u00e9judice. L&rsquo;ancienne tradeuse avait interjet\u00e9 appel, consid\u00e9rant que la somme \u00e9tait trop faible au regard des r\u00e9mun\u00e9rations et bonus qu&rsquo;elle aurait pu percevoir.<\/p>\n<p class=\"fig-paragraph\">La cour d&rsquo;appel n&rsquo;avait pas reconnu la discrimination, d\u00e9boutant l&rsquo;ancienne employ\u00e9e de sa demande. Mais cette d\u00e9cision a \u00e9t\u00e9 cass\u00e9e en novembre 2024 par la Cour de cassation qui a renvoy\u00e9 l&rsquo;affaire devant la cour d&rsquo;appel. En proie \u00e0 des difficult\u00e9s, Cr\u00e9dit Suisse a depuis \u00e9t\u00e9 rachet\u00e9 par sa principale concurrente, UBS. La d\u00e9cision n&rsquo;est pas d\u00e9finitive, Cr\u00e9dit Suisse pouvant \u00e0 nouveau se pourvoir en cassation.<\/p>\n","protected":false},"excerpt":{"rendered":"La plaignante, embauch\u00e9e par Cr\u00e9dit Suisse en 2009, consid\u00e9rait avoir \u00e9t\u00e9 victime d\u2019une discrimination \u00aben raison de son&hellip;\n","protected":false},"author":2,"featured_media":661939,"comment_status":"","ping_status":"","sticky":false,"template":"","format":"standard","meta":{"footnotes":""},"categories":[6],"tags":[35,76318,11412,33,34,1011,27],"class_list":{"0":"post-661938","1":"post","2":"type-post","3":"status-publish","4":"format-standard","5":"has-post-thumbnail","7":"category-economie","8":"tag-business","9":"tag-credit-suisse","10":"tag-discrimination","11":"tag-economie","12":"tag-economy","13":"tag-fr","14":"tag-france"},"share_on_mastodon":{"url":"https:\/\/pubeurope.com\/@fr\/115891010562140993","error":""},"_links":{"self":[{"href":"https:\/\/www.europesays.com\/fr\/wp-json\/wp\/v2\/posts\/661938","targetHints":{"allow":["GET"]}}],"collection":[{"href":"https:\/\/www.europesays.com\/fr\/wp-json\/wp\/v2\/posts"}],"about":[{"href":"https:\/\/www.europesays.com\/fr\/wp-json\/wp\/v2\/types\/post"}],"author":[{"embeddable":true,"href":"https:\/\/www.europesays.com\/fr\/wp-json\/wp\/v2\/users\/2"}],"replies":[{"embeddable":true,"href":"https:\/\/www.europesays.com\/fr\/wp-json\/wp\/v2\/comments?post=661938"}],"version-history":[{"count":0,"href":"https:\/\/www.europesays.com\/fr\/wp-json\/wp\/v2\/posts\/661938\/revisions"}],"wp:featuredmedia":[{"embeddable":true,"href":"https:\/\/www.europesays.com\/fr\/wp-json\/wp\/v2\/media\/661939"}],"wp:attachment":[{"href":"https:\/\/www.europesays.com\/fr\/wp-json\/wp\/v2\/media?parent=661938"}],"wp:term":[{"taxonomy":"category","embeddable":true,"href":"https:\/\/www.europesays.com\/fr\/wp-json\/wp\/v2\/categories?post=661938"},{"taxonomy":"post_tag","embeddable":true,"href":"https:\/\/www.europesays.com\/fr\/wp-json\/wp\/v2\/tags?post=661938"}],"curies":[{"name":"wp","href":"https:\/\/api.w.org\/{rel}","templated":true}]}}