{"id":661954,"date":"2026-01-14T02:16:22","date_gmt":"2026-01-14T02:16:22","guid":{"rendered":"https:\/\/www.europesays.com\/fr\/661954\/"},"modified":"2026-01-14T02:16:22","modified_gmt":"2026-01-14T02:16:22","slug":"un-detenu-tente-den-etrangler-un-autre-pres-de-montpellier-le-syndicat-fo-sindigne","status":"publish","type":"post","link":"https:\/\/www.europesays.com\/fr\/661954\/","title":{"rendered":"Un d\u00e9tenu tente d\u2019en \u00e9trangler un autre pr\u00e8s de Montpellier\u00a0: le syndicat FO s\u2019indigne"},"content":{"rendered":"<p>\n                                                                Suite \u00e0 cette affaire, le syndicat FO Justice de Villeneuve-les-Maguelone \u00ab\u00a0d\u00e9nonce le maintien de d\u00e9tenus violents en r\u00e9gime ouvert, l\u2019absence de r\u00e9ponses disciplinaires fermes, les alertes ignor\u00e9es mettant en danger permanent les personnels\u00a0\u00bb.\n                            <\/p>\n<p>Villeneuve-les-Maguelone Le dimanche 4\u00a0janvier, un d\u00e9tenu a tent\u00e9 d\u2019en \u00e9trangler un autre sur la coursive, au point que ce dernier ne pouvait plus respirer.<\/p>\n<p>\u00ab\u00a0Face \u00e0 la gravit\u00e9 extr\u00eame des faits et \u00e0 un profil incompatible avec le r\u00e9gime des structures d\u2019accompagnement vers la sortie (SAS), le d\u00e9tenu agressif a \u00e9t\u00e9 plac\u00e9 en r\u00e9gime ferm\u00e9, informe le syndicat FO justice de la Maison d\u2019arr\u00eat de Villeneuve-les-Maguelone. Mais lors de sa r\u00e9int\u00e9gration en cellule, il a refus\u00e9 d\u2019obtemp\u00e9rer. Il a sorti un stylo utilis\u00e9 comme arme par destination et prof\u00e9r\u00e9 des menaces de mort \u00e0 l\u2019encontre des personnels, annon\u00e7ant vouloir \u00ab\u00a0planter un \u0153il ou une gorge\u00a0\u00bb.<\/p>\n<p>\u00ab\u00a0Malgr\u00e9 les injonctions r\u00e9p\u00e9t\u00e9es, son comportement est rest\u00e9 violent, impr\u00e9visible et dangereux, obligeant les agents, apr\u00e8s \u00e9vacuation de l\u2019unit\u00e9, \u00e0 proc\u00e9der \u00e0 une ma\u00eetrise physique pour le d\u00e9sarmer.\u00a0\u00bb<\/p>\n<p>\u00ab\u00a0Alertes ignor\u00e9es\u00a0\u00bb<\/p>\n<p>\u00ab\u00a0Malgr\u00e9 un passif disciplinaire connu, une agression grave, des menaces de mort caract\u00e9ris\u00e9es et l\u2019usage d\u2019une arme par destination, le d\u00e9tenu est affect\u00e9 en d\u00e9tention ordinaire, et le compte rendu d\u2019incident est toujours en attente de traitement\u00a0\u00bb.<\/p>\n<p>Le syndicat FO justice de Villeneuve-les-Maguelone \u00ab\u00a0d\u00e9nonce le maintien de d\u00e9tenus violents en r\u00e9gime ouvert, l\u2019absence de r\u00e9ponses disciplinaires fermes, les alertes ignor\u00e9es mettant en danger permanent les personnels\u00a0\u00bb.<br \/>Il \u00ab\u00a0exige des sanctions disciplinaires exemplaires, une s\u00e9lection des profils\u00a0\u00bb.<\/p>\n","protected":false},"excerpt":{"rendered":"Suite \u00e0 cette affaire, le syndicat FO Justice de Villeneuve-les-Maguelone \u00ab\u00a0d\u00e9nonce le maintien de d\u00e9tenus violents en r\u00e9gime&hellip;\n","protected":false},"author":2,"featured_media":661955,"comment_status":"","ping_status":"","sticky":false,"template":"","format":"standard","meta":{"footnotes":""},"categories":[9599],"tags":[1111,11,1777,674,118,1011,27,7089,2208,12,2680,25],"class_list":{"0":"post-661954","1":"post","2":"type-post","3":"status-publish","4":"format-standard","5":"has-post-thumbnail","7":"category-montpellier","8":"tag-actu","9":"tag-actualites","10":"tag-eu","11":"tag-europe","12":"tag-faits-divers","13":"tag-fr","14":"tag-france","15":"tag-herault","16":"tag-montpellier","17":"tag-news","18":"tag-occitanie","19":"tag-republique-francaise"},"share_on_mastodon":{"url":"https:\/\/pubeurope.com\/@fr\/115891049785789085","error":""},"_links":{"self":[{"href":"https:\/\/www.europesays.com\/fr\/wp-json\/wp\/v2\/posts\/661954","targetHints":{"allow":["GET"]}}],"collection":[{"href":"https:\/\/www.europesays.com\/fr\/wp-json\/wp\/v2\/posts"}],"about":[{"href":"https:\/\/www.europesays.com\/fr\/wp-json\/wp\/v2\/types\/post"}],"author":[{"embeddable":true,"href":"https:\/\/www.europesays.com\/fr\/wp-json\/wp\/v2\/users\/2"}],"replies":[{"embeddable":true,"href":"https:\/\/www.europesays.com\/fr\/wp-json\/wp\/v2\/comments?post=661954"}],"version-history":[{"count":0,"href":"https:\/\/www.europesays.com\/fr\/wp-json\/wp\/v2\/posts\/661954\/revisions"}],"wp:featuredmedia":[{"embeddable":true,"href":"https:\/\/www.europesays.com\/fr\/wp-json\/wp\/v2\/media\/661955"}],"wp:attachment":[{"href":"https:\/\/www.europesays.com\/fr\/wp-json\/wp\/v2\/media?parent=661954"}],"wp:term":[{"taxonomy":"category","embeddable":true,"href":"https:\/\/www.europesays.com\/fr\/wp-json\/wp\/v2\/categories?post=661954"},{"taxonomy":"post_tag","embeddable":true,"href":"https:\/\/www.europesays.com\/fr\/wp-json\/wp\/v2\/tags?post=661954"}],"curies":[{"name":"wp","href":"https:\/\/api.w.org\/{rel}","templated":true}]}}