{"id":661956,"date":"2026-01-14T02:17:26","date_gmt":"2026-01-14T02:17:26","guid":{"rendered":"https:\/\/www.europesays.com\/fr\/661956\/"},"modified":"2026-01-14T02:17:26","modified_gmt":"2026-01-14T02:17:26","slug":"montpellier-un-tiers-lieu-souvre","status":"publish","type":"post","link":"https:\/\/www.europesays.com\/fr\/661956\/","title":{"rendered":"Montpellier : un tiers-lieu s\u2019ouvre"},"content":{"rendered":"<p class=\"c-paragraph\">Inaugur\u00e9 le 18 d\u00e9cembre dans le quartier des Arceaux, \u00e0 Montpellier (H\u00e9rault), le centre Ambroise-Croizat, tiers-lieu social et solidaire de 1 400 m2 SP, r\u00e9sulte de la transformation d\u2019un b\u00e2timent existant. Ses extensions datant des ann\u00e9es 1950, amiant\u00e9es, ont \u00e9t\u00e9 remplac\u00e9es par une construction neuve associant une structure poteaux-dalles en b\u00e9ton et des murs \u00e0 ossature bois.<\/p>\n<p>Inertie thermique<\/p>\n<p class=\"c-paragraph\">Les vo\u00fbtains en b\u00e9ton, qui habillent les fa\u00e7ades donnant sur le jardin de 1 200 m2 am\u00e9nag\u00e9 en c\u0153ur d\u2019\u00eelot, sont un \u00e9l\u00e9ment fort du projet. Pour Tautem Architecture, mandataire de l\u2019\u00e9quipe de ma\u00eetrise d\u2019\u0153uvre, ils donnent une nouvelle identit\u00e9 au lieu et cr\u00e9ent des espaces clairs, dot\u00e9s d\u2019une bonne acoustique et d\u2019une inertie thermique optimale. Quant aux deux parties du b\u00e2timent en pierre donnant sur la rue, elles ont fait l\u2019objet d\u2019une restauration importante.<\/p>\n<p class=\"c-paragraph\">Darver, C\u00e9lestin Charpentes et Pistre font partie des entreprises intervenues sur le chantier, qui a dur\u00e9 trois ans. L\u2019op\u00e9ration, port\u00e9e par le centre communal d\u2019action sociale, a co\u00fbt\u00e9 3,6 M\u20ac HT.<\/p>\n","protected":false},"excerpt":{"rendered":"Inaugur\u00e9 le 18 d\u00e9cembre dans le quartier des Arceaux, \u00e0 Montpellier (H\u00e9rault), le centre Ambroise-Croizat, tiers-lieu social et&hellip;\n","protected":false},"author":2,"featured_media":661957,"comment_status":"","ping_status":"","sticky":false,"template":"","format":"standard","meta":{"footnotes":""},"categories":[9599],"tags":[1111,11,1350,2598,1777,674,1011,27,7089,2208,12,2680,19469,25,7333],"class_list":{"0":"post-661956","1":"post","2":"type-post","3":"status-publish","4":"format-standard","5":"has-post-thumbnail","7":"category-montpellier","8":"tag-actu","9":"tag-actualites","10":"tag-architecture","11":"tag-equipement","12":"tag-eu","13":"tag-europe","14":"tag-fr","15":"tag-france","16":"tag-herault","17":"tag-montpellier","18":"tag-news","19":"tag-occitanie","20":"tag-realisations","21":"tag-republique-francaise","22":"tag-vie-du-btp"},"share_on_mastodon":{"url":"https:\/\/pubeurope.com\/@fr\/115891053672308317","error":""},"_links":{"self":[{"href":"https:\/\/www.europesays.com\/fr\/wp-json\/wp\/v2\/posts\/661956","targetHints":{"allow":["GET"]}}],"collection":[{"href":"https:\/\/www.europesays.com\/fr\/wp-json\/wp\/v2\/posts"}],"about":[{"href":"https:\/\/www.europesays.com\/fr\/wp-json\/wp\/v2\/types\/post"}],"author":[{"embeddable":true,"href":"https:\/\/www.europesays.com\/fr\/wp-json\/wp\/v2\/users\/2"}],"replies":[{"embeddable":true,"href":"https:\/\/www.europesays.com\/fr\/wp-json\/wp\/v2\/comments?post=661956"}],"version-history":[{"count":0,"href":"https:\/\/www.europesays.com\/fr\/wp-json\/wp\/v2\/posts\/661956\/revisions"}],"wp:featuredmedia":[{"embeddable":true,"href":"https:\/\/www.europesays.com\/fr\/wp-json\/wp\/v2\/media\/661957"}],"wp:attachment":[{"href":"https:\/\/www.europesays.com\/fr\/wp-json\/wp\/v2\/media?parent=661956"}],"wp:term":[{"taxonomy":"category","embeddable":true,"href":"https:\/\/www.europesays.com\/fr\/wp-json\/wp\/v2\/categories?post=661956"},{"taxonomy":"post_tag","embeddable":true,"href":"https:\/\/www.europesays.com\/fr\/wp-json\/wp\/v2\/tags?post=661956"}],"curies":[{"name":"wp","href":"https:\/\/api.w.org\/{rel}","templated":true}]}}