{"id":66196,"date":"2025-05-01T05:54:09","date_gmt":"2025-05-01T05:54:09","guid":{"rendered":"https:\/\/www.europesays.com\/fr\/66196\/"},"modified":"2025-05-01T05:54:09","modified_gmt":"2025-05-01T05:54:09","slug":"la-doyenne-du-monde-est-decedee-au-bresil-une-anglaise-prend-sa-place","status":"publish","type":"post","link":"https:\/\/www.europesays.com\/fr\/66196\/","title":{"rendered":"La doyenne du monde est d\u00e9c\u00e9d\u00e9e au Br\u00e9sil, une anglaise prend sa place"},"content":{"rendered":"<p>Elle aura atteint l\u2019\u00e2ge de 116 ans et 326 jours. La doyenne du monde, la nonne <a href=\"https:\/\/www.20minutes.fr\/dossier\/bresil\" target=\"_blank\" class=\"color-ultramarine c-link\" rel=\"nofollow noopener\">br\u00e9silienne<\/a> Inah Canabarro Lucas, est d\u00e9c\u00e9d\u00e9e mercredi, a annonc\u00e9 la Congr\u00e9gation des s\u0153urs th\u00e9r\u00e9siennes au sein de laquelle elle vivait dans la ville de Porto Alegre.<\/p>\n<p>La nouvelle doyenne est d\u00e9sormais une anglaise, Ethel Caterham, qui r\u00e9side dans le comt\u00e9 de Surrey, au <a href=\"https:\/\/www.20minutes.fr\/monde\/royaume-uni\/\" target=\"_blank\" class=\"color-ultramarine c-link\" rel=\"nofollow noopener\">Royaume-Uni<\/a>, et est aujourd\u2019hui \u00e2g\u00e9e de 115 ans et 252 jours, selon le Groupe de recherche en g\u00e9rontologie des <a href=\"https:\/\/www.20minutes.fr\/monde\/etats-unis\/\" target=\"_blank\" class=\"color-ultramarine c-link\" rel=\"nofollow noopener\">Etats-Unis<\/a> (GRG) et LongeviQuest.<\/p>\n<p>N\u00e9e au d\u00e9but du XXe\u00a0si\u00e8cle<\/p>\n<p>N\u00e9e le 8\u00a0juin 1908 dans la ville de Saint-Fran\u00e7ois d\u2019Assise, Inah Canabarro Lucas a \u00e9t\u00e9 reconnue doyenne de l\u2019humanit\u00e9 apr\u00e8s la mort en janvier de la Japonaise Tomiko Itooka, \u00e9galement \u00e2g\u00e9e de 116 ans, selon le GRG et LongeviQuest.<\/p>\n<\/p>\n<p>A 16 ans, elle a entam\u00e9 son initiation religieuse dans une \u00e9cole des S\u0153urs th\u00e9r\u00e9siennes \u00e0 Santana do Livramento, pr\u00e8s de la fronti\u00e8re avec l\u2019<a href=\"https:\/\/www.20minutes.fr\/dossier\/uruguay\" target=\"_blank\" class=\"color-ultramarine c-link\" rel=\"nofollow noopener\">Uruguay<\/a>, avant de vivre bri\u00e8vement \u00e0 Montevideo. Ordonn\u00e9e religieuse \u00e0 l\u2019\u00e2ge de 26 ans, de retour dans son pays, elle entama une longue carri\u00e8re de service religieux, o\u00f9 elle fut \u00e9galement enseignante et secr\u00e9taire. Interrog\u00e9e sur les raisons de sa long\u00e9vit\u00e9, elle l\u2019attribuait \u00e0 Dieu. \u00ab\u00a0Il est le secret de la vie. Il est le secret de tout\u00a0\u00bb, disait-elle.<\/p>\n<p><a href=\"https:\/\/www.20minutes.fr\/dossier\/demographie\" target=\"_blank\" class=\"c-link c-btn c-btn--primary\" rel=\"nofollow noopener\">Notre dossier D\u00e9mographie<\/a><\/p>\n<p>En\u00a02018, \u00e0 pr\u00e8s de 110 ans, elle avait re\u00e7u la b\u00e9n\u00e9diction apostolique du pape Fran\u00e7ois, selon LongeviQuest. Inah Canabarro Lucas est la deuxi\u00e8me religieuse la plus \u00e2g\u00e9e de l\u2019histoire, apr\u00e8s la Fran\u00e7aise Lucile Randon, qui v\u00e9cut jusqu\u2019\u00e0 118 ans.<\/p>\n","protected":false},"excerpt":{"rendered":"Elle aura atteint l\u2019\u00e2ge de 116 ans et 326 jours. La doyenne du monde, la nonne br\u00e9silienne Inah&hellip;\n","protected":false},"author":2,"featured_media":66197,"comment_status":"","ping_status":"","sticky":false,"template":"","format":"standard","meta":{"footnotes":""},"categories":[5],"tags":[47,11,2548,1011,27,14,74,12,473,133,28],"class_list":{"0":"post-66196","1":"post","2":"type-post","3":"status-publish","4":"format-standard","5":"has-post-thumbnail","7":"category-international","8":"tag-actualite","9":"tag-actualites","10":"tag-bresil","11":"tag-fr","12":"tag-france","13":"tag-international","14":"tag-monde","15":"tag-news","16":"tag-royaume-uni","17":"tag-video","18":"tag-world"},"share_on_mastodon":{"url":"https:\/\/pubeurope.com\/@fr\/114431030968924177","error":""},"_links":{"self":[{"href":"https:\/\/www.europesays.com\/fr\/wp-json\/wp\/v2\/posts\/66196","targetHints":{"allow":["GET"]}}],"collection":[{"href":"https:\/\/www.europesays.com\/fr\/wp-json\/wp\/v2\/posts"}],"about":[{"href":"https:\/\/www.europesays.com\/fr\/wp-json\/wp\/v2\/types\/post"}],"author":[{"embeddable":true,"href":"https:\/\/www.europesays.com\/fr\/wp-json\/wp\/v2\/users\/2"}],"replies":[{"embeddable":true,"href":"https:\/\/www.europesays.com\/fr\/wp-json\/wp\/v2\/comments?post=66196"}],"version-history":[{"count":0,"href":"https:\/\/www.europesays.com\/fr\/wp-json\/wp\/v2\/posts\/66196\/revisions"}],"wp:featuredmedia":[{"embeddable":true,"href":"https:\/\/www.europesays.com\/fr\/wp-json\/wp\/v2\/media\/66197"}],"wp:attachment":[{"href":"https:\/\/www.europesays.com\/fr\/wp-json\/wp\/v2\/media?parent=66196"}],"wp:term":[{"taxonomy":"category","embeddable":true,"href":"https:\/\/www.europesays.com\/fr\/wp-json\/wp\/v2\/categories?post=66196"},{"taxonomy":"post_tag","embeddable":true,"href":"https:\/\/www.europesays.com\/fr\/wp-json\/wp\/v2\/tags?post=66196"}],"curies":[{"name":"wp","href":"https:\/\/api.w.org\/{rel}","templated":true}]}}