{"id":661960,"date":"2026-01-14T02:22:19","date_gmt":"2026-01-14T02:22:19","guid":{"rendered":"https:\/\/www.europesays.com\/fr\/661960\/"},"modified":"2026-01-14T02:22:19","modified_gmt":"2026-01-14T02:22:19","slug":"le-court-voyage-a-grenoble-est-programme","status":"publish","type":"post","link":"https:\/\/www.europesays.com\/fr\/661960\/","title":{"rendered":"Le court voyage \u00e0 Grenoble est programm\u00e9 !"},"content":{"rendered":"<p><strong>L\u2019ASSE ne quittera pas la r\u00e9gion durant le mois de mars. Le seul d\u00e9placement pr\u00e9vu pour les Verts durant le troisi\u00e8me mois de l\u2019ann\u00e9e 2026 sera celui \u00e0 Grenoble. La rencontre, qui aura lieu \u00e0 l\u2019occasion de la 27\u1d49 journ\u00e9e de <a href=\"https:\/\/ligue2.fr\" target=\"_blank\" rel=\"noopener\">Ligue 2<\/a>, a \u00e9t\u00e9 programm\u00e9e.<\/strong><\/p>\n<p>Au match aller, l\u2019ASSE a longtemps men\u00e9 apr\u00e8s l\u2019ouverture du score de Micka\u00ebl Nad\u00e9 \u00e0 dix minutes de la pause. Face \u00e0 une \u00e9quipe is\u00e9roise bien regroup\u00e9e, les Verts n\u2019ont jamais r\u00e9ussi \u00e0 faire le break et se sont fait punir en seconde p\u00e9riode. Sur l\u2019une des seules occasions adverses, les hommes d\u2019Eirik <a href=\"https:\/\/peuple-vert.fr\/asse-actualite\/kevin-pedro-prolongation-contrat-asse\/\" target=\"_blank\" rel=\"noopener\">Horneland<\/a> avaient conc\u00e9d\u00e9 l\u2019\u00e9galisation et perdu deux points pr\u00e9cieux \u00e0 domicile\u2026<\/p>\n<p>L\u2019Is\u00e8re r\u00e9ussit bien aux Verts<\/p>\n<p>Ces derni\u00e8res saisons, l\u2019ASSE s\u2019est d\u00e9plac\u00e9e \u00e0 deux reprises du c\u00f4t\u00e9 du Stade des Alpes. En avril 2023, apr\u00e8s neuf rencontres sans perdre, les St\u00e9phanois se d\u00e9pla\u00e7aient \u00e0 Grenoble lors de la 31\u1d49 journ\u00e9e de Ligue 2 pour prolonger leur s\u00e9rie. Apr\u00e8s une premi\u00e8re p\u00e9riode o\u00f9 les Verts n\u2019ont pas r\u00e9ussi \u00e0 forcer le verrou de Brice Maubleu, Niels Nkounkou a d\u00e9bloqu\u00e9 la situation d\u00e8s le retour des vestiaires. Le lat\u00e9ral form\u00e9 \u00e0 l\u2019OM s\u2019est offert un magnifique rush en solitaire avant de conclure en force \u00e0 la 46\u1d49 minute. L\u2019ASSE g\u00e9rera ensuite la rencontre et ajoutera un second but \u00e0 dix minutes du terme. Sur une incompr\u00e9hension entre Maubleu et Monfray, Krasso r\u00e9cup\u00e8re et lobe le portier du GF38 pour parapher le score \u00e0 2-0.<\/p>\n<p>Un an plus tard, les Verts gagneront sur le m\u00eame score en Is\u00e8re. En course pour la seconde place, les Lig\u00e9riens ne devaient pas se manquer mais ont longtemps pein\u00e9 \u00e0 ouvrir le score. \u00c0 la 80\u1d49 minute, Dylan Batubinsika a ouvert la marque et son compteur en Vert d\u2019une t\u00eate id\u00e9alement plac\u00e9e. Quelques instants plus tard, Dylan Chambost portera le score \u00e0 2-0 et permettra \u00e0 l\u2019ASSE d\u2019encha\u00eener un second succ\u00e8s cons\u00e9cutif en trois jours apr\u00e8s sa victoire renversante face \u00e0 Bordeaux.<\/p>\n<p>Le d\u00e9placement de l\u2019ASSE \u00e0 Grenoble est programm\u00e9<\/p>\n<p>L\u2019ASSE se d\u00e9placera \u00e0 Grenoble le samedi 14 mars \u00e0 20 h pour le compte de la 27\u1d49 journ\u00e9e de Ligue 2. beIN SPORTS sera charg\u00e9 de retransmettre la partie, comme \u00e0 l\u2019accoutum\u00e9e.<\/p>\n<p>Programmation compl\u00e8te de la 27\u00e8me journ\u00e9e de Ligue 2<\/p>\n<p><strong>Vendredi 13 mars 2026 \u00e0 20h00 : le Multiplex sur beIN SPORTS 1 et les matchs en int\u00e9gralit\u00e9 sur beIN SPORTS MAX 4 \u00e0 8<\/strong><br \/>EA Guingamp \u2013 Amiens SC<br \/>Montpellier H\u00e9rault SC \u2013 Stade Lavallois MFC<br \/>SC Bastia \u2013 US Boulogne CO<br \/>Clermont Foot 63 \u2013 Pau FC<br \/>AS Nancy-Lorraine \u2013 Le Mans FC<\/p>\n<p><strong>Samedi 14 mars 2026 \u00e0 14h00 sur beIN SPORTS 1<\/strong><br \/>Stade de Reims \u2013 Rodez Aveyron Football<\/p>\n<p><strong>Samedi 14 mars 2026 \u00e0 14h00 sur beIN SPORTS 2<\/strong><br \/>Red Star FC \u2013 USL Dunkerque<\/p>\n<p><strong>Samedi 14 mars 2026 \u00e0 20h00 sur beIN SPORTS 1<\/strong><br \/>Grenoble Foot 38 \u2013 AS Saint-\u00c9tienne<\/p>\n<p><strong>Lundi 16 mars 2026 \u00e0 20h45 sur beIN SPORTS 1<\/strong><br \/>FC Annecy \u2013 ESTAC Troyes<\/p>\n","protected":false},"excerpt":{"rendered":"L\u2019ASSE ne quittera pas la r\u00e9gion durant le mois de mars. Le seul d\u00e9placement pr\u00e9vu pour les Verts&hellip;\n","protected":false},"author":2,"featured_media":661961,"comment_status":"","ping_status":"","sticky":false,"template":"","format":"standard","meta":{"footnotes":""},"categories":[9566],"tags":[1111,11,2430,1777,674,1011,27,2731,12,25],"class_list":{"0":"post-661960","1":"post","2":"type-post","3":"status-publish","4":"format-standard","5":"has-post-thumbnail","7":"category-grenoble","8":"tag-actu","9":"tag-actualites","10":"tag-auvergne-rhone-alpes","11":"tag-eu","12":"tag-europe","13":"tag-fr","14":"tag-france","15":"tag-grenoble","16":"tag-news","17":"tag-republique-francaise"},"share_on_mastodon":{"url":"https:\/\/pubeurope.com\/@fr\/115891073364748054","error":""},"_links":{"self":[{"href":"https:\/\/www.europesays.com\/fr\/wp-json\/wp\/v2\/posts\/661960","targetHints":{"allow":["GET"]}}],"collection":[{"href":"https:\/\/www.europesays.com\/fr\/wp-json\/wp\/v2\/posts"}],"about":[{"href":"https:\/\/www.europesays.com\/fr\/wp-json\/wp\/v2\/types\/post"}],"author":[{"embeddable":true,"href":"https:\/\/www.europesays.com\/fr\/wp-json\/wp\/v2\/users\/2"}],"replies":[{"embeddable":true,"href":"https:\/\/www.europesays.com\/fr\/wp-json\/wp\/v2\/comments?post=661960"}],"version-history":[{"count":0,"href":"https:\/\/www.europesays.com\/fr\/wp-json\/wp\/v2\/posts\/661960\/revisions"}],"wp:featuredmedia":[{"embeddable":true,"href":"https:\/\/www.europesays.com\/fr\/wp-json\/wp\/v2\/media\/661961"}],"wp:attachment":[{"href":"https:\/\/www.europesays.com\/fr\/wp-json\/wp\/v2\/media?parent=661960"}],"wp:term":[{"taxonomy":"category","embeddable":true,"href":"https:\/\/www.europesays.com\/fr\/wp-json\/wp\/v2\/categories?post=661960"},{"taxonomy":"post_tag","embeddable":true,"href":"https:\/\/www.europesays.com\/fr\/wp-json\/wp\/v2\/tags?post=661960"}],"curies":[{"name":"wp","href":"https:\/\/api.w.org\/{rel}","templated":true}]}}