{"id":661967,"date":"2026-01-14T02:27:16","date_gmt":"2026-01-14T02:27:16","guid":{"rendered":"https:\/\/www.europesays.com\/fr\/661967\/"},"modified":"2026-01-14T02:27:16","modified_gmt":"2026-01-14T02:27:16","slug":"christian-estrosi-affirme-comprendre-le-mouvement-des-agriculteurs-mais-denonce-la-mise-en-difficulte-de-leconomie","status":"publish","type":"post","link":"https:\/\/www.europesays.com\/fr\/661967\/","title":{"rendered":"Christian Estrosi affirme comprendre le mouvement des agriculteurs mais d\u00e9nonce la mise en difficult\u00e9 de l\u2019\u00e9conomie"},"content":{"rendered":"<p class=\"fs-5 \">Invit\u00e9 de BFMTV, ce mardi matin, Christian Estrosi \u00e9tait interrog\u00e9 sur <a href=\"https:\/\/www.nicematin.com\/societe\/justice\/ouverture-du-proces-en-appel-du-rn-marine-le-pen-joue-son-eligibilite-pour-l-election-presidentielle-de-2027-10664369\" target=\"_blank\" rel=\"noopener\">le proc\u00e8s en appel de Marine Le Pen, dans l\u2019affaire des assistants parlementaires.<\/a><\/p>\n<p class=\"fs-5 \">Le maire de Nice a plaid\u00e9 pour la suppression de l\u2019ex\u00e9cution imm\u00e9diate des peines d\u2019in\u00e9ligibilit\u00e9. Pour cela, il a appel\u00e9 le Parlement \u00e0 faire machine arri\u00e8re sur cette loi.<\/p>\n<p class=\"fs-5 \">\u00ab\u00a0Au-del\u00e0 du jugement qui doit suivre son cours naturellement, je suis extr\u00eamement favorable \u00e0 ce que <strong>le Parlement d\u00e9cide de r\u00e9former cet aspect de notre Code p\u00e9nal\u00a0(&#8230;) Il faut la supprimer<\/strong>\u00bb, a expliqu\u00e9 le Maire de Nice face \u00e0 Apolline de Malherbe.<\/p>\n<p class=\"fs-5 \">\u00ab\u00a0Les magistrats eux-m\u00eames doivent le comprendre, je pense qu\u2019ils sont, pour beaucoup d\u2019entre eux g\u00ean\u00e9s par cette disposition. Naturellement, ils sont l\u00e9gitimes \u00e0 dire\u00a0: \u2018\u00e9coutez, c\u2019est le Parlement qui en a d\u00e9cid\u00e9 ainsi, nous, nous faisons qu\u2019appliquer les dispositions du Parlement. Que le Parlement revienne en arri\u00e8re\u00a0\u00bb, ajoute-t-il. <a href=\"https:\/\/www.nicematin.com\/societe\/politique\/tout-perdre-du-jour-au-lendemain-quand-l-execution-provisoire-sonne-comme-une-peine-de-mort-politique-841467\" target=\"_blank\" rel=\"noopener\"><strong>\u00ab\u00a0\u00c7a s\u2019est appliqu\u00e9 de mani\u00e8re injuste \u00e0 mon ami Hubert Falco\u00a0\u00bb<\/strong><strong>, a confi\u00e9 l\u2019\u00e9dile. <\/strong><\/a><\/p>\n<p>                                                                                <strong>L\u2019id\u00e9e d\u2019une dissolution\u00a0? \u00ab\u00a0Un chantage du gouvernement\u00a0\u00bb<\/strong><\/p>\n<p class=\"fs-5 \">Sur un autre sujet apparu ces derniers jours, <strong>la dissolution de l\u2019Assembl\u00e9e Nationale, Christian Estrosi a d\u00e9nonc\u00e9 \u00ab\u00a0un chantage du gouvernement\u00a0\u00bb. <\/strong><\/p>\n<p class=\"fs-5 \">Quant \u00e0 la col\u00e8re des agriculteurs, \u00ab\u00a0cela fait des d\u00e9cennies que la France a c\u00e9d\u00e9 des pans entiers de nos normes europ\u00e9ennes (&#8230;) C\u2019est un probl\u00e8me d\u2019une Europe qui ne fonctionne pas comme elle devrait fonctionner et d\u2019une France qui n\u2019a pas su se faire entendre\u00a0\u00bb, a indiqu\u00e9 Estrosi.<\/p>\n<p>        <img src=\"https:\/\/www.europesays.com\/fr\/wp-content\/uploads\/2026\/01\/3687bc1_ftp-1-c7ottrwsldzd-afp-92gr6jg.jpg\"   loading=\"lazy\" decoding=\"async\" alt=\"Les tracteurs devant l\u2019Assembl\u00e9e Nationale, ce mardi matin, \u00e0 l\u2019aube. \" class=\"img-fluid position-absolute w-100 object-fit-cover rounded-2\" width=\"600\" height=\"400\"\/><\/p>\n<p class=\"fs-5 \">Selon lui, les agriculteurs fran\u00e7ais peuvent \u00ab\u00a0exprimer\u00a0\u00bb mais \u00ab\u00a0bloquer en est une autre\u00a0\u00bb. <a href=\"https:\/\/www.bfmtv.com\/politique\/video-mobilisation-agricole-s-exprimer-est-une-chose-bloquer-en-est-une-autre-estime-christian-estrosi-maire-horizons-de-nice_VN-202601130260.html\" target=\"_blank\" rel=\"nofollow noopener\">\u00ab\u00a0Je soutiens la col\u00e8re mais je ne peux pas soutenir un mouvement qui met en difficult\u00e9 d\u2019autres pans de notre \u00e9conomie\u00a0<\/a>\u00bb, a pr\u00e9cis\u00e9 ce dernier.<\/p>\n","protected":false},"excerpt":{"rendered":"Invit\u00e9 de BFMTV, ce mardi matin, Christian Estrosi \u00e9tait interrog\u00e9 sur le proc\u00e8s en appel de Marine Le&hellip;\n","protected":false},"author":2,"featured_media":661968,"comment_status":"","ping_status":"","sticky":false,"template":"","format":"standard","meta":{"footnotes":""},"categories":[2819],"tags":[1111,11,76319,1777,674,1011,27,12,2401,882,25],"class_list":{"0":"post-661967","1":"post","2":"type-post","3":"status-publish","4":"format-standard","5":"has-post-thumbnail","7":"category-nice","8":"tag-actu","9":"tag-actualites","10":"tag-colere-des-agriculteurs","11":"tag-eu","12":"tag-europe","13":"tag-fr","14":"tag-france","15":"tag-news","16":"tag-nice","17":"tag-provence-alpes-cote-dazur","18":"tag-republique-francaise"},"share_on_mastodon":{"url":"https:\/\/pubeurope.com\/@fr\/115891093179164876","error":""},"_links":{"self":[{"href":"https:\/\/www.europesays.com\/fr\/wp-json\/wp\/v2\/posts\/661967","targetHints":{"allow":["GET"]}}],"collection":[{"href":"https:\/\/www.europesays.com\/fr\/wp-json\/wp\/v2\/posts"}],"about":[{"href":"https:\/\/www.europesays.com\/fr\/wp-json\/wp\/v2\/types\/post"}],"author":[{"embeddable":true,"href":"https:\/\/www.europesays.com\/fr\/wp-json\/wp\/v2\/users\/2"}],"replies":[{"embeddable":true,"href":"https:\/\/www.europesays.com\/fr\/wp-json\/wp\/v2\/comments?post=661967"}],"version-history":[{"count":0,"href":"https:\/\/www.europesays.com\/fr\/wp-json\/wp\/v2\/posts\/661967\/revisions"}],"wp:featuredmedia":[{"embeddable":true,"href":"https:\/\/www.europesays.com\/fr\/wp-json\/wp\/v2\/media\/661968"}],"wp:attachment":[{"href":"https:\/\/www.europesays.com\/fr\/wp-json\/wp\/v2\/media?parent=661967"}],"wp:term":[{"taxonomy":"category","embeddable":true,"href":"https:\/\/www.europesays.com\/fr\/wp-json\/wp\/v2\/categories?post=661967"},{"taxonomy":"post_tag","embeddable":true,"href":"https:\/\/www.europesays.com\/fr\/wp-json\/wp\/v2\/tags?post=661967"}],"curies":[{"name":"wp","href":"https:\/\/api.w.org\/{rel}","templated":true}]}}