{"id":661969,"date":"2026-01-14T02:28:11","date_gmt":"2026-01-14T02:28:11","guid":{"rendered":"https:\/\/www.europesays.com\/fr\/661969\/"},"modified":"2026-01-14T02:28:11","modified_gmt":"2026-01-14T02:28:11","slug":"hakim-jemili-fatigue-14-02-2026-nice","status":"publish","type":"post","link":"https:\/\/www.europesays.com\/fr\/661969\/","title":{"rendered":"Hakim Jemili &#8211; Fatigu\u00e9 &#8211; 14\/02\/2026 &#8211; Nice"},"content":{"rendered":"<p>Entre ses premiers r\u00f4les au cin\u00e9ma et ses coups de gueule sur Instagram, Hakim Jemili revient plus \u00e9puis\u00e9 que jamais pour son deuxi\u00e8me spectacle \u00ab Fatigu\u00e9 \u00bb.<\/p>\n<p>&#13;<\/p>\n<p>Fatigu\u00e9 de son nouveau statut de papa. Fatigu\u00e9 d\u2019assister impuissant \u00e0 la polarisation de la soci\u00e9t\u00e9. Fatigu\u00e9 de cette schizophr\u00e9nie qui l\u2019emp\u00eache de profiter de sa nouvelle vie sans oublier d\u2019o\u00f9\u00a0il vient.<\/p>\n<p>&#13;<\/p>\n<p>Et dans une \u00e9poque o\u00f9\u00a0tout va trop vite, Hakim reprend son souffle le temps d\u2019une th\u00e9rapie de groupe, d\u2019un spectacle, pour nous embarquer dans ses interrogations et non pas ses certitudes. Car apr\u00e8s tout, doit-on forc\u00e9ment avoir un avis sur tout ?<\/p>\n<p>&#13;<\/p>\n<p>&gt;<a href=\"https:\/\/my.weezevent.com\/hakim-jemili-fatigue-ven-14-fevrier-2026-theatre-lino-ventura\" target=\"_blank\" rel=\"noopener\">Billetterie en ligne<br \/><\/a><\/p>\n<p>&#13;<\/p>\n<p><a href=\"https:\/\/my.weezevent.com\/hakim-jemili-fatigue-ven-14-fevrier-2026-theatre-lino-ventura\" target=\"_blank\" rel=\"noopener\">\u00a0<\/a><\/p>\n","protected":false},"excerpt":{"rendered":"Entre ses premiers r\u00f4les au cin\u00e9ma et ses coups de gueule sur Instagram, Hakim Jemili revient plus \u00e9puis\u00e9&hellip;\n","protected":false},"author":2,"featured_media":661970,"comment_status":"","ping_status":"","sticky":false,"template":"","format":"standard","meta":{"footnotes":""},"categories":[2819],"tags":[1111,11,1777,674,1011,27,12,2401,882,25],"class_list":{"0":"post-661969","1":"post","2":"type-post","3":"status-publish","4":"format-standard","5":"has-post-thumbnail","7":"category-nice","8":"tag-actu","9":"tag-actualites","10":"tag-eu","11":"tag-europe","12":"tag-fr","13":"tag-france","14":"tag-news","15":"tag-nice","16":"tag-provence-alpes-cote-dazur","17":"tag-republique-francaise"},"share_on_mastodon":{"url":"https:\/\/pubeurope.com\/@fr\/115891096926203315","error":""},"_links":{"self":[{"href":"https:\/\/www.europesays.com\/fr\/wp-json\/wp\/v2\/posts\/661969","targetHints":{"allow":["GET"]}}],"collection":[{"href":"https:\/\/www.europesays.com\/fr\/wp-json\/wp\/v2\/posts"}],"about":[{"href":"https:\/\/www.europesays.com\/fr\/wp-json\/wp\/v2\/types\/post"}],"author":[{"embeddable":true,"href":"https:\/\/www.europesays.com\/fr\/wp-json\/wp\/v2\/users\/2"}],"replies":[{"embeddable":true,"href":"https:\/\/www.europesays.com\/fr\/wp-json\/wp\/v2\/comments?post=661969"}],"version-history":[{"count":0,"href":"https:\/\/www.europesays.com\/fr\/wp-json\/wp\/v2\/posts\/661969\/revisions"}],"wp:featuredmedia":[{"embeddable":true,"href":"https:\/\/www.europesays.com\/fr\/wp-json\/wp\/v2\/media\/661970"}],"wp:attachment":[{"href":"https:\/\/www.europesays.com\/fr\/wp-json\/wp\/v2\/media?parent=661969"}],"wp:term":[{"taxonomy":"category","embeddable":true,"href":"https:\/\/www.europesays.com\/fr\/wp-json\/wp\/v2\/categories?post=661969"},{"taxonomy":"post_tag","embeddable":true,"href":"https:\/\/www.europesays.com\/fr\/wp-json\/wp\/v2\/tags?post=661969"}],"curies":[{"name":"wp","href":"https:\/\/api.w.org\/{rel}","templated":true}]}}