{"id":661971,"date":"2026-01-14T02:30:35","date_gmt":"2026-01-14T02:30:35","guid":{"rendered":"https:\/\/www.europesays.com\/fr\/661971\/"},"modified":"2026-01-14T02:30:35","modified_gmt":"2026-01-14T02:30:35","slug":"fc-nantes-les-premiers-mots-du-nouveau-canari-ibrahima-sissoko","status":"publish","type":"post","link":"https:\/\/www.europesays.com\/fr\/661971\/","title":{"rendered":"FC Nantes. Les premiers mots du nouveau Canari, Ibrahima Sissoko"},"content":{"rendered":"<p><strong>Nouvelle recrue du FC Nantes, Ibrahima Sissoko s\u2019est exprim\u00e9 pour la premi\u00e8re fois en Jaune-et-Vert. \u00c0 28 ans, le milieu d\u00e9fensif veut se battre pour le maintien, avec le public nantais.<\/strong><\/p>\n<p data-start=\"330\" data-end=\"715\">Pour sa premi\u00e8re prise de parole<a href=\"https:\/\/tribunenantaise.fr\/actus-fcnantes\/mercato-officiel-ibrahima-sissoko-est-un-joueur-du-fc-nantes\/\" target=\"_blank\" rel=\"noopener\"> comme joueur du FC Nantes<\/a>, le milieu d\u00e9fensif malien a d\u2019abord \u00e9voqu\u00e9 son ressenti personnel. <strong>\u00ab\u00a0Mon premier sentiment, c\u2019est que je suis joyeux d\u2019\u00eatre l\u00e0, content que le club m\u2019a fait confiance. Revenir dans un championnat que je connais, \u00e7a fait toujours plaisir\u00a0\u00bb<\/strong>. Apr\u00e8s plusieurs saisons pass\u00e9es en Ligue 1, Sissoko retrouve un environnement familier. Mais plus encore que le championnat, c\u2019est le discours du staff qui a pes\u00e9 dans son choix. <strong>\u00ab\u00a0J\u2019ai choisi le FC Nantes parce que le coach m\u2019a appel\u00e9. J\u2019ai aim\u00e9 son discours, je sais que \u00e7a ne va pas \u00eatre facile, mais je suis pr\u00eat \u00e0 me battre et j\u2019esp\u00e8re que \u00e7a va aller\u00a0\u00bb.<\/strong><\/p>\n<p data-start=\"1211\" data-end=\"1461\">L\u2019objectif sportif est assum\u00e9, sans d\u00e9tour ni langue de bois. <strong>\u00ab\u00a0Avec tous les autres, on sera pr\u00eats \u00e0 se battre pour maintenir ce club en Ligue 1\u00a0\u00bb<\/strong>, affirme Sissoko. Le nouveau Canari mesure \u00e9galement le poids du club qu\u2019il rejoint. <strong>\u00ab\u00a0Tout le monde conna\u00eet Nantes, c\u2019est un club historique en France. Il n\u2019y a pas besoin qu\u2019on m\u2019explique\u00a0\u00bb<\/strong>. Une histoire qu\u2019il connaissait d\u00e9j\u00e0 avant m\u00eame son arriv\u00e9e, notamment gr\u00e2ce \u00e0 certaines figures marquantes de son parcours. <strong>\u00ab\u00a0Une des personnes gr\u00e2ce \u00e0 qui je suis devenu footballeur professionnel, c\u2019est le coach Furlan. Il me parlait souvent du FC Nantes, de l\u2019\u00e9poque en tout cas. Il prenait souvent des inspirations du coach Ciodo. C\u2019est un club qui a gagn\u00e9 pas mal de championnats. C\u2019est pour \u00e7a que \u00e7a fait partie du patrimoine historique des clubs fran\u00e7ais.\u00a0\u00bb<\/strong><\/p>\n<\/p>\n<p data-start=\"2498\" data-end=\"2935\">Concernant son profil, le nouveau Nantais se d\u00e9crit sans artifice. \u00ab\u00a0Mon style de jeu, je dirais que je suis un<strong> joueur plut\u00f4t agressif, r\u00e9cup\u00e9rateur de ballons, qui essaie de couvrir pas mal de terrain<\/strong>. Apr\u00e8s aussi, je suis un joueur qui, quand on le demande, essaie de jouer, essaie de ressortir le ballon. En tout cas, j<strong>e fais au mieux pour aider mon \u00e9quipe, que ce soit en d\u00e9fense ou en attaque.\u00a0\u00bb<\/strong><\/p>\n<p data-start=\"2937\" data-end=\"3428\">Son exp\u00e9rience en Ligue 1 constitue un autre atout. \u00ab\u00a0Je peux dire que <strong>j\u2019ai un peu d\u2019exp\u00e9rience en tout cas en Ligue 1, parce que j\u2019ai pass\u00e9 quand m\u00eame six saisons<\/strong>. La Ligue 1, c\u2019est un championnat assez physique, mais aussi tr\u00e8s technique, parce qu\u2019il faut \u00eatre pr\u00eat \u00e0 faire des ressorties de balles \u00e0 tout moment. <strong>Je pense que les \u00e9quipes sont de plus en plus joueuses<\/strong>. C\u2019est \u00e7a aussi qui fait la beaut\u00e9 de notre championnat.\u00a0\u00bb<\/p>\n<p data-start=\"3430\" data-end=\"3810\">Enfin, Ibrahima Sissoko a tenu \u00e0 adresser un message clair aux supporters du FC Nantes. <strong>\u00ab\u00a0Qu\u2019on soit vraiment tous solidaires<\/strong>, qu\u2019on tire tous dans le m\u00eame sens. On veut que le club se maintienne le plus rapidement possible. <strong>J\u2019esp\u00e8re qu\u2019ils seront toujours l\u00e0 pour nous, qu\u2019ils m\u2019accueilleront bien<\/strong> et qu\u2019ils continueront \u00e0 supporter l\u2019\u00e9quipe pour qu\u2019on atteigne notre objectif.\u00a0\u00bb<\/p>\n","protected":false},"excerpt":{"rendered":"Nouvelle recrue du FC Nantes, Ibrahima Sissoko s\u2019est exprim\u00e9 pour la premi\u00e8re fois en Jaune-et-Vert. \u00c0 28 ans,&hellip;\n","protected":false},"author":2,"featured_media":661972,"comment_status":"","ping_status":"","sticky":false,"template":"","format":"standard","meta":{"footnotes":""},"categories":[2818],"tags":[1111,11,1777,674,1011,27,766,12,2636,25],"class_list":{"0":"post-661971","1":"post","2":"type-post","3":"status-publish","4":"format-standard","5":"has-post-thumbnail","7":"category-nantes","8":"tag-actu","9":"tag-actualites","10":"tag-eu","11":"tag-europe","12":"tag-fr","13":"tag-france","14":"tag-nantes","15":"tag-news","16":"tag-pays-de-la-loire","17":"tag-republique-francaise"},"share_on_mastodon":{"url":"https:\/\/pubeurope.com\/@fr\/115891104850511758","error":""},"_links":{"self":[{"href":"https:\/\/www.europesays.com\/fr\/wp-json\/wp\/v2\/posts\/661971","targetHints":{"allow":["GET"]}}],"collection":[{"href":"https:\/\/www.europesays.com\/fr\/wp-json\/wp\/v2\/posts"}],"about":[{"href":"https:\/\/www.europesays.com\/fr\/wp-json\/wp\/v2\/types\/post"}],"author":[{"embeddable":true,"href":"https:\/\/www.europesays.com\/fr\/wp-json\/wp\/v2\/users\/2"}],"replies":[{"embeddable":true,"href":"https:\/\/www.europesays.com\/fr\/wp-json\/wp\/v2\/comments?post=661971"}],"version-history":[{"count":0,"href":"https:\/\/www.europesays.com\/fr\/wp-json\/wp\/v2\/posts\/661971\/revisions"}],"wp:featuredmedia":[{"embeddable":true,"href":"https:\/\/www.europesays.com\/fr\/wp-json\/wp\/v2\/media\/661972"}],"wp:attachment":[{"href":"https:\/\/www.europesays.com\/fr\/wp-json\/wp\/v2\/media?parent=661971"}],"wp:term":[{"taxonomy":"category","embeddable":true,"href":"https:\/\/www.europesays.com\/fr\/wp-json\/wp\/v2\/categories?post=661971"},{"taxonomy":"post_tag","embeddable":true,"href":"https:\/\/www.europesays.com\/fr\/wp-json\/wp\/v2\/tags?post=661971"}],"curies":[{"name":"wp","href":"https:\/\/api.w.org\/{rel}","templated":true}]}}