{"id":661973,"date":"2026-01-14T02:31:14","date_gmt":"2026-01-14T02:31:14","guid":{"rendered":"https:\/\/www.europesays.com\/fr\/661973\/"},"modified":"2026-01-14T02:31:14","modified_gmt":"2026-01-14T02:31:14","slug":"yvonne-ou-ma-generation-y-entre-petite-et-grande-histoire-a-bordeaux","status":"publish","type":"post","link":"https:\/\/www.europesays.com\/fr\/661973\/","title":{"rendered":"\u00ab\u00a0Yvonne ou ma G\u00e9n\u00e9ration Y\u00a0\u00bb, entre petite et grande histoire, \u00e0 Bordeaux"},"content":{"rendered":"<p>Alias Yvonne, \u00ab\u00a0n\u00e9e le 4\u00a0septembre \u00e0 la fin des ann\u00e9es 80\u00a0\u00bb, entre Tchernobyl et la chute du Mur, elle incarne la g\u00e9n\u00e9ration Y \u2014 ou \u00ab\u00a0g\u00e9n\u00e9ration sandwich\u00a0\u00bb, comme elle pr\u00e9f\u00e8re la nommer\u00a0: coinc\u00e9e entre les \u00ab\u00a0t\u2019as pas connu la guerre\u00a0\u00bb et les \u00ab\u00a0c\u2019\u00e9tait mieux avant\u00a0\u00bb. Sur cette ligne de cr\u00eate, Yvonne, deux tresses et pyjama \u00e9cossais trop grand, remonte le fil de sa vie. Une r\u00e9trospection aigre-douce travers\u00e9e par figures intimes et rep\u00e8res collectifs\u00a0: la ma\u00eetresse V\u00e9ro, le pap\u00e9, \u00ab\u00a0Titanic\u00a0\u00bb, l\u2019essor des technologies, la politique, #MeToo, Nuit debout ou le confinement.<\/p>\n<p>En guise de compagnon sc\u00e9nique central, ce fauteuil qu\u2019elle fait tourner et rouler, tour \u00e0 tour \u00e9cran d\u2019archives, support d\u2019un liser\u00e9 lumineux ou box d\u2019entretien P\u00f4le emploi. Samedi, au th\u00e9\u00e2tre des Beaux-Arts, la salle bien remplie, rassemblait toutes les g\u00e9n\u00e9rations, l\u2019adh\u00e9sion d\u00e9passant largement les \u00e2ges.<\/p>\n","protected":false},"excerpt":{"rendered":"Alias Yvonne, \u00ab\u00a0n\u00e9e le 4\u00a0septembre \u00e0 la fin des ann\u00e9es 80\u00a0\u00bb, entre Tchernobyl et la chute du Mur,&hellip;\n","protected":false},"author":2,"featured_media":661974,"comment_status":"","ping_status":"","sticky":false,"template":"","format":"standard","meta":{"footnotes":""},"categories":[2817],"tags":[1111,11,1997,1777,674,1011,27,12,2219,25],"class_list":{"0":"post-661973","1":"post","2":"type-post","3":"status-publish","4":"format-standard","5":"has-post-thumbnail","7":"category-bordeaux","8":"tag-actu","9":"tag-actualites","10":"tag-bordeaux","11":"tag-eu","12":"tag-europe","13":"tag-fr","14":"tag-france","15":"tag-news","16":"tag-nouvelle-aquitaine","17":"tag-republique-francaise"},"share_on_mastodon":{"url":"https:\/\/pubeurope.com\/@fr\/115891108808912008","error":""},"_links":{"self":[{"href":"https:\/\/www.europesays.com\/fr\/wp-json\/wp\/v2\/posts\/661973","targetHints":{"allow":["GET"]}}],"collection":[{"href":"https:\/\/www.europesays.com\/fr\/wp-json\/wp\/v2\/posts"}],"about":[{"href":"https:\/\/www.europesays.com\/fr\/wp-json\/wp\/v2\/types\/post"}],"author":[{"embeddable":true,"href":"https:\/\/www.europesays.com\/fr\/wp-json\/wp\/v2\/users\/2"}],"replies":[{"embeddable":true,"href":"https:\/\/www.europesays.com\/fr\/wp-json\/wp\/v2\/comments?post=661973"}],"version-history":[{"count":0,"href":"https:\/\/www.europesays.com\/fr\/wp-json\/wp\/v2\/posts\/661973\/revisions"}],"wp:featuredmedia":[{"embeddable":true,"href":"https:\/\/www.europesays.com\/fr\/wp-json\/wp\/v2\/media\/661974"}],"wp:attachment":[{"href":"https:\/\/www.europesays.com\/fr\/wp-json\/wp\/v2\/media?parent=661973"}],"wp:term":[{"taxonomy":"category","embeddable":true,"href":"https:\/\/www.europesays.com\/fr\/wp-json\/wp\/v2\/categories?post=661973"},{"taxonomy":"post_tag","embeddable":true,"href":"https:\/\/www.europesays.com\/fr\/wp-json\/wp\/v2\/tags?post=661973"}],"curies":[{"name":"wp","href":"https:\/\/api.w.org\/{rel}","templated":true}]}}