{"id":661975,"date":"2026-01-14T02:32:20","date_gmt":"2026-01-14T02:32:20","guid":{"rendered":"https:\/\/www.europesays.com\/fr\/661975\/"},"modified":"2026-01-14T02:32:20","modified_gmt":"2026-01-14T02:32:20","slug":"lalerte-de-2011-na-pas-ete-traitee-au-niveau-de-ce-quelle-aurait-du-etre","status":"publish","type":"post","link":"https:\/\/www.europesays.com\/fr\/661975\/","title":{"rendered":"\u00ab\u00a0L\u2019alerte de 2011 n\u2019a pas \u00e9t\u00e9 trait\u00e9e au niveau de ce qu\u2019elle aurait d\u00fb \u00eatre\u00a0\u00bb"},"content":{"rendered":"<p>\u00ab\u00a0Nous nous tenons aux c\u00f4t\u00e9s des victimes\u00a0\u00bb, a martel\u00e9 Olivier Riant qui dirige l\u2019ensemble scolaire depuis septembre 2024 et qui est venu \u00e0 la rencontre de la quinzaine de manifestants qui distribuaient des tracts aux parents, qualifiant de \u00ab\u00a0d\u00e9flagration\u00a0\u00bb les \u00e9l\u00e9ments r\u00e9v\u00e9l\u00e9s par l\u2019enqu\u00eate judiciaire.<\/p>\n<p>        <img decoding=\"async\" id=\"27397991\" src=\"https:\/\/www.europesays.com\/fr\/wp-content\/uploads\/2026\/01\/20260113100143-ja16.jpg\" alt=\"Le directeur coordinateur de l\u2019\u00e9tablissement, Olivier Riant, est venu \u00e0 la rencontre des manifestants devant l\u2019\u00e9cole Saint-Gen\u00e8s, ce mardi 13\u00a0janvier au matin.\" itemprop=\"contentURL\"\/><\/p>\n<p>    Le directeur coordinateur de l\u2019\u00e9tablissement, Olivier Riant, est venu \u00e0 la rencontre des manifestants devant l\u2019\u00e9cole Saint-Gen\u00e8s, ce mardi 13\u00a0janvier au matin.<\/p>\n<p>Fabien Cottereau \/ SO<\/p>\n<p>    \u00ab\u00a0On a \u00e9t\u00e9 \u00e9c\u0153ur\u00e9s\u00a0\u00bb<\/p>\n<p>Au-del\u00e0 des faits reproch\u00e9s \u00e0 l\u2019enseignant, l\u2019enqu\u00eate men\u00e9e par les policiers bordelais a mis en lumi\u00e8re une premi\u00e8re alerte survenue en 2011 lorsqu\u2019une m\u00e8re d\u2019\u00e9l\u00e8ves s\u2019\u00e9tait inqui\u00e9t\u00e9e aupr\u00e8s de la direction que l\u2019instituteur re\u00e7oive des fillettes dans sa classe pendant la pause de midi, porte ferm\u00e9e, et leur bande les yeux afin de les faire jouer au \u00ab\u00a0jeu du go\u00fbt\u00a0\u00bb. Cette alerte, qui ne faisait pas \u00e9tat de faits de nature sexuelle, n\u2019avait pas d\u00e9pass\u00e9 le stade d\u2019un rappel \u00e0 l\u2019ordre de l\u2019enseignant, sans d\u00e9clencher d\u2019enqu\u00eate interne approfondie.<\/p>\n<p>Pr\u00e8s de quinze ans plus tard, la justice soup\u00e7onne que cette pratique recouvrait en r\u00e9alit\u00e9 des viols commis sur ces \u00e9l\u00e8ves \u2013 l\u2019enseignant conteste ce volet du dossier. \u00ab\u00a0La r\u00e9alit\u00e9, c\u2019est que l\u2019alerte de 2011 n\u2019a pas \u00e9t\u00e9 trait\u00e9e au niveau de ce qu\u2019elle aurait d\u00fb \u00eatre au regard de ce qu\u2019on sait aujourd\u2019hui\u00a0\u00bb, conc\u00e8de Olivier Riant.<\/p>\n<blockquote><p>\u00ab\u00a0On a une nouvelle direction qui m\u00e8ne aujourd\u2019hui des actions concr\u00e8tes. On travaille ensemble pour faire en sorte que ce qui s\u2019est pass\u00e9 n\u2019arrive plus\u00a0\u00bb<\/p><\/blockquote>\n<p>Pr\u00e9sident de l\u2019association des parents d\u2019\u00e9l\u00e8ves (Apel), Julien V\u00e9drines relate \u00ab\u00a0la r\u00e9volte\u00a0\u00bb qu\u2019a suscit\u00e9e l\u2019information aupr\u00e8s des parents. \u00ab\u00a0On a \u00e9t\u00e9 \u00e9c\u0153ur\u00e9s contre l\u2019\u00e9tablissement.\u00a0\u00bb Selon ce parent d\u2019\u00e9l\u00e8ve, \u00ab\u00a0les premi\u00e8res rumeurs sur cette alerte sont apparues quelques jours apr\u00e8s l\u2019incarc\u00e9ration de Gilles Delignac. [\u2026] On a essay\u00e9 d\u2019avoir des r\u00e9ponses mais \u00e7a a \u00e9t\u00e9 difficile. Au d\u00e9but, l\u2019ancienne direction a contest\u00e9, puis \u00e7a a fuit\u00e9. Aujourd\u2019hui, c\u2019est av\u00e9r\u00e9\u00a0\u00bb, souligne le pr\u00e9sident.<\/p>\n<p>\u00ab\u00a0Je veux \u00eatre optimiste\u00a0\u00bb<\/p>\n<p>La question de la responsabilit\u00e9 de l\u2019\u00e9tablissement, notamment au regard de cette alerte en 2011, mais aussi d\u2019autres \u00e9l\u00e9ments de comportement de l\u2019enseignant, fait d\u00e9sormais l\u2019objet d\u2019une <a href=\"https:\/\/www.sudouest.fr\/gironde\/bordeaux\/plainte-contre-l-ancienne-direction-de-l-ecole-privee-saint-genes-a-bordeaux-le-parquet-ouvre-une-enquete-27341219.php\" target=\"_blank\" rel=\"noopener\">enqu\u00eate pr\u00e9liminaire distincte diligent\u00e9e par le parquet de Bordeaux<\/a> \u00e0 la suite d\u2019une plainte d\u00e9pos\u00e9e en novembre dernier par plusieurs parents d\u2019\u00e9l\u00e8ves et de victimes aujourd\u2019hui majeures.<\/p>\n","protected":false},"excerpt":{"rendered":"\u00ab\u00a0Nous nous tenons aux c\u00f4t\u00e9s des victimes\u00a0\u00bb, a martel\u00e9 Olivier Riant qui dirige l\u2019ensemble scolaire depuis septembre 2024&hellip;\n","protected":false},"author":2,"featured_media":661976,"comment_status":"","ping_status":"","sticky":false,"template":"","format":"standard","meta":{"footnotes":""},"categories":[2817],"tags":[1111,11,1997,1777,674,1011,27,12,2219,25],"class_list":{"0":"post-661975","1":"post","2":"type-post","3":"status-publish","4":"format-standard","5":"has-post-thumbnail","7":"category-bordeaux","8":"tag-actu","9":"tag-actualites","10":"tag-bordeaux","11":"tag-eu","12":"tag-europe","13":"tag-fr","14":"tag-france","15":"tag-news","16":"tag-nouvelle-aquitaine","17":"tag-republique-francaise"},"share_on_mastodon":{"url":"https:\/\/pubeurope.com\/@fr\/115891112761933733","error":""},"_links":{"self":[{"href":"https:\/\/www.europesays.com\/fr\/wp-json\/wp\/v2\/posts\/661975","targetHints":{"allow":["GET"]}}],"collection":[{"href":"https:\/\/www.europesays.com\/fr\/wp-json\/wp\/v2\/posts"}],"about":[{"href":"https:\/\/www.europesays.com\/fr\/wp-json\/wp\/v2\/types\/post"}],"author":[{"embeddable":true,"href":"https:\/\/www.europesays.com\/fr\/wp-json\/wp\/v2\/users\/2"}],"replies":[{"embeddable":true,"href":"https:\/\/www.europesays.com\/fr\/wp-json\/wp\/v2\/comments?post=661975"}],"version-history":[{"count":0,"href":"https:\/\/www.europesays.com\/fr\/wp-json\/wp\/v2\/posts\/661975\/revisions"}],"wp:featuredmedia":[{"embeddable":true,"href":"https:\/\/www.europesays.com\/fr\/wp-json\/wp\/v2\/media\/661976"}],"wp:attachment":[{"href":"https:\/\/www.europesays.com\/fr\/wp-json\/wp\/v2\/media?parent=661975"}],"wp:term":[{"taxonomy":"category","embeddable":true,"href":"https:\/\/www.europesays.com\/fr\/wp-json\/wp\/v2\/categories?post=661975"},{"taxonomy":"post_tag","embeddable":true,"href":"https:\/\/www.europesays.com\/fr\/wp-json\/wp\/v2\/tags?post=661975"}],"curies":[{"name":"wp","href":"https:\/\/api.w.org\/{rel}","templated":true}]}}