{"id":661983,"date":"2026-01-14T02:38:12","date_gmt":"2026-01-14T02:38:12","guid":{"rendered":"https:\/\/www.europesays.com\/fr\/661983\/"},"modified":"2026-01-14T02:38:12","modified_gmt":"2026-01-14T02:38:12","slug":"ce-que-vous-avez-publie-a-bouleverse-ma-vie","status":"publish","type":"post","link":"https:\/\/www.europesays.com\/fr\/661983\/","title":{"rendered":"Ce que vous avez publi\u00e9 a boulevers\u00e9 ma vie"},"content":{"rendered":"<p>Un peu raide dans son uniforme de c\u00e9r\u00e9monie aux feuilles de ch\u00eane et d\u2019olivier argent\u00e9es entrelac\u00e9es sur ses galons, elle a \u00f4t\u00e9 son gilet pare-lame, respir\u00e9 profond\u00e9ment. Ce mardi 13 janvier, l\u2019ancienne directrice <a href=\"https:\/\/www.laprovence.com\/article\/faits-divers-justice\/54526071176931\/ecailles-brise-vue-accueil-de-740-detenus-visite-du-tout-nouveau-batiment-des-baumettes-3-a-marseille\" target=\"_blank\" rel=\"noopener\">des Baumettes<\/a> est venue assister au proc\u00e8s pour apologie d\u2019un crime et menace sur un d\u00e9positaire de l\u2019autorit\u00e9 publique devant le tribunal correctionnel de <a href=\"https:\/\/www.laprovence.com\/bouches-du-rhone\/marseille-13055\" target=\"_blank\" rel=\"noopener\">Marseille<\/a> de deux internautes poursuivis pour avoir relay\u00e9, au printemps\u00a02025, un appel \u00e0 l\u2019assassiner sur les r\u00e9seaux sociaux.<\/p>\n<p>Un \u00ab\u00a0contrat\u00a0\u00bb dot\u00e9 de 120\u00a0000\u00a0\u20ac pour qui aurait \u00ab\u00a0la t\u00eate\u00a0\u00bb de la cadre p\u00e9nitentiaire, <a href=\"https:\/\/www.laprovence.com\/article\/faits-divers-justice\/2118203236761515\/menacee-de-mort-par-un-chef-de-la-dz-mafia-la-directrice-de-la-prison-des-baumettes-placee-sous-protection\" target=\"_blank\" rel=\"noopener\">commandit\u00e9 par la DZ Mafia<\/a>. \u00ab\u00a0On vous parle gentiment, vous ne voulez pas comprendre.\u00a0\u00bb, mentionnait l\u2019annonce qui avait circul\u00e9 sur les r\u00e9seaux sociaux \u00e0 partir de d\u00e9cembre\u00a02024, entra\u00eenant la mise sous protection de la directrice puis <a href=\"https:\/\/www.laprovence.com\/article\/faits-divers-justice\/1075114696955815\/je-ne-vous-fais-pas-une-faveur-avec-cette-nomination-changement-de-tete-sous-tension-a-la-prison-des-baumettes-a-marseille\" target=\"_blank\" rel=\"noopener\">sa mutation d\u2019urgence<\/a> en r\u00e9gion parisienne apr\u00e8s l\u2019interpellation d\u2019un commando arm\u00e9 aux abords de la prison.<\/p>\n<p>Deux internautes en prison<\/p>\n<p>D\u00e9but mars\u00a02025, alors qu\u2019elle se trouvait toujours en poste \u00e0 Marseille, l\u2019administration p\u00e9nitentiaire avait alert\u00e9 le parquet de Marseille, transmettant deux captures d\u2019\u00e9cran de comptes Snapchat qui avaient relay\u00e9 le contrat. En remontant leur pi&#8230;<\/p>\n","protected":false},"excerpt":{"rendered":"Un peu raide dans son uniforme de c\u00e9r\u00e9monie aux feuilles de ch\u00eane et d\u2019olivier argent\u00e9es entrelac\u00e9es sur ses&hellip;\n","protected":false},"author":2,"featured_media":661984,"comment_status":"","ping_status":"","sticky":false,"template":"","format":"standard","meta":{"footnotes":""},"categories":[2814],"tags":[5734,1111,11,2829,3108,154,6042,1777,674,274,1011,27,3642,884,12,882,25,3356,17643],"class_list":{"0":"post-661983","1":"post","2":"type-post","3":"status-publish","4":"format-standard","5":"has-post-thumbnail","7":"category-marseille","8":"tag-5734","9":"tag-actu","10":"tag-actualites","11":"tag-baumettes","12":"tag-contrat","13":"tag-des","14":"tag-directrice","15":"tag-eu","16":"tag-europe","17":"tag-faits-divers-justice","18":"tag-fr","19":"tag-france","20":"tag-mafia","21":"tag-marseille","22":"tag-news","23":"tag-provence-alpes-cote-dazur","24":"tag-republique-francaise","25":"tag-sur","26":"tag-tete"},"share_on_mastodon":{"url":"https:\/\/pubeurope.com\/@fr\/115891136309265699","error":""},"_links":{"self":[{"href":"https:\/\/www.europesays.com\/fr\/wp-json\/wp\/v2\/posts\/661983","targetHints":{"allow":["GET"]}}],"collection":[{"href":"https:\/\/www.europesays.com\/fr\/wp-json\/wp\/v2\/posts"}],"about":[{"href":"https:\/\/www.europesays.com\/fr\/wp-json\/wp\/v2\/types\/post"}],"author":[{"embeddable":true,"href":"https:\/\/www.europesays.com\/fr\/wp-json\/wp\/v2\/users\/2"}],"replies":[{"embeddable":true,"href":"https:\/\/www.europesays.com\/fr\/wp-json\/wp\/v2\/comments?post=661983"}],"version-history":[{"count":0,"href":"https:\/\/www.europesays.com\/fr\/wp-json\/wp\/v2\/posts\/661983\/revisions"}],"wp:featuredmedia":[{"embeddable":true,"href":"https:\/\/www.europesays.com\/fr\/wp-json\/wp\/v2\/media\/661984"}],"wp:attachment":[{"href":"https:\/\/www.europesays.com\/fr\/wp-json\/wp\/v2\/media?parent=661983"}],"wp:term":[{"taxonomy":"category","embeddable":true,"href":"https:\/\/www.europesays.com\/fr\/wp-json\/wp\/v2\/categories?post=661983"},{"taxonomy":"post_tag","embeddable":true,"href":"https:\/\/www.europesays.com\/fr\/wp-json\/wp\/v2\/tags?post=661983"}],"curies":[{"name":"wp","href":"https:\/\/api.w.org\/{rel}","templated":true}]}}