{"id":661990,"date":"2026-01-14T02:43:25","date_gmt":"2026-01-14T02:43:25","guid":{"rendered":"https:\/\/www.europesays.com\/fr\/661990\/"},"modified":"2026-01-14T02:43:25","modified_gmt":"2026-01-14T02:43:25","slug":"incendies-de-bus-en-ile-de-france-des-elus-de-la-region-demandent-une-mission-denquete","status":"publish","type":"post","link":"https:\/\/www.europesays.com\/fr\/661990\/","title":{"rendered":"Incendies de bus en Ile-de-France : des \u00e9lus de la R\u00e9gion demandent une mission d\u2019enqu\u00eate"},"content":{"rendered":"<p>Ces derniers mois et ces derni\u00e8res ann\u00e9es, plusieurs d\u00e9parts de feu spontan\u00e9s dans des bus ont \u00e9t\u00e9 constat\u00e9s en Ile-de-France. Une s\u00e9rie d\u2019\u00e9v\u00e9nements qui peut interroger. Elle interpelle en tout cas les \u00e9lus r\u00e9gionaux de la Gauche Communiste, \u00c9cologiste et Citoyenne.<\/p>\n<p><strong>Des dizaines de bus concern\u00e9s<\/strong><\/p>\n<p>\u00ab Depuis mai 2023, d\u2019apr\u00e8s nos informations, au moins 14 bus ont \u00e9t\u00e9 victimes de d\u00e9parts de feu spontan\u00e9s sans intervention ext\u00e9rieure, dont 10 sur la voie publique et en exploitation commerciale \u00bb, recense C\u00e9line Malais\u00e9, la pr\u00e9sidente du groupe d\u2019opposition, pr\u00e9cisant que \u00ab les autres d\u00e9parts de feu sont survenus dans des d\u00e9p\u00f4ts de bus \u00bb.<\/p>\n<p>Ces \u00e9v\u00e9nements sont survenus Porte de Clignancourt le 8 mai 2023, \u00e0 Paris Landy le 16 ao\u00fbt 2023, Porte d\u2019Orl\u00e9ans le 3 septembre 2023, \u00e0 Aubervilliers le 17 d\u00e9cembre 2023, Porte des Lilas le 26 janvier 2024, \u00e0 Deuil-la-Barre le 2 septembre 2024, \u00e0 Gennevilliers le 9 janvier 2025, Place de Clichy le 17 mai 2025, \u00e0 Malakoff le 5 ao\u00fbt, \u00e0 Massy le 7 ao\u00fbt, \u00e0 Aubergenville le 13 octobre, \u00e0 Montreuil le 4 novembre, ou encore \u00e0 Neuilly-Plaisance et au Raincy les 2 et 10 d\u00e9cembre derniers.<\/p>\n<p>\u00ab Des causes m\u00e9caniques ont \u00e9t\u00e9 avanc\u00e9es pour expliquer ces \u00e9v\u00e9nements \u00bb, rapporte C\u00e9line Malais\u00e9. Or \u00ab s\u2019ils restent exceptionnels, ces incendies suscitent de l\u2019inqui\u00e9tude aupr\u00e8s des machinistes, des agents de la maintenance et des usagers \u00bb, relaie la conseill\u00e8re r\u00e9gionale, soulignant que ces incendies ne se limitent pas \u00e0 un mod\u00e8le de bus et concernent plusieurs exploitants.<\/p>\n<p><strong>Une demande qui peine \u00e0 \u00eatre entendue<\/strong><\/p>\n<p>Pr\u00e9occup\u00e9 par ces incidents, le groupe de la Gauche Communiste, \u00c9cologiste et Citoyenne a exprim\u00e9 son inqui\u00e9tude lors du conseil d\u2019administration d\u2019Ile-de-France Mobilit\u00e9s du 10 d\u00e9cembre dernier et demand\u00e9 une mission d\u2019enqu\u00eate \u00ab afin d\u2019objectiver ce ph\u00e9nom\u00e8ne et d\u2019en identifier les causes \u00bb.<\/p>\n<p>\u00ab Il nous semble en effet n\u00e9cessaire de r\u00e9pondre aux inqui\u00e9tudes, Ile-de-France Mobilit\u00e9s \u00e9tant concern\u00e9 au premier chef en sa qualit\u00e9 de propri\u00e9taire des bus et d\u2019autorit\u00e9 organisatrice charg\u00e9e des relations contractuelles avec les op\u00e9rateurs fixant, notamment, les obligations de maintenance \u00bb, appuie C\u00e9line Malais\u00e9. Mais la demande de son groupe n\u2019a, pour l\u2019heure, pas \u00e9t\u00e9 entendue.<\/p>\n<p>Une demande que ses \u00e9lus r\u00e9it\u00e8rent donc aupr\u00e8s de la pr\u00e9sidente d\u2019Ile-de-France Mobilit\u00e9s Val\u00e9rie P\u00e9cresse estimant qu\u2019\u00ab il y a urgence \u00e0 dresser une liste exhaustive de ces \u00e9v\u00e9nements, \u00e0 partager les informations connues, \u00e0 v\u00e9rifier l\u2019\u00e9tat de la maintenance des bus, les moyens humains et financiers allou\u00e9s \u00e0 cette derni\u00e8re et \u00e0 identifier les causes pr\u00e9cises afin d\u2019y rem\u00e9dier \u00bb. \u00ab Nous ne comprendrions pas un nouveau refus de faire la lumi\u00e8re sur ces incidents \u00bb, pousse C\u00e9line Malais\u00e9.<\/p>\n","protected":false},"excerpt":{"rendered":"Ces derniers mois et ces derni\u00e8res ann\u00e9es, plusieurs d\u00e9parts de feu spontan\u00e9s dans des bus ont \u00e9t\u00e9 constat\u00e9s&hellip;\n","protected":false},"author":2,"featured_media":661991,"comment_status":"","ping_status":"","sticky":false,"template":"","format":"standard","meta":{"footnotes":""},"categories":[1592],"tags":[1111,11,7048,20741,27856,76321,1777,674,1011,27,27858,662,14484,5383,76322,12,626,25,800,2216],"class_list":{"0":"post-661990","1":"post","2":"type-post","3":"status-publish","4":"format-standard","5":"has-post-thumbnail","7":"category-ile-de-france","8":"tag-actu","9":"tag-actualites","10":"tag-bus","11":"tag-conseil-ru00e9gional","12":"tag-cu00e9line-malaisu00e9","13":"tag-du00e9parts-de-feu-spontanu00e9s","14":"tag-eu","15":"tag-europe","16":"tag-fr","17":"tag-france","18":"tag-gauche-communiste-u00c9cologiste-et-citoyenne","19":"tag-ile-de-france","20":"tag-ile-de-france-mobilitu00e9s","21":"tag-incendies","22":"tag-mission-denquu00eate","23":"tag-news","24":"tag-paris","25":"tag-republique-francaise","26":"tag-transports","27":"tag-transports-en-commun"},"share_on_mastodon":{"url":"https:\/\/pubeurope.com\/@fr\/115891155949650038","error":""},"_links":{"self":[{"href":"https:\/\/www.europesays.com\/fr\/wp-json\/wp\/v2\/posts\/661990","targetHints":{"allow":["GET"]}}],"collection":[{"href":"https:\/\/www.europesays.com\/fr\/wp-json\/wp\/v2\/posts"}],"about":[{"href":"https:\/\/www.europesays.com\/fr\/wp-json\/wp\/v2\/types\/post"}],"author":[{"embeddable":true,"href":"https:\/\/www.europesays.com\/fr\/wp-json\/wp\/v2\/users\/2"}],"replies":[{"embeddable":true,"href":"https:\/\/www.europesays.com\/fr\/wp-json\/wp\/v2\/comments?post=661990"}],"version-history":[{"count":0,"href":"https:\/\/www.europesays.com\/fr\/wp-json\/wp\/v2\/posts\/661990\/revisions"}],"wp:featuredmedia":[{"embeddable":true,"href":"https:\/\/www.europesays.com\/fr\/wp-json\/wp\/v2\/media\/661991"}],"wp:attachment":[{"href":"https:\/\/www.europesays.com\/fr\/wp-json\/wp\/v2\/media?parent=661990"}],"wp:term":[{"taxonomy":"category","embeddable":true,"href":"https:\/\/www.europesays.com\/fr\/wp-json\/wp\/v2\/categories?post=661990"},{"taxonomy":"post_tag","embeddable":true,"href":"https:\/\/www.europesays.com\/fr\/wp-json\/wp\/v2\/tags?post=661990"}],"curies":[{"name":"wp","href":"https:\/\/api.w.org\/{rel}","templated":true}]}}