{"id":66200,"date":"2025-05-01T05:56:08","date_gmt":"2025-05-01T05:56:08","guid":{"rendered":"https:\/\/www.europesays.com\/fr\/66200\/"},"modified":"2025-05-01T05:56:08","modified_gmt":"2025-05-01T05:56:08","slug":"a-rome-les-langues-se-delient-apres-la-mort-de-francois","status":"publish","type":"post","link":"https:\/\/www.europesays.com\/fr\/66200\/","title":{"rendered":"\u00e0 Rome, les langues se d\u00e9lient apr\u00e8s la mort de Fran\u00e7ois"},"content":{"rendered":"<p><strong>REPORTAGE &#8211;<\/strong> Mercredi, quelque 135 cardinaux \u00e2g\u00e9s de moins de 80 ans se couperont du monde, le temps qu\u2019il faudra, pour discerner lequel parmi eux est le plus apte \u00e0 conduire l\u2019\u00c9glise catholique. Une mission in\u00e9dite pour la majorit\u00e9 d\u2019entre eux.<\/p>\n<p class=\"fig-paragraph\">Les barrettes pourpres et les soutanes se sont dispers\u00e9es. Le calme est revenu place Saint-Pierre. Bient\u00f4t, peut-\u00eatre cette semaine,\u00a0<a href=\"http:\/\/www.lefigaro.fr\/actualite-france\/succession-du-pape-francois-quelle-influence-pour-les-cardinaux-francais-dans-le-conclave-20250430\" data-fig-type=\"Article\" data-gtm-custom-categorie=\"navigation\" data-gtm-custom-action=\"crossclick\" data-gtm-custom-label=\"Contextuel\" data-gtm-event=\"customEventSPE\" data-fig-domain=\"LEFIGARO\" target=\"_blank\" rel=\"noopener\">le nom du 267e pape s\u2019\u00e9chappera du balcon de la basilique<\/a>.<\/p>\n<p class=\"fig-paragraph\">O\u00f9 cet homme se trouve-t-il \u00e0 pr\u00e9sent\u00a0? Chaque jour, il foule les pav\u00e9s de Rome pour se rendre aux congr\u00e9gations g\u00e9n\u00e9rales. Avant d\u2019entrer dans le huis clos du conclave mercredi 7 mai, il prie, discute, circule en compagnie des 134 autres cardinaux \u00e9lecteurs venus du monde entier. Chacun ignore qui sera le successeur de l\u2019ap\u00f4tre Pierre et d\u00e9tiendra les clefs de l\u2019\u00c9glise en ce d\u00e9but de XXIe si\u00e8cle. \u00ab C\u2019est une exp\u00e9rience in\u00e9dite\u00a0\u00bb, nous confie le cardinal\u00a0<a href=\"http:\/\/www.lefigaro.fr\/actualite-france\/mgr-aveline-une-ascension-dans-l-eglise-de-france-qui-ouvre-des-horizons-romains-20250404\" data-fig-type=\"Article\" data-gtm-custom-categorie=\"navigation\" data-gtm-custom-action=\"crossclick\" data-gtm-custom-label=\"Contextuel\" data-gtm-event=\"customEventSPE\" data-fig-domain=\"LEFIGARO\" target=\"_blank\" rel=\"noopener\">Aveline<\/a>\u00a0avec un sourire grave. \u00ab Priez pour que nous soyons lucides, courageux et libres\u00a0\u00bb, rench\u00e9rit le franciscain d\u2019Ajaccio,\u00a0<a href=\"https:\/\/www.lefigaro.fr\/actualite-france\/mgr-francois-bustillo-etoile-montante-de-l-eglise-20230922\" data-fig-type=\"Article\" data-gtm-custom-categorie=\"navigation\" data-gtm-custom-action=\"crossclick\" data-gtm-custom-label=\"Contextuel\" data-gtm-event=\"customEventSPE\" data-fig-domain=\"LEFIGARO\" target=\"_blank\" rel=\"noopener\">Mgr Bustillo<\/a>, que Fran\u00e7ois a cr\u00e9\u00e9 cardinal il y a un an et demi. Il y a douze ans, lorsque Jorge Bergoglio avait quitt\u00e9 l\u2019Argentine pour rejoindre le conclave \u00e0 Rome, pensant revenir quelques semaines plus tard\u2026<\/p>\n<p class=\"fig-premium-paywall__infos\">\n        Cet article est r\u00e9serv\u00e9 aux abonn\u00e9s.        Il vous reste 90% \u00e0 d\u00e9couvrir.\n    <\/p>\n<p>                <img  data- alt=\"Le Figaro\" class=\"fig-img--complete fig-img\"\/><\/p>\n<p class=\"fig-premium-paywall__title\">Je m&rsquo;informe, je m&rsquo;inspire, je m&rsquo;abonne.<\/p>\n<p class=\"fig-premium-paywall__subtitle\">D\u00e9couvrez notre offre de bienvenue.<\/p>\n<p class=\"fig-premium-paywall__connect\">\n                D\u00e9j\u00e0 abonn\u00e9\u00a0?                <a class=\"fig-premium-paywall__connect-link\" href=\"https:\/\/connect.lefigaro.fr\/login?client=horizon_web&amp;type=main&amp;redirect_uri=https%3A%2F%2Fwww.lefigaro.fr%2Factualite-france%2Fnous-sommes-des-eveques-pauvres-desormais-a-rome-les-langues-se-delient-apres-la-mort-de-francois-20250501\" data-js-gtm=\"{&quot;customCategorie&quot;: &quot;conversion&quot;, &quot;customAction&quot;: &quot;before_Landing_Connexion_paywall_auto&quot;, &quot;customLabel&quot;: &quot;bGVmaWdhcm8uZnJfXzFmMDI1OThlLTRhZDItNjEyZS1iMzU3LTIzYjMwOThlNjVkYV9fQXJ0aWNsZQ==_\u00ab Nous sommes des \u00e9v\u00eaques pauvres d\u00e9sormais\u00a0\u00bb\u00a0: \u00e0 Rome, les langues se d\u00e9lient apr\u00e8s la mort de Fran\u00e7ois_809&quot;, &quot;customIDSPE&quot;: &quot;bGVmaWdhcm8uZnJfXzFmMDI1OThlLTRhZDItNjEyZS1iMzU3LTIzYjMwOThlNjVkYV9fQXJ0aWNsZQ==&quot;, &quot;event&quot;: &quot;customEventSPE&quot;}\" target=\"_blank\" rel=\"noopener\"><br \/>\n                    Connectez-vous<br \/>\n                <\/a>\n            <\/p>\n","protected":false},"excerpt":{"rendered":"REPORTAGE &#8211; Mercredi, quelque 135 cardinaux \u00e2g\u00e9s de moins de 80 ans se couperont du monde, le temps&hellip;\n","protected":false},"author":2,"featured_media":66201,"comment_status":"","ping_status":"","sticky":false,"template":"","format":"standard","meta":{"footnotes":""},"categories":[2],"tags":[47,1058,1054,1059,1060,1055,11,1057,118,1011,27,1061,303,12,4692,1062,656,104,1056,16667,809],"class_list":{"0":"post-66200","1":"post","2":"type-post","3":"status-publish","4":"format-standard","5":"has-post-thumbnail","7":"category-actualites","8":"tag-actualite","9":"tag-actualite-education","10":"tag-actualite-france","11":"tag-actualite-justice","12":"tag-actualite-securite","13":"tag-actualite-societe","14":"tag-actualites","15":"tag-education","16":"tag-faits-divers","17":"tag-fr","18":"tag-france","19":"tag-immigration","20":"tag-justice","21":"tag-news","22":"tag-pape-francois","23":"tag-polemique","24":"tag-securite","25":"tag-societe","26":"tag-societe-francaise","27":"tag-succession","28":"tag-violence"},"share_on_mastodon":{"url":"https:\/\/pubeurope.com\/@fr\/114431038821731491","error":""},"_links":{"self":[{"href":"https:\/\/www.europesays.com\/fr\/wp-json\/wp\/v2\/posts\/66200","targetHints":{"allow":["GET"]}}],"collection":[{"href":"https:\/\/www.europesays.com\/fr\/wp-json\/wp\/v2\/posts"}],"about":[{"href":"https:\/\/www.europesays.com\/fr\/wp-json\/wp\/v2\/types\/post"}],"author":[{"embeddable":true,"href":"https:\/\/www.europesays.com\/fr\/wp-json\/wp\/v2\/users\/2"}],"replies":[{"embeddable":true,"href":"https:\/\/www.europesays.com\/fr\/wp-json\/wp\/v2\/comments?post=66200"}],"version-history":[{"count":0,"href":"https:\/\/www.europesays.com\/fr\/wp-json\/wp\/v2\/posts\/66200\/revisions"}],"wp:featuredmedia":[{"embeddable":true,"href":"https:\/\/www.europesays.com\/fr\/wp-json\/wp\/v2\/media\/66201"}],"wp:attachment":[{"href":"https:\/\/www.europesays.com\/fr\/wp-json\/wp\/v2\/media?parent=66200"}],"wp:term":[{"taxonomy":"category","embeddable":true,"href":"https:\/\/www.europesays.com\/fr\/wp-json\/wp\/v2\/categories?post=66200"},{"taxonomy":"post_tag","embeddable":true,"href":"https:\/\/www.europesays.com\/fr\/wp-json\/wp\/v2\/tags?post=66200"}],"curies":[{"name":"wp","href":"https:\/\/api.w.org\/{rel}","templated":true}]}}