{"id":662006,"date":"2026-01-14T02:51:18","date_gmt":"2026-01-14T02:51:18","guid":{"rendered":"https:\/\/www.europesays.com\/fr\/662006\/"},"modified":"2026-01-14T02:51:18","modified_gmt":"2026-01-14T02:51:18","slug":"la-condition-de-meghan-markle-pour-faire-son-retour-au-royaume-uni","status":"publish","type":"post","link":"https:\/\/www.europesays.com\/fr\/662006\/","title":{"rendered":"La condition de Meghan Markle pour faire son retour au Royaume-Uni"},"content":{"rendered":"<p class=\"ap-StoryElement ap-StoryElement--mb ap-StoryText\">Cet \u00e9t\u00e9, l&rsquo;\u00e9pouse du prince Harry devrait faire son retour sur les terres de la Grande-Bretagne et pour une raison bien pr\u00e9cise. Elle reviendra pour un \u00e9v\u00e9nement promotionnel des Invictus Game et le lancement du compte \u00e0 rebours de la prochaine \u00e9dition \u00e0 Birmingham.<\/p>\n<p class=\"ap-StoryElement ap-StoryElement--mb ap-StoryText\">Toutefois, Meghan Markle pose une condition. En effet, le couple veut b\u00e9n\u00e9ficier \u00e0 nouveau d&rsquo;une protection polici\u00e8re, protection qu&rsquo;ils ont perdue depuis 2020 en renon\u00e7ant \u00e0 leur r\u00f4le actif au sein de la famille royale britannique. C&rsquo;est une d\u00e9cision fortement contest\u00e9e par le prince Harry qui a d\u00e9j\u00e0 men\u00e9 une bataille en justice \u00e0 ce sujet selon <a href=\"https:\/\/www.hln.be\/royalty\/meghan-markle-wil-voor-het-eerst-in-vier-jaar-terug-naar-groot-brittannie-maar-alleen-als-ze-beveiligd-wordt~a1b5e5ff\/\" target=\"_self\" rel=\"noopener\">HLN<\/a>.<\/p>\n","protected":false},"excerpt":{"rendered":"Cet \u00e9t\u00e9, l&rsquo;\u00e9pouse du prince Harry devrait faire son retour sur les terres de la Grande-Bretagne et pour&hellip;\n","protected":false},"author":2,"featured_media":662007,"comment_status":"","ping_status":"","sticky":false,"template":"","format":"standard","meta":{"footnotes":""},"categories":[1588],"tags":[11,20075,1777,674,12,473,1853,1851,1850,1852],"class_list":{"0":"post-662006","1":"post","2":"type-post","3":"status-publish","4":"format-standard","5":"has-post-thumbnail","7":"category-royaume-uni","8":"tag-actualites","9":"tag-elizabeth-ii","10":"tag-eu","11":"tag-europe","12":"tag-news","13":"tag-royaume-uni","14":"tag-royaume-uni-de-grande-bretagne-et-dirlande-du-nord","15":"tag-uk","16":"tag-united-kingdom","17":"tag-united-kingdom-of-great-britain-and-northern-ireland"},"share_on_mastodon":{"url":"https:\/\/pubeurope.com\/@fr\/115891187609500654","error":""},"_links":{"self":[{"href":"https:\/\/www.europesays.com\/fr\/wp-json\/wp\/v2\/posts\/662006","targetHints":{"allow":["GET"]}}],"collection":[{"href":"https:\/\/www.europesays.com\/fr\/wp-json\/wp\/v2\/posts"}],"about":[{"href":"https:\/\/www.europesays.com\/fr\/wp-json\/wp\/v2\/types\/post"}],"author":[{"embeddable":true,"href":"https:\/\/www.europesays.com\/fr\/wp-json\/wp\/v2\/users\/2"}],"replies":[{"embeddable":true,"href":"https:\/\/www.europesays.com\/fr\/wp-json\/wp\/v2\/comments?post=662006"}],"version-history":[{"count":0,"href":"https:\/\/www.europesays.com\/fr\/wp-json\/wp\/v2\/posts\/662006\/revisions"}],"wp:featuredmedia":[{"embeddable":true,"href":"https:\/\/www.europesays.com\/fr\/wp-json\/wp\/v2\/media\/662007"}],"wp:attachment":[{"href":"https:\/\/www.europesays.com\/fr\/wp-json\/wp\/v2\/media?parent=662006"}],"wp:term":[{"taxonomy":"category","embeddable":true,"href":"https:\/\/www.europesays.com\/fr\/wp-json\/wp\/v2\/categories?post=662006"},{"taxonomy":"post_tag","embeddable":true,"href":"https:\/\/www.europesays.com\/fr\/wp-json\/wp\/v2\/tags?post=662006"}],"curies":[{"name":"wp","href":"https:\/\/api.w.org\/{rel}","templated":true}]}}