{"id":662019,"date":"2026-01-14T03:00:11","date_gmt":"2026-01-14T03:00:11","guid":{"rendered":"https:\/\/www.europesays.com\/fr\/662019\/"},"modified":"2026-01-14T03:00:11","modified_gmt":"2026-01-14T03:00:11","slug":"rugby-scapulaire-petero-mailulu-vers-le-stade-francais","status":"publish","type":"post","link":"https:\/\/www.europesays.com\/fr\/662019\/","title":{"rendered":"Rugby Scapulaire &#8211; Petero Mailulu vers le Stade Fran\u00e7ais ?"},"content":{"rendered":"<p>\u00a0<\/p>\n<p>Selon les informations de <a href=\"https:\/\/www.rugbyrama.fr\/2026\/01\/08\/transferts-exclu-midol-petero-mailulu-beziers-vers-le-stade-francais-la-saison-prochaine-13150848.php\" target=\"_blank\" rel=\"noopener\"><br \/>\nMidi Olympique<\/a>, notre ancien deuxi\u00e8me ligne Espoir,<br \/>\n<strong>Petero Mailulu<\/strong>, qui porte les couleurs de B\u00e9ziers,<br \/>\nferait preuve d\u2019un int\u00e9r\u00eat du Stade Fran\u00e7ais. Un accord serait<br \/>\nproche entre les diff\u00e9rentes partie pour le jeune joueur de 23 ans,<br \/>\nqui joue dans l\u2019H\u00e9rault depuis 2024 et pr\u00e9sente l\u2019avantage d\u2019\u00eatre<br \/>\nJIFF, malgr\u00e9 un contrat qui court jusqu\u2019en 2027. Celui qui a jou\u00e9<br \/>\n19 matchs de Pro D2 pourrait retrouver le Top 14, qu\u2019il avait connu<br \/>\nsous les couleurs de l\u2019Union Bordeaux-B\u00e8gles.<\/p>\n","protected":false},"excerpt":{"rendered":"\u00a0 Selon les informations de Midi Olympique, notre ancien deuxi\u00e8me ligne Espoir, Petero Mailulu, qui porte les couleurs&hellip;\n","protected":false},"author":2,"featured_media":662020,"comment_status":"","ping_status":"","sticky":false,"template":"","format":"standard","meta":{"footnotes":""},"categories":[1416],"tags":[1011,27,479,1468,60],"class_list":{"0":"post-662019","1":"post","2":"type-post","3":"status-publish","4":"format-standard","5":"has-post-thumbnail","7":"category-rugby","8":"tag-fr","9":"tag-france","10":"tag-rugby","11":"tag-rugby-football","12":"tag-sports"},"share_on_mastodon":{"url":"https:\/\/pubeurope.com\/@fr\/115891222822067618","error":""},"_links":{"self":[{"href":"https:\/\/www.europesays.com\/fr\/wp-json\/wp\/v2\/posts\/662019","targetHints":{"allow":["GET"]}}],"collection":[{"href":"https:\/\/www.europesays.com\/fr\/wp-json\/wp\/v2\/posts"}],"about":[{"href":"https:\/\/www.europesays.com\/fr\/wp-json\/wp\/v2\/types\/post"}],"author":[{"embeddable":true,"href":"https:\/\/www.europesays.com\/fr\/wp-json\/wp\/v2\/users\/2"}],"replies":[{"embeddable":true,"href":"https:\/\/www.europesays.com\/fr\/wp-json\/wp\/v2\/comments?post=662019"}],"version-history":[{"count":0,"href":"https:\/\/www.europesays.com\/fr\/wp-json\/wp\/v2\/posts\/662019\/revisions"}],"wp:featuredmedia":[{"embeddable":true,"href":"https:\/\/www.europesays.com\/fr\/wp-json\/wp\/v2\/media\/662020"}],"wp:attachment":[{"href":"https:\/\/www.europesays.com\/fr\/wp-json\/wp\/v2\/media?parent=662019"}],"wp:term":[{"taxonomy":"category","embeddable":true,"href":"https:\/\/www.europesays.com\/fr\/wp-json\/wp\/v2\/categories?post=662019"},{"taxonomy":"post_tag","embeddable":true,"href":"https:\/\/www.europesays.com\/fr\/wp-json\/wp\/v2\/tags?post=662019"}],"curies":[{"name":"wp","href":"https:\/\/api.w.org\/{rel}","templated":true}]}}