{"id":662025,"date":"2026-01-14T03:06:16","date_gmt":"2026-01-14T03:06:16","guid":{"rendered":"https:\/\/www.europesays.com\/fr\/662025\/"},"modified":"2026-01-14T03:06:16","modified_gmt":"2026-01-14T03:06:16","slug":"le-losc-veut-voler-une-pepite-a-lol","status":"publish","type":"post","link":"https:\/\/www.europesays.com\/fr\/662025\/","title":{"rendered":"Le LOSC veut voler une p\u00e9pite \u00e0 l&rsquo;OL"},"content":{"rendered":"<p>Sur les tablettes de l\u2019OL depuis quelques saisons d\u00e9j\u00e0, le jeune Noah Nartey pla\u00eet aussi aux recruteurs lillois.<\/p>\n<p>Alors qu\u2019Olivier L\u00e9tang affirmait d\u00e9but janvier que le LOSC ne recruterait pas durant le mercato hivernal, le club nordiste pourrait finalement jouer les trouble-f\u00eates sur le march\u00e9 des transferts. Selon plusieurs sources, Lille se serait positionn\u00e9 sur Noah Nartey, le jeune milieu danois de Br\u00f8ndby \u00e9galement convoit\u00e9 par l\u2019Olympique Lyonnais. Une information qui surprend, tant le pr\u00e9sident lillois s\u2019\u00e9tait montr\u00e9 cat\u00e9gorique sur l\u2019absence de renforts cet hiver.<\/p>\n<p>Pas une premi\u00e8re\u2026<\/p>\n<p>Mais les d\u00e9clarations d\u2019Olivier L\u00e9tang m\u00e9ritent souvent d\u2019\u00eatre prises avec pr\u00e9caution. L\u2019\u00e9t\u00e9 dernier d\u00e9j\u00e0, le dirigeant avait ni\u00e9 tout besoin d\u2019un nouvel avant-centre avant de finaliser, quelques semaines plus tard, l\u2019arriv\u00e9e d\u2019Hamza Igamane pour pr\u00e8s de 15 millions d\u2019euros. Ce pr\u00e9c\u00e9dent alimente l\u2019hypoth\u00e8se d\u2019un coup de bluff, destin\u00e9 soit \u00e0 avancer discr\u00e8tement sur certains dossiers, soit \u00e0 perturber la concurrence, notamment lyonnaise.<\/p>\n<p>\u00c2g\u00e9 de 20 ans, Noah Nartey r\u00e9alise une saison remarqu\u00e9e avec Br\u00f8ndby, avec 7 buts et 3 passes d\u00e9cisives en 25 rencontres. Refusant de prolonger son contrat qui court jusqu\u2019en 2027, l\u2019international danois attise logiquement les convoitises. L\u2019OL a d\u00e9j\u00e0 transmis une offre de 5,5 millions d\u2019euros, rejet\u00e9e par le club danois, qui en r\u00e9clame 7 hors bonus. Reste \u00e0 savoir si l\u2019int\u00e9r\u00eat du LOSC est r\u00e9el ou s\u2019il s\u2019agit d\u2019une man\u0153uvre strat\u00e9gique susceptible de compliquer les plans lyonnais.<\/p>\n<blockquote class=\"twitter-tweet\">\n<p lang=\"fr\" dir=\"ltr\">Pour ceux qui veulent mieux conna\u00eetre Noah Nartey, nous vous conseillons cette vid\u00e9o de <a href=\"https:\/\/twitter.com\/CWaka?ref_src=twsrc%5Etfw\" target=\"_blank\" rel=\"noopener\">@CWaka<\/a> \ud83d\udd25<\/p>\n<p>\ud83d\udd34\ud83d\udd35\ud83e\udd81<a href=\"https:\/\/twitter.com\/hashtag\/TeamOL?src=hash&amp;ref_src=twsrc%5Etfw\" target=\"_blank\" rel=\"noopener\">#TeamOL<\/a> <a href=\"https:\/\/t.co\/ByHfmXO3f7\">https:\/\/t.co\/ByHfmXO3f7<\/a><\/p>\n<p>\u2014 \ud835\uddda\ud835\udde2\ud835\udde1\ud835\uddd8\ud835\udde6 \ud835\udde5\ud835\uddd4\ud835\uddd7\ud835\udddc\ud835\udde2 (@GonesRadioOff) <a href=\"https:\/\/twitter.com\/GonesRadioOff\/status\/2011122446074606027?ref_src=twsrc%5Etfw\" target=\"_blank\" rel=\"noopener\">January 13, 2026<\/a><\/p><\/blockquote>\n<p><script async src=\"https:\/\/platform.twitter.com\/widgets.js\" charset=\"utf-8\"><\/script><\/p>\n","protected":false},"excerpt":{"rendered":"Sur les tablettes de l\u2019OL depuis quelques saisons d\u00e9j\u00e0, le jeune Noah Nartey pla\u00eet aussi aux recruteurs lillois.&hellip;\n","protected":false},"author":2,"featured_media":662026,"comment_status":"","ping_status":"","sticky":false,"template":"","format":"standard","meta":{"footnotes":""},"categories":[1410],"tags":[63,1011,27,60],"class_list":{"0":"post-662025","1":"post","2":"type-post","3":"status-publish","4":"format-standard","5":"has-post-thumbnail","7":"category-football","8":"tag-football","9":"tag-fr","10":"tag-france","11":"tag-sports"},"share_on_mastodon":{"url":"https:\/\/pubeurope.com\/@fr\/115891246706527257","error":""},"_links":{"self":[{"href":"https:\/\/www.europesays.com\/fr\/wp-json\/wp\/v2\/posts\/662025","targetHints":{"allow":["GET"]}}],"collection":[{"href":"https:\/\/www.europesays.com\/fr\/wp-json\/wp\/v2\/posts"}],"about":[{"href":"https:\/\/www.europesays.com\/fr\/wp-json\/wp\/v2\/types\/post"}],"author":[{"embeddable":true,"href":"https:\/\/www.europesays.com\/fr\/wp-json\/wp\/v2\/users\/2"}],"replies":[{"embeddable":true,"href":"https:\/\/www.europesays.com\/fr\/wp-json\/wp\/v2\/comments?post=662025"}],"version-history":[{"count":0,"href":"https:\/\/www.europesays.com\/fr\/wp-json\/wp\/v2\/posts\/662025\/revisions"}],"wp:featuredmedia":[{"embeddable":true,"href":"https:\/\/www.europesays.com\/fr\/wp-json\/wp\/v2\/media\/662026"}],"wp:attachment":[{"href":"https:\/\/www.europesays.com\/fr\/wp-json\/wp\/v2\/media?parent=662025"}],"wp:term":[{"taxonomy":"category","embeddable":true,"href":"https:\/\/www.europesays.com\/fr\/wp-json\/wp\/v2\/categories?post=662025"},{"taxonomy":"post_tag","embeddable":true,"href":"https:\/\/www.europesays.com\/fr\/wp-json\/wp\/v2\/tags?post=662025"}],"curies":[{"name":"wp","href":"https:\/\/api.w.org\/{rel}","templated":true}]}}