{"id":662031,"date":"2026-01-14T03:10:14","date_gmt":"2026-01-14T03:10:14","guid":{"rendered":"https:\/\/www.europesays.com\/fr\/662031\/"},"modified":"2026-01-14T03:10:14","modified_gmt":"2026-01-14T03:10:14","slug":"apercue-a-la-star-academy-carla-briard-touche-du-doigt-son-reve-de-devenir-danseuse","status":"publish","type":"post","link":"https:\/\/www.europesays.com\/fr\/662031\/","title":{"rendered":"aper\u00e7ue \u00e0 la Star Academy, Carla Briard touche du doigt son r\u00eave de devenir danseuse"},"content":{"rendered":"<p>                    Par<br \/>\n        <strong><br \/>\n            <a href=\"https:\/\/actu.fr\/auteur\/paul-lesigne\" title=\"Consulter tous les articles de Paul Lesigne\" target=\"_blank\" rel=\"noopener\">Paul Lesigne<\/a><br \/>\n                    <\/strong><\/p>\n<p>        Publi\u00e9 le<\/p>\n<p>            13 janv. 2026 \u00e0 20h26        <\/p>\n<p>Les Lexoviens habitu\u00e9s \u00e0 regarder la Star Academy auront peut-\u00eatre eu leur regard attir\u00e9 vers elle, samedi 10 janvier 2026 lors du prime diffus\u00e9 sur TF1. Carla Briard faisait partie des danseurs qui accompagnaient les candidats <a href=\"https:\/\/www.tf1.fr\/tf1\/star-academy\/videos\/star-academy-2025-medley-des-annees-2000-avec-sheryfa-luna-zaho-et-nadiya-45704746.html\" target=\"_blank\" rel=\"noopener\">lors du medley des ann\u00e9es 2000<\/a>.<\/p>\n<p class=\" wall-content\">\u00ab La danse permet de vivre plein de choses diff\u00e9rentes \u00bb, sourit la jeune femme, dont la passion va bient\u00f4t devenir son m\u00e9tier. La Lexovienne de 22\u00a0ans a rejoint cette ann\u00e9e l\u2019<a href=\"https:\/\/academiedanseparis.com\/\" target=\"_blank\" rel=\"noopener\">Acad\u00e9mie internationale de danse<\/a> (AID) \u00e0 Paris, \u00ab une \u00e9cole assez connue \u00bb. Une derni\u00e8re \u00e9tape dans sa formation avant de se lancer dans le grand bain et devenir danseuse.<\/p>\n<p>Des d\u00e9buts \u00e0 Lexo\u2019danse<\/p>\n<p class=\" wall-content\">Elle a commenc\u00e9 la danse \u00e0 l\u2019\u00e2ge de 5\u00a0ans, au sein de <a href=\"https:\/\/www.facebook.com\/profile.php?id=100075901999449\" target=\"_blank\" rel=\"noopener\">Lexo\u2019danse<\/a>. En parall\u00e8le de sa scolarit\u00e9 \u00e0 l\u2019\u00e9cole Sainte-Th\u00e9r\u00e8se, au coll\u00e8ge Michelet et au lyc\u00e9e Marcel Gambier, Carla Briard est rest\u00e9e 13\u00a0ans dans cette association, o\u00f9 elle a suivi les cours de danse contemporaine, jazz et classique de Lucie Lepr\u00e9vost. Toujours \u00ab pour le plaisir \u00bb, avant d\u2019envisager de faire carri\u00e8re :<\/p>\n<blockquote class=\"ac-article-quote wall-content\">\n<p>\u00ab Ce n\u2019est qu\u2019au lyc\u00e9e que j\u2019ai voulu en faire mon m\u00e9tier. Entre le coll\u00e8ge et le lyc\u00e9e, j\u2019ai commenc\u00e9 \u00e0 faire plus d\u2019heures de danse et des concours. Ma professeure m\u2019a expliqu\u00e9 ce qu\u2019il \u00e9tait possible de faire, et \u00e7a m\u2019a motiv\u00e9e encore plus. \u00bb<\/p>\n<p>Carla Briard<\/p><\/blockquote>\n<p class=\" wall-content\">Apr\u00e8s le baccalaur\u00e9at, la jeune femme a rejoint le <a href=\"https:\/\/www.conservatoirederouen.fr\/\" target=\"_blank\" rel=\"noopener\">Conservatoire \u00e0 rayonnement r\u00e9gional de Rouen<\/a> \u00ab pour faire un cycle pr\u00e9paratoi<\/p>\n<p>    <img   decoding=\"async\" loading=\"lazy\" class=\"size-large\" src=\"https:\/\/www.europesays.com\/fr\/wp-content\/uploads\/2026\/01\/bbec9a17c46969fec9a17c46942fc9v-768x640.jpg\" alt=\"Carla Briard Louvre\" width=\"768\" height=\"640\"\/><br \/>\n    Carla Briard devant le mus\u00e9e du Louvre \u00e0 Paris. \u00a9Ambres Photographies<\/p>\n<p class=\" wall-content\">re aux enseignements sup\u00e9rieurs (CPES), pour progresser techniquement et me pr\u00e9parer aux grandes \u00e9coles \u00bb.<\/p>\n<p class=\" wall-content\">2\u00a0ann\u00e9es qui ont port\u00e9 leurs fruits, puisque Carla Briard a int\u00e9gr\u00e9 ensuite le <a href=\"https:\/\/www.jeuneballetdaquitaine.com\/\" target=\"_blank\" rel=\"noopener\">Jeune Ballet d\u2019Aquitaine<\/a>. \u00c0 Bordeaux, elle a d\u00e9couvert \u00ab plein de cours et de styles diff\u00e9rents \u00bb : \u00ab Nous avons fait beaucoup de spectacles, plein d\u2019exp\u00e9riences sc\u00e9niques. J\u2019ai commenc\u00e9 le hip-hop, que je n\u2019avais jamais fait, du Pilates, nous avions un coach sportif pour nous pr\u00e9parer physiquement et plus se professionnaliser. \u00bb<\/p>\n<p>Votre r\u00e9gion, votre actu !<\/p>\n<p>Recevez chaque jour les infos qui comptent pour vous.<\/p>\n<p>\t<a href=\"https:\/\/actu.fr\/newsletter\" class=\"ac-btn ac-btn--corner ac-btn--medium ac-btn--blue800\" target=\"_blank\" rel=\"noopener\">S&rsquo;incrire<\/a><br \/>\nUne trentaine d\u2019heures de danse<\/p>\n<p class=\" wall-content\">Apr\u00e8s 2 ans en Gironde, la voil\u00e0 maintenant \u00e0 Paris, \u00e0 l\u2019Acad\u00e9mie internationale de danse, un CFA o\u00f9 elle suit deux cursus en m\u00eame temps : la formation professionnelle de danse, et la premi\u00e8re ann\u00e9e du dipl\u00f4me d\u2019\u00c9tat pour devenir professeure de danse. Les semaines sont bien remplies, avec une trentaine d\u2019heures de danse.<\/p>\n<p>    <img   decoding=\"async\" loading=\"lazy\" class=\"size-large\" src=\"https:\/\/www.europesays.com\/fr\/wp-content\/uploads\/2026\/01\/44dbdcaec46967e3cdcaec4699c6cdv-960x640.jpg\" alt=\"Carla Briard\" width=\"960\" height=\"640\"\/><br \/>\n    Carla Briard \u00a9Thynea Photography\u00a0<\/p>\n<p class=\" wall-content\">Classique, jazz, contemporaine, mais aussi \u00ab encore plein de nouveaux styles, urbain, \u00e9lectro, com\u00e9die musicale, cabaret, claquettes, chant\u2026 \u00bb : \u00ab C\u2019est forc\u00e9ment un peu fatigant, mais le corps s\u2019habitue, donc physiquement, \u00e7a va. Je touche du bois, mais pour l\u2019instant, je n\u2019ai pas eu trop de blessures. \u00bb<\/p>\n<p class=\" wall-content\">Son \u00e9cole a \u00ab beaucoup de contacts \u00bb et lui offre de belles opportunit\u00e9s : \u00ab Ils ont des contrats avec la t\u00e9l\u00e9vision, donc on peut aller sur des plateaux t\u00e9l\u00e9. J\u2019ai d\u00e9j\u00e0 fait de la figuration sur Le Grand \u00c9chiquier et La grande soir\u00e9e du 31 sur France 2. \u00bb Et la Star Academy, donc.<\/p>\n<p>    <img   decoding=\"async\" loading=\"lazy\" class=\"size-large\" src=\"https:\/\/www.europesays.com\/fr\/wp-content\/uploads\/2026\/01\/85d59bbdc4696b9d59bbdc469afd59v-752x640.jpg\" alt=\"Carla Briard\" width=\"752\" height=\"640\"\/><br \/>\n    Carla Briard \u00a9Photo transmise par Carla BriardUn spectacle \u00e0 Paris<\/p>\n<p class=\" wall-content\">Elle monte aussi r\u00e9guli\u00e8rement sur sc\u00e8ne. Avec d\u2019autres danseurs de sa formation, ils forment le Jeune Ballet Europ\u00e9en et jouent le <a href=\"https:\/\/www.theatredugymnase.com\/spectacles\/puzzle\" target=\"_blank\" rel=\"noopener\">spectacle \u00ab Puzzle \u00bb<\/a> plusieurs lundis par mois jusqu\u2019en juin au Th\u00e9\u00e2tre du Gymnase Marie Belle, dans le 10e arrondissement :<\/p>\n<blockquote class=\"ac-article-quote wall-content\">\n<p>\u00ab C\u2019est mon premier spectacle \u00e0 Paris, dans un beau th\u00e9\u00e2tre \u00e0 l\u2019italienne, c\u2019est tr\u00e8s sympa ! \u00bb<\/p>\n<p>Carla Briard<\/p><\/blockquote>\n<p class=\" wall-content\">Et forc\u00e9ment, cela lui donne envie pour la suite. Apr\u00e8s l\u2019AID, elle se lancera dans le monde professionnel : \u00ab\u00a0Pour \u00eatre danseuse, il n\u2019y a pas vraiment de dipl\u00f4me, il faut d\u00e9couvrir un maximum de styles, progresser, et apr\u00e8s tout se fait sur audition.\u00a0\u00bb La Lexovienne r\u00eave de danser \u00ab\u00a0dans des spectacles, des com\u00e9dies musicales\u2026\u00a0\u00bb :\u00a0\u00ab\u00a0Je suis ouverte \u00e0 toute proposition, il faut tenter plein d\u2019auditions et essayer de se cr\u00e9er son r\u00e9seau.\u00a0\u00bb\u00a0<\/p>\n<p class=\" wall-content\">Toujours aussi passionn\u00e9e qu\u2019\u00e0 ses d\u00e9buts, Carla Briard est \u00ab toujours en contact avec Lexo\u2019danse, je vais souvent les voir \u00bb. Son parcours a de quoi inspirer plein de petites danseuses de l\u2019association, qui \u00e9taient peut-\u00eatre devant la t\u00e9l\u00e9 samedi soir.<\/p>\n<p class=\" wall-content\">Personnalisez votre actualit\u00e9 en ajoutant vos villes et m\u00e9dias en favori avec <a href=\"https:\/\/moncompte.actu.fr\" title=\"D\u00e9couvez Mon Actu\" rel=\"nofollow noopener\" data-trk=\"{&quot;cta&quot;:{&quot;action&quot;:&quot;https:\\\/\\\/moncompte.actu.fr&quot;,&quot;category&quot;:&quot;mon compte&quot;,&quot;from&quot;:&quot;article footer&quot;,&quot;name&quot;:&quot;Mon actu&quot;,&quot;type&quot;:&quot;cta&quot;}}\" target=\"_blank\">Mon Actu<\/a>.<\/p>\n","protected":false},"excerpt":{"rendered":"Par Paul Lesigne Publi\u00e9 le 13 janv. 2026 \u00e0 20h26 Les Lexoviens habitu\u00e9s \u00e0 regarder la Star Academy&hellip;\n","protected":false},"author":2,"featured_media":662032,"comment_status":"","ping_status":"","sticky":false,"template":"","format":"standard","meta":{"footnotes":""},"categories":[1356],"tags":[58,59,1011,27,1652,252,1364],"class_list":{"0":"post-662031","1":"post","2":"type-post","3":"status-publish","4":"format-standard","5":"has-post-thumbnail","7":"category-television","8":"tag-divertissement","9":"tag-entertainment","10":"tag-fr","11":"tag-france","12":"tag-loisirs-culture","13":"tag-television","14":"tag-tv"},"share_on_mastodon":{"url":"https:\/\/pubeurope.com\/@fr\/115891262393482718","error":""},"_links":{"self":[{"href":"https:\/\/www.europesays.com\/fr\/wp-json\/wp\/v2\/posts\/662031","targetHints":{"allow":["GET"]}}],"collection":[{"href":"https:\/\/www.europesays.com\/fr\/wp-json\/wp\/v2\/posts"}],"about":[{"href":"https:\/\/www.europesays.com\/fr\/wp-json\/wp\/v2\/types\/post"}],"author":[{"embeddable":true,"href":"https:\/\/www.europesays.com\/fr\/wp-json\/wp\/v2\/users\/2"}],"replies":[{"embeddable":true,"href":"https:\/\/www.europesays.com\/fr\/wp-json\/wp\/v2\/comments?post=662031"}],"version-history":[{"count":0,"href":"https:\/\/www.europesays.com\/fr\/wp-json\/wp\/v2\/posts\/662031\/revisions"}],"wp:featuredmedia":[{"embeddable":true,"href":"https:\/\/www.europesays.com\/fr\/wp-json\/wp\/v2\/media\/662032"}],"wp:attachment":[{"href":"https:\/\/www.europesays.com\/fr\/wp-json\/wp\/v2\/media?parent=662031"}],"wp:term":[{"taxonomy":"category","embeddable":true,"href":"https:\/\/www.europesays.com\/fr\/wp-json\/wp\/v2\/categories?post=662031"},{"taxonomy":"post_tag","embeddable":true,"href":"https:\/\/www.europesays.com\/fr\/wp-json\/wp\/v2\/tags?post=662031"}],"curies":[{"name":"wp","href":"https:\/\/api.w.org\/{rel}","templated":true}]}}