{"id":662033,"date":"2026-01-14T03:11:11","date_gmt":"2026-01-14T03:11:11","guid":{"rendered":"https:\/\/www.europesays.com\/fr\/662033\/"},"modified":"2026-01-14T03:11:11","modified_gmt":"2026-01-14T03:11:11","slug":"le-jour-ou-je-vais-commencer-a-men-meler-fou-de-rage-florent-pagny-se-lache","status":"publish","type":"post","link":"https:\/\/www.europesays.com\/fr\/662033\/","title":{"rendered":"\u00ab\u00a0Le jour o\u00f9 je vais commencer \u00e0 m&rsquo;en m\u00ealer\u2026\u00a0\u00bb\u00a0: fou de rage, Florent Pagny se l\u00e2che"},"content":{"rendered":"<p>L&rsquo;ann\u00e9e 2026 commence sur les \u00ab\u00a0chapeaux de roues\u00a0\u00bb pour Florent Pagny. D&rsquo;ores et d\u00e9j\u00e0, <a href=\"https:\/\/www.public.fr\/jean-jacques-goldman-et-florent-pagny-la-guerre-est-declaree\" target=\"_blank\" rel=\"noopener\">le chanteur \u00e2g\u00e9 de 64 ans<\/a> a d\u00e9voil\u00e9 <strong>un nouveau single intitul\u00e9 Plus le m\u00eame soleil<\/strong> avec la chanteuse Elo\u00efz r\u00e9v\u00e9l\u00e9e dans \u00ab\u00a0La France a un incroyable talent\u00a0\u00bb sur M6. Par ailleurs, \u00e9loign\u00e9 de la sc\u00e8ne \u00e0 cause de son cancer du poumon, <a href=\"https:\/\/www.public.fr\/florent-pagny-la-question-malaisante-sans-nouvelles-de-vanessa-paradis-depuis-lannonce-de-son-cancer\" target=\"_blank\" rel=\"noopener\">ce dernier<\/a> retrouvera bient\u00f4t ses fans. En effet, <strong>sa future tourn\u00e9e d\u00e9butera le 28\u00a0janvier<\/strong> prochain \u00e0 Aix-en-Provence. <\/p>\n<p>D&rsquo;ici l\u00e0, \u00e0 l&rsquo;approche de ces nouvelles \u00e9ch\u00e9ances, <a href=\"https:\/\/www.public.fr\/florent-pagny-bentley-motos-grands-crus-oeuvres-dart-la-realite-de-sa-fraude-fiscale\" target=\"_blank\" rel=\"noopener\">le compagnon d&rsquo;Azucena<\/a> a \u00e9t\u00e9 <strong>aper\u00e7u au minist\u00e8re de la Culture<\/strong> le 9\u00a0janvier dernier au bras de cette derni\u00e8re. Mais pourquoi s&rsquo;est-il retrouv\u00e9 dans un des salons de Rachida Dati\u00a0? Et bien, ce jour-l\u00e0, <a href=\"https:\/\/www.google.com\/url?sa=t&amp;source=web&amp;rct=j&amp;opi=89978449&amp;url=https:\/\/vsd.fr\/59838-the-voice-rachida-dati-sen-mele-gros-coup-de-coeur-pour-ce-talent-dont-tout-le-monde-parle\/&amp;ved=2ahUKEwi1xLjFhYmSAxUjBfsDHenZDKsQFnoECCoQAQ&amp;usg=AOvVaw2apKPyrKT5o2ytPzkTr8Un\" target=\"_blank\" rel=\"noopener\">celle qui vise la mairie de Paris<\/a> a remis la<strong> m\u00e9daille de chevalier de l&rsquo;ordre des arts et des lettres<\/strong> \u00e0 Alexandre Kirchhoff.<\/p>\n<p>Pour l&rsquo;occasion, le PDG de Capitol Music France a \u00e9t\u00e9 applaudi par<strong> une ribambelle d&rsquo;artistes<\/strong> qui ont pour la plupart sign\u00e9s avec ce label. Parmi eux :<strong> Vitaa, Slimane et donc\u2026 Florent Pagny.<\/strong> Pour l&rsquo;occasion, notre journaliste Cl\u00e9lia Ganga a pu \u00e9changer quelques mots avec <a href=\"https:\/\/www.public.fr\/je-ferais-comme-milei-florent-pagny-adoube-le-president-argentin-dans-quotidien-yann-barthes-mal-a-laise\" target=\"_blank\" rel=\"noopener\">l\u2019interpr\u00e8te de Savoir Aimer<\/a>. \u00c0 cette occasion, il n&rsquo;a d&rsquo;ailleurs pas tari d&rsquo;\u00e9loges sur la star du jour.<\/p>\n<p>Florent Pagny au minist\u00e8re de la Culture pousse un coup de gueule<\/p>\n<p>Toujours au micro de notre cons\u0153ur, Florent Pagny s&rsquo;est directement attaqu\u00e9 au \u00ab\u00a0streaming\u00a0\u00bb\u00a0: \u00ab\u00a0<strong>moi, j&rsquo;ai un petit probl\u00e8me avec le stream parce que je trouve que la comptabilisation des streams n&rsquo;est pas juste<\/strong>\u00ab\u00a0, a-t-il commenc\u00e9 par l\u00e2cher avant d&rsquo;en dire davantage. Son probl\u00e8me\u00a0? \u00ab\u00a0<strong>Aujourd&rsquo;hui, on n&rsquo;est pas capable par le stream de savoir combien on a vendu d&rsquo;albums. On ne peut pas le savoir<\/strong>\u00ab\u00a0, a poursuivi <a href=\"https:\/\/www.google.com\/url?sa=t&amp;source=web&amp;rct=j&amp;opi=89978449&amp;url=https:\/\/vsd.fr\/74972-il-ne-faut-pas-crier-victoire-trop-vite-florent-pagny-donne-de-ses-nouvelles-apres-ses-derniers-controles\/&amp;ved=2ahUKEwi7wLyzg4mSAxWlZqQEHZcJFfUQFnoECC4QAQ&amp;usg=AOvVaw2kCyMjF1kabxe9vvW4gHi0\" target=\"_blank\" rel=\"noopener\">le coach de \u00ab\u00a0The Voice\u00a0\u00bb sur TF1.<\/a><\/p>\n<p>\u00ab\u00a0<strong>Le jour o\u00f9 je vais commencer \u00e0 vouloir m&rsquo;en m\u00ealer, \u00e7a va \u00eatre compliqu\u00e9<\/strong>\u00ab\u00a0, a-t-il pr\u00e9venu. \u00ab\u00a0Ce stream par rapport aux sorties, aux nouveaut\u00e9s, il ne fonctionne pas.<strong> Il y a quelque chose qui est opaque<\/strong> et puis \u00e7a permet aussi de tricher [&#8230;]. Pour quelques deniers on peut vraiment faire monter des streams et donc moi je serais plus pour tester des nouveaut\u00e9s avec trois \u00e9coutes. <strong>On fait trois streams et on arr\u00eate<\/strong>\u00ab\u00a0, a-t-il propos\u00e9 pour conclure.<\/p>\n<p>Toute reproduction interdite sans la mention Public et un lien r\u00e9digeant sur cet article<\/p>\n<p>\n          Hits &amp; People en continu\n        <\/p>\n<p>\n          Public Radio\n        <\/p>\n<p>      Mentionn\u00e9s dans cet article<\/p>\n<p>      Sur le m\u00eame sujet<\/p>\n","protected":false},"excerpt":{"rendered":"L&rsquo;ann\u00e9e 2026 commence sur les \u00ab\u00a0chapeaux de roues\u00a0\u00bb pour Florent Pagny. D&rsquo;ores et d\u00e9j\u00e0, le chanteur \u00e2g\u00e9 de&hellip;\n","protected":false},"author":2,"featured_media":662034,"comment_status":"","ping_status":"","sticky":false,"template":"","format":"standard","meta":{"footnotes":""},"categories":[1355],"tags":[1695,5551,251,58,59,5411,3109,1011,27,9231,1361,873,10598,417,128],"class_list":{"0":"post-662033","1":"post","2":"type-post","3":"status-publish","4":"format-standard","5":"has-post-thumbnail","7":"category-musique","8":"tag-chanson","9":"tag-chanson-francaise","10":"tag-culture","11":"tag-divertissement","12":"tag-entertainment","13":"tag-exclusivite-public","14":"tag-florent-pagny","15":"tag-fr","16":"tag-france","17":"tag-ministere-de-la-culture","18":"tag-music","19":"tag-musique","20":"tag-musique-francaise","21":"tag-rachida-dati","22":"tag-streaming"},"share_on_mastodon":{"url":"https:\/\/pubeurope.com\/@fr\/115891266225095264","error":""},"_links":{"self":[{"href":"https:\/\/www.europesays.com\/fr\/wp-json\/wp\/v2\/posts\/662033","targetHints":{"allow":["GET"]}}],"collection":[{"href":"https:\/\/www.europesays.com\/fr\/wp-json\/wp\/v2\/posts"}],"about":[{"href":"https:\/\/www.europesays.com\/fr\/wp-json\/wp\/v2\/types\/post"}],"author":[{"embeddable":true,"href":"https:\/\/www.europesays.com\/fr\/wp-json\/wp\/v2\/users\/2"}],"replies":[{"embeddable":true,"href":"https:\/\/www.europesays.com\/fr\/wp-json\/wp\/v2\/comments?post=662033"}],"version-history":[{"count":0,"href":"https:\/\/www.europesays.com\/fr\/wp-json\/wp\/v2\/posts\/662033\/revisions"}],"wp:featuredmedia":[{"embeddable":true,"href":"https:\/\/www.europesays.com\/fr\/wp-json\/wp\/v2\/media\/662034"}],"wp:attachment":[{"href":"https:\/\/www.europesays.com\/fr\/wp-json\/wp\/v2\/media?parent=662033"}],"wp:term":[{"taxonomy":"category","embeddable":true,"href":"https:\/\/www.europesays.com\/fr\/wp-json\/wp\/v2\/categories?post=662033"},{"taxonomy":"post_tag","embeddable":true,"href":"https:\/\/www.europesays.com\/fr\/wp-json\/wp\/v2\/tags?post=662033"}],"curies":[{"name":"wp","href":"https:\/\/api.w.org\/{rel}","templated":true}]}}