{"id":662035,"date":"2026-01-14T03:12:39","date_gmt":"2026-01-14T03:12:39","guid":{"rendered":"https:\/\/www.europesays.com\/fr\/662035\/"},"modified":"2026-01-14T03:12:39","modified_gmt":"2026-01-14T03:12:39","slug":"avengers-doomsday-le-4eme-teaser-confirme-la-presence-de-ces-super-heros","status":"publish","type":"post","link":"https:\/\/www.europesays.com\/fr\/662035\/","title":{"rendered":"Avengers Doomsday : le 4\u00e8me teaser confirme la pr\u00e9sence de ces super-h\u00e9ros"},"content":{"rendered":"<p>Apr\u00e8s les teasers centr\u00e9s sur Steve Rogers, Thor et les X-Men, une quatri\u00e8me bande-annonce pour Avengers: Doomsday est d\u00e9sormais attendue. Sur le net, une vid\u00e9o circule d\u00e9j\u00e0, visiblement film\u00e9e dans un cin\u00e9ma francophone. On y voit de nouveaux super-h\u00e9ros qui sont annonc\u00e9s pour le film.<\/p>\n<p>Mise \u00e0 jour \u2013 Marvel a finalement mis en ligne le quatri\u00e8me teaser d\u2019Avengers: Doomsday et son contenu confirme le contenu de la fuite survenue il y a quelques jours. D\u2019autres super-h\u00e9ros sont mis en sc\u00e8ne.<\/p>\n<\/p>\n<p>            Ce contenu est bloqu\u00e9 car vous n\u2019avez pas accept\u00e9 les cookies et autres traceurs. Ce contenu est fourni par YouTube.<br \/>Pour pouvoir le visualiser, vous devez accepter l\u2019usage \u00e9tant op\u00e9r\u00e9 par YouTube avec vos donn\u00e9es qui pourront \u00eatre utilis\u00e9es pour les finalit\u00e9s suivantes : vous permettre de visualiser et de partager des contenus avec des m\u00e9dias sociaux, favoriser le d\u00e9veloppement et l\u2019am\u00e9lioration des produits d\u2019Humanoid et de ses partenaires, vous afficher des publicit\u00e9s personnalis\u00e9es par rapport \u00e0 votre profil et activit\u00e9, vous d\u00e9finir un profil publicitaire personnalis\u00e9, mesurer la performance des publicit\u00e9s et du contenu de ce site et mesurer l\u2019audience de ce site <a href=\"#\" class=\"js-privacy\" target=\"_blank\">(en savoir plus)<\/a>        <\/p>\n<p>            En cliquant sur \u00ab J\u2019accepte tout \u00bb, vous consentez aux finalit\u00e9s susmentionn\u00e9es pour l\u2019ensemble des cookies et autres traceurs d\u00e9pos\u00e9s par Humanoid et <a class=\"embed-consent-overlay-vendors-link\" href=\"#preferences-vendeurs\">ses partenaires<\/a>.        <\/p>\n<p>            Vous gardez la possibilit\u00e9 de retirer votre consentement \u00e0 tout moment. Pour plus d\u2019informations, nous vous invitons \u00e0 prendre connaissance de notre <a href=\"https:\/\/www.numerama.com\/politique-cookies\" target=\"_blank\" rel=\"noopener\">Politique cookies<\/a>.        <\/p>\n<p>        J\u2019accepte tout    <\/p>\n<p class=\"embed-consent-overlay-manage-choices\">        <a href=\"#preferences-publicitaires\">G\u00e9rer mes choix<\/a>    <\/p>\n<p>Article initial \u2013 Marvel Studios a visiblement tr\u00e8s bien compris comment faire monter la sauce sur <a href=\"https:\/\/www.numerama.com\/pop-culture\/1944979-date-de-sortie-casting-phase-6-du-mcu-tout-savoir-sur-avengers-doomsday.html\" target=\"_blank\" rel=\"noopener\">Avengers: Doomsday<\/a>, dont la sortie au cin\u00e9ma est attendue pour la fin de l\u2019ann\u00e9e 2026. Volontaires ou non, les fuites autour des teasers ont maintenu les fans sous tension et suscit\u00e9 la curiosit\u00e9 du public. Trois d\u2019entre eux avaient d\u00e9j\u00e0 circul\u00e9 en ligne. Un quatri\u00e8me vient d\u2019appara\u00eetre.<\/p>\n<p>Jusqu\u2019\u00e0 pr\u00e9sent, un m\u00eame sch\u00e9ma pouvait \u00eatre observ\u00e9 : d\u2019abord des \u00ab leaks \u00bb sur divers r\u00e9seaux sociaux, notamment Reddit et X, parfois censur\u00e9s par les \u00e9quipes de mod\u00e9ration des plateformes, suivis peu de temps apr\u00e8s par la diffusion officielle des bandes-annonces. On a ainsi eu <a href=\"https:\/\/www.numerama.com\/pop-culture\/2139885-le-trailer-davengers-doomsday-a-fuite-et-confirme-le-retour-dun-personnage-cle.html\" target=\"_blank\" rel=\"noopener\">Steve Rogers<\/a>, <a href=\"https:\/\/www.numerama.com\/pop-culture\/2147655-le-second-teaser-de-avengers-doomsday-est-officiel-quand-sortira-le-troisieme.html\" target=\"_blank\" rel=\"noopener\">Thor<\/a> et les <a href=\"https:\/\/www.numerama.com\/pop-culture\/2149777-le-troisieme-teaser-de-avengers-doomsday-fuite-en-ligne-avec-de-vieux-personnages-marvel.html\" target=\"_blank\" rel=\"noopener\">X-Men<\/a> qui ont eu droit \u00e0 ce traitement.<\/p>\n<p><strong>Attention, la suite contient des r\u00e9v\u00e9lations sur le contenu de la vid\u00e9o.<\/strong><\/p>\n<p>    Pour aller plus loin<\/p>\n<p>                <img decoding=\"async\" width=\"87\" height=\"87\" loading=\"lazy\" alt=\"Source : Montage Numerama\" title=\"Source : Montage Numerama\" class=\"placeholder-default wp-image\" src=\"https:\/\/www.europesays.com\/fr\/wp-content\/uploads\/2026\/01\/doomsday-avengers-200x200.jpg\" \/>            <\/p>\n<p><a href=\"https:\/\/www.numerama.com\/wp-content\/uploads\/2024\/11\/spoilers-7.jpg\" target=\"_blank\" rel=\"noopener\"><img decoding=\"async\" width=\"1024\" height=\"213\" loading=\"lazy\" alt=\"SPOILERS (7)\" title=\"SPOILERS (7)\" class=\"wp-image-1847396 placeholder-default wp-image\" src=\"https:\/\/www.europesays.com\/fr\/wp-content\/uploads\/2026\/01\/spoilers-7-1024x213.jpg\" \/><\/a><\/p>\n<p>Les 4 Fantastiques x Namor x Black Panther<\/p>\n<p>Dans <a href=\"https:\/\/www.reddit.com\/r\/MCUTheories\/comments\/1q5h7r5\/avengers_doomsday_teaser_4\/\" target=\"_blank\" rel=\"noreferrer noopener\">ce nouvel extrait<\/a>, qui semble capt\u00e9 effectivement depuis une salle de cin\u00e9ma francophone (en t\u00e9moignent les sous-titres fran\u00e7ais incrust\u00e9s sur l\u2019image), ce n\u2019est pas un seul personnage qui est mis \u00e0 l\u2019honneur, ni m\u00eame un groupe coh\u00e9rent et homog\u00e8ne comme les X-Men, mais des individus venus de diff\u00e9rents horizons.<\/p>\n<p>Ainsi, on retrouve une Shuri (Letitia Wright) toujours marqu\u00e9e par le deuil, confiant avoir \u00ab perdu tous ceux qui [lui] \u00e9taient chers \u00bb. Puis, un peu apr\u00e8s, on croise Namor (Tenoch Huerta). L\u2019int\u00e9ress\u00e9, autrefeois antagoniste de Black Panther: Wakanda Forever, para\u00eet d\u00e9sormais \u00eatre un alli\u00e9. Arrive enfin M\u2019Baku (Winston Duke), aux c\u00f4t\u00e9s de Shuri.<\/p>\n<p><a href=\"https:\/\/www.numerama.com\/wp-content\/uploads\/2026\/01\/namor.jpg\" target=\"_blank\" rel=\"noopener\"><img decoding=\"async\" width=\"732\" height=\"414\" loading=\"lazy\" alt=\"Source : Capture d'\u00e9cran\" title=\"Source : Capture d'\u00e9cran\" class=\"wp-image-2154307 placeholder-default wp-image\" src=\"https:\/\/www.europesays.com\/fr\/wp-content\/uploads\/2026\/01\/namor.jpg\" \/><\/a>Namor. \/\/ Source : Capture d\u2019\u00e9cran<\/p>\n<p>C\u2019est alors qu\u2019appara\u00eet Ben Grimm (Ebon Moss-Bachrach), membre \u00e9minent des Quatre Fantastiques, mais visiblement sans ses trois partenaires. On ne sait pas o\u00f9 Reed Richards (Pedro Pascal), Sue Storm (Vanessa Kirby) et Johnny Storm (Joseph Quinn) se trouvent. Ont-ils \u00e9t\u00e9 s\u00e9par\u00e9s <a href=\"https:\/\/www.numerama.com\/pop-culture\/2038143-les-quatre-fantastiques-que-signifient-les-deux-scenes-post-generique-du-film-marvel.html\" target=\"_blank\" rel=\"noopener\">apr\u00e8s la sc\u00e8ne post-g\u00e9n\u00e9riques du film<\/a> ?<\/p>\n<p>Une chose est s\u00fbre, on retrouve un instant la patte Marvel dans ce court extrait : dans un contraste tragi-comique typique du MCU, la solennit\u00e9 royale de M\u2019Baku se heurte au pragmatisme new-yorkais de Ben Grimm, alias La Chose, lorsque chacun se pr\u00e9sente \u00e0 l\u2019autre. Tandis que l\u2019un d\u00e9cline fi\u00e8rement son titre royal, l\u2019autre r\u00e9plique en donnant son adresse.<\/p>\n<p><a href=\"https:\/\/www.numerama.com\/wp-content\/uploads\/2026\/01\/shuri-et-mbaku.jpg\" target=\"_blank\" rel=\"noopener\"><img decoding=\"async\" width=\"732\" height=\"414\" loading=\"lazy\" alt=\"Source : Capture d'\u00e9cran\" title=\"Source : Capture d'\u00e9cran\" class=\"wp-image-2154309 placeholder-default wp-image\" src=\"https:\/\/www.europesays.com\/fr\/wp-content\/uploads\/2026\/01\/shuri-et-mbaku.jpg\" \/><\/a>Shuri et M\u2019Baku. \/\/ Source : Capture d\u2019\u00e9cran<\/p>\n<p>La solitude de Ben Grimm, qui n\u2019a pas ses camarades avec lui, est peut-\u00eatre un indice sur la suite : les Quatre Fantastiques sont peut-\u00eatre dispers\u00e9s au d\u00e9but de l\u2019intrigue, et chaque membre de l\u2019\u00e9quipe va peut-\u00eatre se retrouver au contact d\u2019une autre faction \u2014 La Chose \u00e9tant de toute \u00e9vidence en liaison avec les Wakandais.<\/p>\n<p>La qualit\u00e9 du leak laisse peu de doute quant \u00e0 la v\u00e9racit\u00e9 de la vid\u00e9o \u2014 les effets sp\u00e9ciaux sont trop r\u00e9ussis pour croire \u00e0 une simple clip g\u00e9n\u00e9r\u00e9 par IA. Si l\u2019on suit la logique des semaines pass\u00e9es, Marvel Studios devrait mettre en ligne la version haute d\u00e9finition de ce teaser dans une semaine environ. Et d\u2019autres teasers devraient encore suivre. <\/p>\n<p><a href=\"https:\/\/www.numerama.com\/wp-content\/uploads\/2026\/01\/ben-grimm.png\" target=\"_blank\" rel=\"noopener\"><img decoding=\"async\" width=\"732\" height=\"414\" loading=\"lazy\" alt=\"Source : Capture d'\u00e9cran\" title=\"Source : Capture d'\u00e9cran\" class=\"wp-image-2154313 placeholder-default wp-image\" src=\"https:\/\/www.europesays.com\/fr\/wp-content\/uploads\/2026\/01\/ben-grimm.png\" \/><\/a>Ben Grimm. \/\/ Source : Capture d\u2019\u00e9cran<\/p>\n<p>            <img decoding=\"async\" src=\"https:\/\/www.europesays.com\/fr\/wp-content\/uploads\/2025\/12\/iPhone-16-pro-vDJtn9o4_vzSsPIGCFDc5.png\" alt=\"Toute l'actu tech en un clien d'oeil\"\/><\/p>\n<p class=\"card-install-pwa__title\">Toute l&rsquo;actu tech en un clin d&rsquo;\u0153il<\/p>\n<p class=\"card-install-pwa__description\">Ajoutez Numerama \u00e0 votre \u00e9cran d&rsquo;accueil et restez connect\u00e9s au futur !<\/p>\n<p>            <img decoding=\"async\" src=\"https:\/\/www.numerama.com\/wp-content\/themes\/numerama-next\/dist\/images\/premium\/logo-card-pwa-coupe-vCvPQ_Q_ysBNfqKp6w7gG.svg\" alt=\"Logo PWA\"\/><\/p>\n<p>       Installer Numerama<\/p>\n<p class=\"title\">\n            Les infos sur les films et s\u00e9ries             <a href=\"https:\/\/www.numerama.com\/tag\/marvel\/\" target=\"_blank\" rel=\"noopener\"><br \/>\n                Marvel            <\/a>\n        <\/p>\n","protected":false},"excerpt":{"rendered":"Apr\u00e8s les teasers centr\u00e9s sur Steve Rogers, Thor et les X-Men, une quatri\u00e8me bande-annonce pour Avengers: Doomsday est&hellip;\n","protected":false},"author":2,"featured_media":611798,"comment_status":"","ping_status":"","sticky":false,"template":"","format":"standard","meta":{"footnotes":""},"categories":[1354],"tags":[4553,58,59,1346,1011,27,2135,1360],"class_list":{"0":"post-662035","1":"post","2":"type-post","3":"status-publish","4":"format-standard","5":"has-post-thumbnail","7":"category-films","8":"tag-avengers-doomsday","9":"tag-divertissement","10":"tag-entertainment","11":"tag-films","12":"tag-fr","13":"tag-france","14":"tag-marvel","15":"tag-movies"},"share_on_mastodon":{"url":"https:\/\/pubeurope.com\/@fr\/115891270432796716","error":""},"_links":{"self":[{"href":"https:\/\/www.europesays.com\/fr\/wp-json\/wp\/v2\/posts\/662035","targetHints":{"allow":["GET"]}}],"collection":[{"href":"https:\/\/www.europesays.com\/fr\/wp-json\/wp\/v2\/posts"}],"about":[{"href":"https:\/\/www.europesays.com\/fr\/wp-json\/wp\/v2\/types\/post"}],"author":[{"embeddable":true,"href":"https:\/\/www.europesays.com\/fr\/wp-json\/wp\/v2\/users\/2"}],"replies":[{"embeddable":true,"href":"https:\/\/www.europesays.com\/fr\/wp-json\/wp\/v2\/comments?post=662035"}],"version-history":[{"count":0,"href":"https:\/\/www.europesays.com\/fr\/wp-json\/wp\/v2\/posts\/662035\/revisions"}],"wp:featuredmedia":[{"embeddable":true,"href":"https:\/\/www.europesays.com\/fr\/wp-json\/wp\/v2\/media\/611798"}],"wp:attachment":[{"href":"https:\/\/www.europesays.com\/fr\/wp-json\/wp\/v2\/media?parent=662035"}],"wp:term":[{"taxonomy":"category","embeddable":true,"href":"https:\/\/www.europesays.com\/fr\/wp-json\/wp\/v2\/categories?post=662035"},{"taxonomy":"post_tag","embeddable":true,"href":"https:\/\/www.europesays.com\/fr\/wp-json\/wp\/v2\/tags?post=662035"}],"curies":[{"name":"wp","href":"https:\/\/api.w.org\/{rel}","templated":true}]}}