{"id":662052,"date":"2026-01-14T03:21:29","date_gmt":"2026-01-14T03:21:29","guid":{"rendered":"https:\/\/www.europesays.com\/fr\/662052\/"},"modified":"2026-01-14T03:21:29","modified_gmt":"2026-01-14T03:21:29","slug":"33-a-saint-etienne-et-25-a-roanne","status":"publish","type":"post","link":"https:\/\/www.europesays.com\/fr\/662052\/","title":{"rendered":"+33\u00a0% \u00e0 Saint-\u00c9tienne et +25\u00a0% \u00e0 Roanne"},"content":{"rendered":"<p>C\u2019est une rengaine qu\u2019on entend \u00e0 chaque audience solennelle des tribunaux, que ce soit \u00e0 Saint-\u00c9tienne ou Roanne (1)\u00a0: le manque de moyens humains.<\/p>\n<p>Une rengaine qu\u2019on n\u2019entendra peut-\u00eatre plus lors des prochaines audiences, qui se d\u00e9rouleront d\u2019ici \u00e0 fin janvier. Car le minist\u00e8re de la Justice l\u2019a annonc\u00e9 dans un communiqu\u00e9\u00a0: des renforts \u00ab\u00a0in\u00e9dits\u00a0\u00bb vont \u00eatre affect\u00e9s \u00e0 tous les tribunaux.<\/p>\n<p>Ainsi, \u00e0 Saint-\u00c9tienne, il annonce +33\u00a0% de magistrats suppl\u00e9mentaires (soit 13 postes) et +19\u00a0% de greffiers (12 postes). C\u2019est bien, mais ces chiffres sont \u00e0 relativiser\u00a0: ce sont des projections \u00e0 2027 depuis\u2026 2017.<\/p>\n<p>\u00c0 Roanne, les chiffres sont aussi miroitants\u00a0: +25\u00a0% de magistrats et +22\u00a0% de greffiers. Mais cela ne fait jamais que trois juges et quatre greffiers suppl\u00e9mentaires\u2026<\/p>\n<p>Le minist\u00e8re de la Justice met en avant un budget en hausse continue et \u00ab\u00a0un nombre record de futurs magistrats et greffiers en formation\u00a0\u00bb. Est-ce que cela permettra de combler les manques\u00a0?<\/p>\n<p class=\"note\">La Loire compte deux tribunaux judiciaires depuis la fusion du tribunal de Montrison avec celui de Saint-\u00c9tienne en 2010.<\/p>\n","protected":false},"excerpt":{"rendered":"C\u2019est une rengaine qu\u2019on entend \u00e0 chaque audience solennelle des tribunaux, que ce soit \u00e0 Saint-\u00c9tienne ou Roanne&hellip;\n","protected":false},"author":2,"featured_media":662053,"comment_status":"","ping_status":"","sticky":false,"template":"","format":"standard","meta":{"footnotes":""},"categories":[9653],"tags":[1111,11,2430,16734,7539,1777,674,274,1011,27,3367,12,25,9838,4001,7538],"class_list":{"0":"post-662052","1":"post","2":"type-post","3":"status-publish","4":"format-standard","5":"has-post-thumbnail","7":"category-saint-etienne","8":"tag-actu","9":"tag-actualites","10":"tag-auvergne-rhone-alpes","11":"tag-edition-loire-nord","12":"tag-edition-loire-sud","13":"tag-eu","14":"tag-europe","15":"tag-faits-divers-justice","16":"tag-fr","17":"tag-france","18":"tag-loire","19":"tag-news","20":"tag-republique-francaise","21":"tag-roanne","22":"tag-saint-etienne","23":"tag-saint-etienne-ville"},"share_on_mastodon":{"url":"https:\/\/pubeurope.com\/@fr\/115891305363628020","error":""},"_links":{"self":[{"href":"https:\/\/www.europesays.com\/fr\/wp-json\/wp\/v2\/posts\/662052","targetHints":{"allow":["GET"]}}],"collection":[{"href":"https:\/\/www.europesays.com\/fr\/wp-json\/wp\/v2\/posts"}],"about":[{"href":"https:\/\/www.europesays.com\/fr\/wp-json\/wp\/v2\/types\/post"}],"author":[{"embeddable":true,"href":"https:\/\/www.europesays.com\/fr\/wp-json\/wp\/v2\/users\/2"}],"replies":[{"embeddable":true,"href":"https:\/\/www.europesays.com\/fr\/wp-json\/wp\/v2\/comments?post=662052"}],"version-history":[{"count":0,"href":"https:\/\/www.europesays.com\/fr\/wp-json\/wp\/v2\/posts\/662052\/revisions"}],"wp:featuredmedia":[{"embeddable":true,"href":"https:\/\/www.europesays.com\/fr\/wp-json\/wp\/v2\/media\/662053"}],"wp:attachment":[{"href":"https:\/\/www.europesays.com\/fr\/wp-json\/wp\/v2\/media?parent=662052"}],"wp:term":[{"taxonomy":"category","embeddable":true,"href":"https:\/\/www.europesays.com\/fr\/wp-json\/wp\/v2\/categories?post=662052"},{"taxonomy":"post_tag","embeddable":true,"href":"https:\/\/www.europesays.com\/fr\/wp-json\/wp\/v2\/tags?post=662052"}],"curies":[{"name":"wp","href":"https:\/\/api.w.org\/{rel}","templated":true}]}}