{"id":662054,"date":"2026-01-14T03:22:21","date_gmt":"2026-01-14T03:22:21","guid":{"rendered":"https:\/\/www.europesays.com\/fr\/662054\/"},"modified":"2026-01-14T03:22:21","modified_gmt":"2026-01-14T03:22:21","slug":"reouverture-des-halles-mazerat-a-saint-etienne-salon-de-lagriculture-2026-les-bovins-interdits-secours-populaire-campagne-de-dons-lancee-nouvelle-serie-stephanoise-tisane-club-l","status":"publish","type":"post","link":"https:\/\/www.europesays.com\/fr\/662054\/","title":{"rendered":"R\u00e9ouverture des Halles Mazerat \u00e0 Saint-\u00c9tienne \/ Salon de l\u2019Agriculture 2026 : les bovins interdits \/ Secours Populaire : campagne de dons lanc\u00e9e \/ Nouvelle s\u00e9rie st\u00e9phanoise : Tisane Club &#8211; Le JT"},"content":{"rendered":"<p>Prochaine \u00e9mission<\/p>\n<p>14 janvier \u00e0 19:00<\/p>\n<p>\t\t\t\t\t\t\t\tLes Halles de Saint-\u00c9tienne rouvrent sous le nom \u00ab\u00a0La Commune Mazerat\u00a0\u00bb, 10 mois apr\u00e8s la fermeture de Biltoki. <\/p>\n<p>Les bovins interdits au Salon de l&rsquo;Agriculture 2026 \u00e0 Paris, un \u00e9leveur lig\u00e9rien habitu\u00e9 du salon r\u00e9agit. <\/p>\n<p>Le Secours Populaire de la Loire lance sa campagne \u00ab\u00a0Don&rsquo;actions\u00a0\u00bb jusqu&rsquo;au 21 mars pour soutenir ses actions. Antoine Vermorel-Marques organise une visite de l&rsquo;Assembl\u00e9e nationale le 22 janvier. <\/p>\n<p>Georges Ziegler alerte sur la situation financi\u00e8re critique du d\u00e9partement, mena\u00e7ant routes, coll\u00e8ges, aides sociales\u2026 <\/p>\n<p>Kevin Pedro, 19 ans, prolonge son contrat avec l&rsquo;ASSE jusqu&rsquo;en 2030 apr\u00e8s ses premi\u00e8res minutes en pro cette saison. <\/p>\n<p>Maxime Bernauer, d\u00e9fenseur des Verts, op\u00e9r\u00e9 du m\u00e9nisque, sera absent plusieurs mois apr\u00e8s des probl\u00e8mes r\u00e9currents. <\/p>\n<p>Timoth\u00e9e Chalamet, Altilig\u00e9rien, esp\u00e8re voir l&rsquo;ASSE remonter en Ligue 1 pour une ann\u00e9e 2026 parfaite \u00e0 la c\u00e9r\u00e9monie des Goldens Globes. <\/p>\n<p>La s\u00e9rie \u00ab\u00a0Tisane Club\u00a0\u00bb, cr\u00e9\u00e9e par des St\u00e9phanois, explore la qu\u00eate de sens de la g\u00e9n\u00e9ration Z \u00e0 travers le paranormal.&#13;\n\t\t\t\t\t\t\t\t<\/p>\n<p><strong>Retrouvez toute l&rsquo;info de la Loire du lundi au vendredi a\u0300 19h<\/strong><\/p>\n<p>Rediffusion : 20h30 \/ 22h30 \/ 6h00 \/ 7h00 \/ 8h00 \/ 9h00 \/ 12h30 \/ 13h30<\/p>\n","protected":false},"excerpt":{"rendered":"Prochaine \u00e9mission 14 janvier \u00e0 19:00 Les Halles de Saint-\u00c9tienne rouvrent sous le nom \u00ab\u00a0La Commune Mazerat\u00a0\u00bb, 10&hellip;\n","protected":false},"author":2,"featured_media":662055,"comment_status":"","ping_status":"","sticky":false,"template":"","format":"standard","meta":{"footnotes":""},"categories":[9653],"tags":[1111,11,2430,1777,674,1011,27,12,25,4001],"class_list":{"0":"post-662054","1":"post","2":"type-post","3":"status-publish","4":"format-standard","5":"has-post-thumbnail","7":"category-saint-etienne","8":"tag-actu","9":"tag-actualites","10":"tag-auvergne-rhone-alpes","11":"tag-eu","12":"tag-europe","13":"tag-fr","14":"tag-france","15":"tag-news","16":"tag-republique-francaise","17":"tag-saint-etienne"},"share_on_mastodon":{"url":"https:\/\/pubeurope.com\/@fr\/115891309431598973","error":""},"_links":{"self":[{"href":"https:\/\/www.europesays.com\/fr\/wp-json\/wp\/v2\/posts\/662054","targetHints":{"allow":["GET"]}}],"collection":[{"href":"https:\/\/www.europesays.com\/fr\/wp-json\/wp\/v2\/posts"}],"about":[{"href":"https:\/\/www.europesays.com\/fr\/wp-json\/wp\/v2\/types\/post"}],"author":[{"embeddable":true,"href":"https:\/\/www.europesays.com\/fr\/wp-json\/wp\/v2\/users\/2"}],"replies":[{"embeddable":true,"href":"https:\/\/www.europesays.com\/fr\/wp-json\/wp\/v2\/comments?post=662054"}],"version-history":[{"count":0,"href":"https:\/\/www.europesays.com\/fr\/wp-json\/wp\/v2\/posts\/662054\/revisions"}],"wp:featuredmedia":[{"embeddable":true,"href":"https:\/\/www.europesays.com\/fr\/wp-json\/wp\/v2\/media\/662055"}],"wp:attachment":[{"href":"https:\/\/www.europesays.com\/fr\/wp-json\/wp\/v2\/media?parent=662054"}],"wp:term":[{"taxonomy":"category","embeddable":true,"href":"https:\/\/www.europesays.com\/fr\/wp-json\/wp\/v2\/categories?post=662054"},{"taxonomy":"post_tag","embeddable":true,"href":"https:\/\/www.europesays.com\/fr\/wp-json\/wp\/v2\/tags?post=662054"}],"curies":[{"name":"wp","href":"https:\/\/api.w.org\/{rel}","templated":true}]}}