{"id":662056,"date":"2026-01-14T03:23:22","date_gmt":"2026-01-14T03:23:22","guid":{"rendered":"https:\/\/www.europesays.com\/fr\/662056\/"},"modified":"2026-01-14T03:23:22","modified_gmt":"2026-01-14T03:23:22","slug":"meurthe-et-moselle-une-cagnotte-en-soutien-aux-habitants-qui-ont-perdu-leur-maison-dans-un-incendie-a-liverdun","status":"publish","type":"post","link":"https:\/\/www.europesays.com\/fr\/662056\/","title":{"rendered":"Meurthe-et-Moselle. Une cagnotte en soutien aux habitants qui ont perdu leur maison dans un incendie \u00e0 Liverdun"},"content":{"rendered":"<p>L\u2019ann\u00e9e a commenc\u00e9 par un drame pour cette famille de Liverdun. Le 4\u00a0janvier dernier, une maison de plain-pied a \u00e9t\u00e9 enti\u00e8rement <a href=\"https:\/\/www.estrepublicain.fr\/faits-divers-justice\/2026\/01\/04\/une-maison-de-toulaire-en-feu\" target=\"_blank\" rel=\"noopener\">ravag\u00e9e par les flammes<\/a> \u00e0 la r\u00e9sidence Toulaire, boulevard Roland-Garros. Il n\u2019y a pas eu de bless\u00e9s, mais les r\u00e9sidents ont perdu l\u2019ensemble de leurs biens.<\/p>\n<p>Face \u00e0 ce terrible coup du sort, la page Facebook \u00ab\u00a0Liverdun Actu\u00a0\u00bb a d\u00e9cid\u00e9 de se mobiliser. En effet, particuli\u00e8rement touch\u00e9s par ce drame, les administrateurs de la page ont d\u00e9cid\u00e9 de lancer une cagnotte en ligne afin de faire appel \u00e0 la g\u00e9n\u00e9rosit\u00e9 et ainsi donner un coup de pouce bienvenu aux propri\u00e9taires sinistr\u00e9s.<\/p>\n<p>  \u00ab\u00a0Avec l\u2019accord des sinistr\u00e9s\u00a0\u00bb<\/p>\n<p>\u00ab\u00a0Nous nous sommes mis \u00e0 la place des personnes touch\u00e9es et ne pouvions rester inactifs face \u00e0 un tel drame. Aussi, avec leur accord, nous avons souhait\u00e9 permettre \u00e0 tout un chacun d\u2019apporter son aide \u00e0 ces personnes au travers d\u2019une cagnotte en ligne.<\/p>\n<p>Liverdun est une ville qui a montr\u00e9 \u00e0 de nombreuses reprises sa capacit\u00e9 \u00e0 \u00eatre solidaire, \u00e0 \u00eatre unie et dans le partage. Cette action \u00e0 ce modeste niveau s\u2019inscrit dans cette lign\u00e9e, et nous esp\u00e9rons que l\u2019argent r\u00e9colt\u00e9 pourra apporter aux personnes sinistr\u00e9es un petit plus pour se reconstruire.\u00a0\u00bb<\/p>\n<p>  La cagnotte ouverte jusqu\u2019au 7\u00a0f\u00e9vrier<\/p>\n<p>Une action d\u00e9sint\u00e9ress\u00e9e tout autant qu\u2019engag\u00e9e, dans le seul but de venir en aide comme le pr\u00e9cisent les cr\u00e9ateurs de la cagnotte\u00a0: \u00ab\u00a0Nous ne connaissions pas ces personnes avant cet incendie, mais nous ne voulions pas rester inactifs face \u00e0 leur d\u00e9tresse. Cette cagnotte a \u00e9t\u00e9 lanc\u00e9e avec leur accord bien entendu, et nous avons d\u00e9j\u00e0 re\u00e7u de nombreux messages de Liverdunois pr\u00eats \u00e0 apporter une aide mat\u00e9rielle aux propri\u00e9taires.\u00a0\u00bb<\/p>\n<p>Ouverte depuis le 7\u00a0janvier, la cagnotte est active jusqu\u2019au 7\u00a0f\u00e9vrier, en ligne sur le site <a href=\"https:\/\/www.onparticipe.fr\/c\/KW3lmBon\" target=\"_blank\" rel=\"noopener\">www.onparticipe.fr<\/a><\/p>\n<p>\u00c0 ce jour, 760\u00a0euros ont \u00e9t\u00e9 r\u00e9colt\u00e9s.<\/p>\n","protected":false},"excerpt":{"rendered":"L\u2019ann\u00e9e a commenc\u00e9 par un drame pour cette famille de Liverdun. Le 4\u00a0janvier dernier, une maison de plain-pied&hellip;\n","protected":false},"author":2,"featured_media":662057,"comment_status":"","ping_status":"","sticky":false,"template":"","format":"standard","meta":{"footnotes":""},"categories":[9635],"tags":[1111,11,9661,1704,1777,674,1011,27,775,13318,1702,12,25,104],"class_list":{"0":"post-662056","1":"post","2":"type-post","3":"status-publish","4":"format-standard","5":"has-post-thumbnail","7":"category-nancy","8":"tag-actu","9":"tag-actualites","10":"tag-cc-du-bassin-de-pompey-54b1","11":"tag-edition-nancy-et-agglomeration","12":"tag-eu","13":"tag-europe","14":"tag-fr","15":"tag-france","16":"tag-grand-est","17":"tag-liverdun","18":"tag-nancy","19":"tag-news","20":"tag-republique-francaise","21":"tag-societe"},"share_on_mastodon":{"url":"https:\/\/pubeurope.com\/@fr\/115891313292730792","error":""},"_links":{"self":[{"href":"https:\/\/www.europesays.com\/fr\/wp-json\/wp\/v2\/posts\/662056","targetHints":{"allow":["GET"]}}],"collection":[{"href":"https:\/\/www.europesays.com\/fr\/wp-json\/wp\/v2\/posts"}],"about":[{"href":"https:\/\/www.europesays.com\/fr\/wp-json\/wp\/v2\/types\/post"}],"author":[{"embeddable":true,"href":"https:\/\/www.europesays.com\/fr\/wp-json\/wp\/v2\/users\/2"}],"replies":[{"embeddable":true,"href":"https:\/\/www.europesays.com\/fr\/wp-json\/wp\/v2\/comments?post=662056"}],"version-history":[{"count":0,"href":"https:\/\/www.europesays.com\/fr\/wp-json\/wp\/v2\/posts\/662056\/revisions"}],"wp:featuredmedia":[{"embeddable":true,"href":"https:\/\/www.europesays.com\/fr\/wp-json\/wp\/v2\/media\/662057"}],"wp:attachment":[{"href":"https:\/\/www.europesays.com\/fr\/wp-json\/wp\/v2\/media?parent=662056"}],"wp:term":[{"taxonomy":"category","embeddable":true,"href":"https:\/\/www.europesays.com\/fr\/wp-json\/wp\/v2\/categories?post=662056"},{"taxonomy":"post_tag","embeddable":true,"href":"https:\/\/www.europesays.com\/fr\/wp-json\/wp\/v2\/tags?post=662056"}],"curies":[{"name":"wp","href":"https:\/\/api.w.org\/{rel}","templated":true}]}}