{"id":662058,"date":"2026-01-14T03:24:17","date_gmt":"2026-01-14T03:24:17","guid":{"rendered":"https:\/\/www.europesays.com\/fr\/662058\/"},"modified":"2026-01-14T03:24:17","modified_gmt":"2026-01-14T03:24:17","slug":"100-sport-un-debut-dannee-canon-pour-le-grand-nancy-volley-ball-avant-le-choc-face-a-saint-jean-dillac-2","status":"publish","type":"post","link":"https:\/\/www.europesays.com\/fr\/662058\/","title":{"rendered":"100% Sport\u00a0: un d\u00e9but d&rsquo;ann\u00e9e canon pour le Grand Nancy Volley-Ball avant le choc face \u00e0 Saint-Jean-d\u2019Illac"},"content":{"rendered":"<p> <img decoding=\"async\" src=\"https:\/\/www.europesays.com\/fr\/wp-content\/uploads\/2026\/01\/1768361057_593_1200x680.jpeg\" alt=\"illustration agrandir l'image\" style=\"--_image-preview:url('data:image\/jpeg;base64,\/9j\/2wBDACgcHiMeGSgjISMtKygwPGRBPDc3PHtYXUlkkYCZlo+AjIqgtObDoKrarYqMyP\/L2u71\/\/\/\/m8H\/\/\/\/6\/+b9\/\/j\/2wBDASstLTw1PHZBQXb4pYyl+Pj4+Pj4+Pj4+Pj4+Pj4+Pj4+Pj4+Pj4+Pj4+Pj4+Pj4+Pj4+Pj4+Pj4+Pj4+Pj4+Pj\/wAARCAAXACoDASIAAhEBAxEB\/8QAFwABAQEBAAAAAAAAAAAAAAAAAAECBP\/EABUQAQEAAAAAAAAAAAAAAAAAAAAB\/8QAFgEBAQEAAAAAAAAAAAAAAAAAAQAC\/8QAFBEBAAAAAAAAAAAAAAAAAAAAAP\/aAAwDAQACEQMRAD8A5Y1GVaDQgiIIg1YgFACKIAT\/2Q==');\" loading=\"eager\" fetchpriority=\"high\" class=\"svelte-1cksh76 rounded\" onload=\"this.__e=event\" onerror=\"this.__e=event\"\/> Le bloc du Grand Nancy Volley-Ball se montre solide depuis le d\u00e9but de l&rsquo;ann\u00e9e 2026 \u00a9 Aucun(e) &#8211; GNVB    <\/p>\n<p class=\"g-ici-body-regular-3 info svelte-1tw4hsy\">Diffus\u00e9 le mardi 13 janvier 2026 \u00e0 18:31 <\/p>\n<p class=\"g-ici-body-regular-3 info svelte-1tw4hsy\">Publi\u00e9 le mardi 13 janvier 2026 \u00e0 18:31 <\/p>\n<p class=\"g-ici-body-bold-1 standFirst svelte-1gkeky6\">Le Grand Nancy Volley-Ball r\u00e9alise un d\u00e9but d\u2019ann\u00e9e 2026 sans faute. Apr\u00e8s une d\u00e9monstration de force face \u00e0 Rennes (3-0) et un succ\u00e8s solide \u00e0 Chalon (1-3), les Nanc\u00e9iens se relancent totalement dans la course au top 5, avant de recevoir ce samedi (19h), Saint-Jean D&rsquo;illac,  <\/p>\n<p>Quelle entame pour les hommes de Nikola Borcic\u00a0! Le Grand Nancy Volley-Ball affiche en ce d\u00e9but de mois de janvier un visage transfigur\u00e9, alliant rigueur d\u00e9fensive et efficacit\u00e9 offensive. La victoire nette face \u00e0 Rennes (3-0 a \u00e9t\u00e9 confirm\u00e9e par un d\u00e9placement parfaitement ma\u00eetris\u00e9 sur le parquet de Chalon (1-3). Ces six points r\u00e9colt\u00e9s permettent aux Lorrains de recoller au <a target=\"_blank\" rel=\"nofollow noopener noreferrer\" class=\"IciLink ici-link IciArticleLink g-ici-body-regular-1 underline brand svelte-1chfe2s\" href=\"https:\/\/www.lnv.fr\/competitions\/ligue-b-masculine\">top 5.<\/a><\/p>\n<p>L&rsquo;euphorie devra toutefois laisser place \u00e0 la concentration d\u00e8s ce samedi (19h) pour la r\u00e9ception de Saint-Jean-d\u2019Illac. C\u2019est un v\u00e9ritable \u00ab\u00a0match \u00e0 six points\u00a0\u00bb qui s\u2019annonce, puisque les deux formations affichent une \u00e9galit\u00e9 parfaite au classement. Le GNVB a l\u2019occasion de doubler un concurrent direct et de confirmer que sa dynamique actuelle n\u2019est pas qu\u2019une simple \u00e9claircie, mais bien le lancement d\u2019une nouvelle saison. Laurent Pilloni et ses d\u00e9batteurs font le point dans <strong>100% SPORTS.<\/strong><\/p>\n<p>\u00c0 lire aussi   <img decoding=\"async\" src=\"https:\/\/www.europesays.com\/fr\/wp-content\/uploads\/2026\/01\/1768361057_829_400x400.jpeg\" alt=\"\" style=\"--_image-preview:url('data:image\/jpeg;base64,\/9j\/2wBDACgcHiMeGSgjISMtKygwPGRBPDc3PHtYXUlkkYCZlo+AjIqgtObDoKrarYqMyP\/L2u71\/\/\/\/m8H\/\/\/\/6\/+b9\/\/j\/2wBDASstLTw1PHZBQXb4pYyl+Pj4+Pj4+Pj4+Pj4+Pj4+Pj4+Pj4+Pj4+Pj4+Pj4+Pj4+Pj4+Pj4+Pj4+Pj4+Pj4+Pj\/wAARCAAXACoDASIAAhEBAxEB\/8QAGAABAQADAAAAAAAAAAAAAAAAAAECAwT\/xAAWEAEBAQAAAAAAAAAAAAAAAAAAEQH\/xAAYAQEBAQEBAAAAAAAAAAAAAAABAAIDBP\/EABgRAQEBAQEAAAAAAAAAAAAAAAARAQIS\/9oADAMBAAIRAxEAPwDnVFNGcKCxU+QWLDWN4azAcseqLjPALOrFgJR\/\/9k=');\" loading=\"lazy\" fetchpriority=\"low\" aria-hidden=\"true\" class=\"svelte-1cksh76 rounded\" onload=\"this.__e=event\" onerror=\"this.__e=event\"\/> <\/p>\n<ul class=\"SocialNetworks svelte-oam7rq\">\n<li class=\"svelte-oam7rq\"><\/li>\n<li class=\"svelte-oam7rq\"><\/li>\n<li class=\"svelte-oam7rq\"><\/li>\n<li class=\"svelte-oam7rq\"><\/li>\n<li class=\"svelte-oam7rq\"><\/li>\n<\/ul>\n","protected":false},"excerpt":{"rendered":"Le bloc du Grand Nancy Volley-Ball se montre solide depuis le d\u00e9but de l&rsquo;ann\u00e9e 2026 \u00a9 Aucun(e) &#8211;&hellip;\n","protected":false},"author":2,"featured_media":661951,"comment_status":"","ping_status":"","sticky":false,"template":"","format":"standard","meta":{"footnotes":""},"categories":[9635],"tags":[1111,11,1777,674,1011,27,775,1702,12,25],"class_list":{"0":"post-662058","1":"post","2":"type-post","3":"status-publish","4":"format-standard","5":"has-post-thumbnail","7":"category-nancy","8":"tag-actu","9":"tag-actualites","10":"tag-eu","11":"tag-europe","12":"tag-fr","13":"tag-france","14":"tag-grand-est","15":"tag-nancy","16":"tag-news","17":"tag-republique-francaise"},"share_on_mastodon":{"url":"https:\/\/pubeurope.com\/@fr\/115891317223770276","error":""},"_links":{"self":[{"href":"https:\/\/www.europesays.com\/fr\/wp-json\/wp\/v2\/posts\/662058","targetHints":{"allow":["GET"]}}],"collection":[{"href":"https:\/\/www.europesays.com\/fr\/wp-json\/wp\/v2\/posts"}],"about":[{"href":"https:\/\/www.europesays.com\/fr\/wp-json\/wp\/v2\/types\/post"}],"author":[{"embeddable":true,"href":"https:\/\/www.europesays.com\/fr\/wp-json\/wp\/v2\/users\/2"}],"replies":[{"embeddable":true,"href":"https:\/\/www.europesays.com\/fr\/wp-json\/wp\/v2\/comments?post=662058"}],"version-history":[{"count":0,"href":"https:\/\/www.europesays.com\/fr\/wp-json\/wp\/v2\/posts\/662058\/revisions"}],"wp:featuredmedia":[{"embeddable":true,"href":"https:\/\/www.europesays.com\/fr\/wp-json\/wp\/v2\/media\/661951"}],"wp:attachment":[{"href":"https:\/\/www.europesays.com\/fr\/wp-json\/wp\/v2\/media?parent=662058"}],"wp:term":[{"taxonomy":"category","embeddable":true,"href":"https:\/\/www.europesays.com\/fr\/wp-json\/wp\/v2\/categories?post=662058"},{"taxonomy":"post_tag","embeddable":true,"href":"https:\/\/www.europesays.com\/fr\/wp-json\/wp\/v2\/tags?post=662058"}],"curies":[{"name":"wp","href":"https:\/\/api.w.org\/{rel}","templated":true}]}}