{"id":662059,"date":"2026-01-14T03:26:29","date_gmt":"2026-01-14T03:26:29","guid":{"rendered":"https:\/\/www.europesays.com\/fr\/662059\/"},"modified":"2026-01-14T03:26:29","modified_gmt":"2026-01-14T03:26:29","slug":"officel-linternational-ecossais-huw-jones-signe-a-toulon","status":"publish","type":"post","link":"https:\/\/www.europesays.com\/fr\/662059\/","title":{"rendered":"OFFICEL : L\u2019international Ecossais Huw Jones signe \u00e0 Toulon !"},"content":{"rendered":"<p>L\u2019information a \u00e9t\u00e9 officialis\u00e9e ce mardi.<\/p>\n<p>Le Rugby Club Toulonnais a annonc\u00e9 le recrutement d\u2019un international Ecossais pour les saisons \u00e0 venir.<\/p>\n<p>En effet, le trois-quarts centre Huw Jones a sign\u00e9 un contrat en faveur du XV de la Rade pour les deux prochaines saisons, soit jusqu\u2019au mois de juin 2028.<\/p>\n<p>Le joueur de 32 ans compte 58 s\u00e9lections avec l\u2019\u00c9cosse. Il \u00e9volue actuellement sous les couleurs de Glasgow.<\/p>\n<p>Il a \u00e9galement particip\u00e9 \u00e0 la derni\u00e8re Tourn\u00e9e des Lions Britanniques.<\/p>\n<p>Il s\u2019agit d\u2019une excellente recrue pour le RCT.<\/p>\n<p><strong>Laurent Emmanuelli, le directeur sportif du RCT a expliqu\u00e9 le recrutement d\u2019Huw Jones :\u00a0<\/strong><\/p>\n<p>\u00ab\u00a0L\u2019arriv\u00e9e de\u00a0Huw Jones\u00a0est le fruit d\u2019un travail de fond men\u00e9 depuis plusieurs mois. C\u2019est un joueur de classe internationale, un cadre de sa s\u00e9lection nationale, qui \u00e9volue depuis longtemps au plus haut niveau europ\u00e9en et mondial. Ses qualit\u00e9s rugbystiques, son exigence et son exp\u00e9rience seront des atouts pr\u00e9cieux pour le groupe. Il s\u2019inscrit parfaitement dans notre projet sportif, m\u00ealant performance imm\u00e9diate et accompagnement de nos jeunes joueurs.\u00a0\u00bb<\/p>\n<p><strong>Voici le communiqu\u00e9 publi\u00e9 par le RCT :\u00a0<\/strong><\/p>\n<p>\u00ab\u00a0Le Rugby Club Toulonnais est fier d\u2019annoncer l\u2019engagement du centre international \u00e9cossais Huw Jones, qui rejoindra le club pour deux saisons, \u00e0 compter de la saison 2026-2027, en provenance des Glasgow Warriors.<\/p>\n<p>\u00c2g\u00e9 de 32 ans,\u00a0Huw\u00a0Jones\u00a0compte 58 s\u00e9lections avec le XV du Chardon et fait partie des cadres de la s\u00e9lection \u00e9cossaise depuis plusieurs ann\u00e9es. Il a \u00e9galement particip\u00e9 \u00e0 la derni\u00e8re tourn\u00e9e des Lions Britanniques et Irlandais en Australie, confirmant son statut de joueur de tout premier plan sur la sc\u00e8ne internationale. Ses performances lui ont r\u00e9cemment valu d\u2019\u00eatre nomm\u00e9 dans la \u201cDream Team du XV World Rugby de l\u2019ann\u00e9e 2025\u201d, une reconnaissance majeure \u00e0 l\u2019\u00e9chelle mondiale.<\/p>\n<p>Le\u00a0Rugby Club Toulonnais\u00a0travaillait depuis de longues semaines afin d\u2019attirer ce joueur de dimension internationale et de renforcer durablement son effectif. Joueur complet,\u00a0Huw\u00a0Jones\u00a0apportera au RCT toute son exp\u00e9rience du tr\u00e8s haut niveau, sa puissance, sa qualit\u00e9 de franchissement, sa vitesse, ainsi que son sens du jeu et de la d\u00e9fense, des atouts majeurs au c\u0153ur du jeu toulonnais.<\/p>\n<p>Il viendra compl\u00e9ter une ligne de trois-quarts comp\u00e9titive, compos\u00e9e \u00e0 la fois de joueurs exp\u00e9riment\u00e9s et de jeunes talents issus de la formation rouge et noire, contribuant ainsi \u00e0 l\u2019\u00e9quilibre et \u00e0 l\u2019ambition sportive du club pour les saisons \u00e0 venir.\u00a0\u00bb<\/p>\n","protected":false},"excerpt":{"rendered":"L\u2019information a \u00e9t\u00e9 officialis\u00e9e ce mardi. Le Rugby Club Toulonnais a annonc\u00e9 le recrutement d\u2019un international Ecossais pour&hellip;\n","protected":false},"author":2,"featured_media":662060,"comment_status":"","ping_status":"","sticky":false,"template":"","format":"standard","meta":{"footnotes":""},"categories":[9619],"tags":[1111,11,1777,674,1011,27,12,882,25,2310],"class_list":{"0":"post-662059","1":"post","2":"type-post","3":"status-publish","4":"format-standard","5":"has-post-thumbnail","7":"category-toulon","8":"tag-actu","9":"tag-actualites","10":"tag-eu","11":"tag-europe","12":"tag-fr","13":"tag-france","14":"tag-news","15":"tag-provence-alpes-cote-dazur","16":"tag-republique-francaise","17":"tag-toulon"},"share_on_mastodon":{"url":"https:\/\/pubeurope.com\/@fr\/115891324993070157","error":""},"_links":{"self":[{"href":"https:\/\/www.europesays.com\/fr\/wp-json\/wp\/v2\/posts\/662059","targetHints":{"allow":["GET"]}}],"collection":[{"href":"https:\/\/www.europesays.com\/fr\/wp-json\/wp\/v2\/posts"}],"about":[{"href":"https:\/\/www.europesays.com\/fr\/wp-json\/wp\/v2\/types\/post"}],"author":[{"embeddable":true,"href":"https:\/\/www.europesays.com\/fr\/wp-json\/wp\/v2\/users\/2"}],"replies":[{"embeddable":true,"href":"https:\/\/www.europesays.com\/fr\/wp-json\/wp\/v2\/comments?post=662059"}],"version-history":[{"count":0,"href":"https:\/\/www.europesays.com\/fr\/wp-json\/wp\/v2\/posts\/662059\/revisions"}],"wp:featuredmedia":[{"embeddable":true,"href":"https:\/\/www.europesays.com\/fr\/wp-json\/wp\/v2\/media\/662060"}],"wp:attachment":[{"href":"https:\/\/www.europesays.com\/fr\/wp-json\/wp\/v2\/media?parent=662059"}],"wp:term":[{"taxonomy":"category","embeddable":true,"href":"https:\/\/www.europesays.com\/fr\/wp-json\/wp\/v2\/categories?post=662059"},{"taxonomy":"post_tag","embeddable":true,"href":"https:\/\/www.europesays.com\/fr\/wp-json\/wp\/v2\/tags?post=662059"}],"curies":[{"name":"wp","href":"https:\/\/api.w.org\/{rel}","templated":true}]}}