{"id":66206,"date":"2025-05-01T05:59:12","date_gmt":"2025-05-01T05:59:12","guid":{"rendered":"https:\/\/www.europesays.com\/fr\/66206\/"},"modified":"2025-05-01T05:59:12","modified_gmt":"2025-05-01T05:59:12","slug":"syndicats-et-parents-deleves-denoncent-le-deni-de-la-metropole","status":"publish","type":"post","link":"https:\/\/www.europesays.com\/fr\/66206\/","title":{"rendered":"syndicats et parents d\u2019\u00e9l\u00e8ves d\u00e9noncent le \u00ab\u00a0d\u00e9ni\u00a0\u00bb de la M\u00e9tropole"},"content":{"rendered":"<p>C\u2019est une premi\u00e8re dans l\u2019histoire de cette <a href=\"https:\/\/www.estrepublicain.fr\/culture-loisirs\/2024\/09\/11\/du-nouveau-au-conservatoire\" target=\"_blank\" rel=\"nofollow noopener\">institution publique,<\/a> pas habitu\u00e9e aux remous en public\u00a0: une lettre ouverte envoy\u00e9e ce lundi au gestionnaire en chef du conservatoire, <a href=\"https:\/\/www.estrepublicain.fr\/p\/mathieu-klein\" target=\"_blank\" rel=\"nofollow noopener\">Mathieu Klein<\/a> , pr\u00e9sident de la <a href=\"https:\/\/www.estrepublicain.fr\/edition-nancy-et-agglomeration\/metropole-du-grand-nancy-54b5\" target=\"_blank\" rel=\"nofollow noopener\">M\u00e9tropole.<\/a> \u00a0Un courrier pour dire l\u2019 \u00ab\u00a0inqui\u00e9tude quant \u00e0 la mani\u00e8re dont est trait\u00e9e <a href=\"https:\/\/www.estrepublicain.fr\/culture-loisirs\/2025\/04\/29\/mort-du-directeur-au-coeur-des-tensions-du-conservatoire-du-grand-nancy\" target=\"_blank\" rel=\"nofollow noopener\">l\u2019affaire du suicide de Boris Vidal<\/a> \u00a0\u00bb par l\u2019administration.<\/p>\n<p>Le courrier est sign\u00e9 de trois organisations\u00a0: deux syndicats (la F\u00e9d\u00e9ration autonome de la fonction publique territoriale et le Syndicat national des enseignants et artistes, section de Nancy), mais aussi de l\u2019association des parents d\u2019\u00e9l\u00e8ves et \u00e9l\u00e8ves du conservatoire. \u00ab\u00a0La gestion faite par la M\u00e9tropole ne semble pas \u00e0 la hauteur de la r\u00e9alit\u00e9 et de la gravit\u00e9 de la situation. Le conservatoire de Nancy est un service dysfonctionnel <a href=\"https:\/\/www.estrepublicain.fr\/culture-loisirs\/2025\/04\/29\/moi-aussi-j-avais-des-idees-noires-bien-avant-l-affaire-vidal-deja-des-alertes\" target=\"_blank\" rel=\"nofollow noopener\">depuis de nombreuses ann\u00e9es<\/a> \u00a0\u00bb, \u00e9crivent les cosignataires.\ufeff<\/p>\n<p>La situation \u00ab\u00a0empire\u00a0\u00bb<\/p>\n<p>Dans le d\u00e9tail, ils d\u00e9noncent des \u00ab\u00a0m\u00e9thodes de management malsaines, bas\u00e9es sur l\u2019iniquit\u00e9, l\u2019opacit\u00e9, la d\u00e9fiance et&#8230;<\/p>\n","protected":false},"excerpt":{"rendered":"C\u2019est une premi\u00e8re dans l\u2019histoire de cette institution publique, pas habitu\u00e9e aux remous en public\u00a0: une lettre ouverte&hellip;\n","protected":false},"author":2,"featured_media":66207,"comment_status":"","ping_status":"","sticky":false,"template":"","format":"standard","meta":{"footnotes":""},"categories":[9635],"tags":[1111,11,1687,1704,1057,1777,674,1011,27,775,873,1702,1703,12,25,801,104],"class_list":{"0":"post-66206","1":"post","2":"type-post","3":"status-publish","4":"format-standard","5":"has-post-thumbnail","7":"category-nancy","8":"tag-actu","9":"tag-actualites","10":"tag-culture-loisirs","11":"tag-edition-nancy-et-agglomeration","12":"tag-education","13":"tag-eu","14":"tag-europe","15":"tag-fr","16":"tag-france","17":"tag-grand-est","18":"tag-musique","19":"tag-nancy","20":"tag-nancy-ville-54b","21":"tag-news","22":"tag-republique-francaise","23":"tag-social","24":"tag-societe"},"share_on_mastodon":{"url":"https:\/\/pubeurope.com\/@fr\/114431050679367781","error":""},"_links":{"self":[{"href":"https:\/\/www.europesays.com\/fr\/wp-json\/wp\/v2\/posts\/66206","targetHints":{"allow":["GET"]}}],"collection":[{"href":"https:\/\/www.europesays.com\/fr\/wp-json\/wp\/v2\/posts"}],"about":[{"href":"https:\/\/www.europesays.com\/fr\/wp-json\/wp\/v2\/types\/post"}],"author":[{"embeddable":true,"href":"https:\/\/www.europesays.com\/fr\/wp-json\/wp\/v2\/users\/2"}],"replies":[{"embeddable":true,"href":"https:\/\/www.europesays.com\/fr\/wp-json\/wp\/v2\/comments?post=66206"}],"version-history":[{"count":0,"href":"https:\/\/www.europesays.com\/fr\/wp-json\/wp\/v2\/posts\/66206\/revisions"}],"wp:featuredmedia":[{"embeddable":true,"href":"https:\/\/www.europesays.com\/fr\/wp-json\/wp\/v2\/media\/66207"}],"wp:attachment":[{"href":"https:\/\/www.europesays.com\/fr\/wp-json\/wp\/v2\/media?parent=66206"}],"wp:term":[{"taxonomy":"category","embeddable":true,"href":"https:\/\/www.europesays.com\/fr\/wp-json\/wp\/v2\/categories?post=66206"},{"taxonomy":"post_tag","embeddable":true,"href":"https:\/\/www.europesays.com\/fr\/wp-json\/wp\/v2\/tags?post=66206"}],"curies":[{"name":"wp","href":"https:\/\/api.w.org\/{rel}","templated":true}]}}