{"id":662061,"date":"2026-01-14T03:28:23","date_gmt":"2026-01-14T03:28:23","guid":{"rendered":"https:\/\/www.europesays.com\/fr\/662061\/"},"modified":"2026-01-14T03:28:23","modified_gmt":"2026-01-14T03:28:23","slug":"il-est-tombe-denviron-quatre-ou-cinq-metres-un-adolescent-chute-du-deuxieme-etage-dun-lycee-de-montpellier","status":"publish","type":"post","link":"https:\/\/www.europesays.com\/fr\/662061\/","title":{"rendered":"Il est tomb\u00e9 d\u2019environ quatre ou cinq m\u00e8tres\u00a0: un adolescent chute du deuxi\u00e8me \u00e9tage d\u2019un lyc\u00e9e de Montpellier"},"content":{"rendered":"<p>\n                                                                Lundi 12\u00a0janvier, les sapeurs-pompiers de l\u2019H\u00e9rault sont intervenus au lyc\u00e9e Pierre-Mend\u00e8s-France \u00e0 Montpellier, \u00e0 la suite de la chute d\u2019un \u00e9l\u00e8ve du deuxi\u00e8me \u00e9tage de l\u2019\u00e9tablissement. Une enqu\u00eate est ouverte.\n                            <\/p>\n<p>Tentative de suicide\u00a0? Accident\u00a0? Quelqu\u2019un l\u2019aurait-il\u00a0pouss\u00e9\u00a0? Que s\u2019est-il r\u00e9ellement pass\u00e9 ce lundi 12\u00a0janvier, en fin\u00a0de matin\u00e9e, au sein du lyc\u00e9e professionnel Pierre-Mend\u00e8s-France\u00a0\u00e0 Montpellier\u00a0? Pour l\u2019heure, aucune piste ne pr\u00e9vaut sur la chute\u00a0d\u2019un \u00e9l\u00e8ve de 16\u00a0ans, qui aurait bien pu lui co\u00fbter la vie. \u00ab\u00a0Les circonstances de cet acte sont en cours de clarification\u00a0\u00bb, pr\u00e9cise le rectorat.<strong>\u00a0<\/strong>Une enqu\u00eate a \u00e9t\u00e9 ouverte par les policiers du commissariat central qui \u00e9taient sur les lieux et se poursuit pour \u00e9tablir les circonstances exactes de la chute.<\/p>\n<p>Pris en charge rapidement par les sapeurs-pompiers du Sdis, il a \u00e9t\u00e9 transport\u00e9 conscient\u00a0au centre hospitalier Lapeyronie, o\u00f9 il est actuellement hospitalis\u00e9. Selon nos informations, apr\u00e8s avoir chut\u00e9 d\u2019une hauteur de 4-5 m\u00e8tres environ, l\u2019adolescent pr\u00e9sentait un traumatisme cr\u00e2nien qui n\u2019engageait pas son pronostic vital, ainsi qu\u2019une suspicion de fracture du f\u00e9mur. Son sac \u00e0 dos a \u00e9t\u00e9 retrouv\u00e9 au niveau des escaliers du deuxi\u00e8me \u00e9tage d\u2019o\u00f9 il a chut\u00e9.<\/p>\n<p>Mise en place d\u2019une cellule d\u2019\u00e9coute et d\u2019accompagnement<\/p>\n<p>Une cellule d\u2019\u00e9coute et d\u2019accompagnement\u00a0a \u00e9t\u00e9 mise en place d\u00e8s l\u2019apr\u00e8s-midi des faits par la Direction des\u00a0services de l\u2019\u00c9ducation nationale de l\u2019H\u00e9rault\u00a0\u00e0 destination des\u00a0\u00e9l\u00e8ves et des personnels au sein de l\u2019\u00e9tablissement. D\u00e9ploy\u00e9e d\u00e8s le jour de la chute du lyc\u00e9en, \u00ab\u00a0elle restera active aussi longtemps que n\u00e9cessaire\u00a0\u00bb, pr\u00e9cise le rectorat.<\/p>\n<p>La cheffe d\u2019\u00e9tablissement a imm\u00e9diatement pris toutes les mesures d\u2019information et d\u2019accompagnement des \u00e9l\u00e8ves et des personnels en lien avec le directeur acad\u00e9mique des services de l\u2019\u00c9ducation nationale de l\u2019H\u00e9rault, Christophe Mauny. \u00ab\u00a0Nos services suivent attentivement la situation afin de maintenir, au sein de l\u2019\u00e9tablissement, un climat scolaire le plus serein possible, propice aux apprentissages, malgr\u00e9 les circonstances\u00a0\u00bb, indique celui-ci.<\/p>\n","protected":false},"excerpt":{"rendered":"Lundi 12\u00a0janvier, les sapeurs-pompiers de l\u2019H\u00e9rault sont intervenus au lyc\u00e9e Pierre-Mend\u00e8s-France \u00e0 Montpellier, \u00e0 la suite de la&hellip;\n","protected":false},"author":2,"featured_media":662062,"comment_status":"","ping_status":"","sticky":false,"template":"","format":"standard","meta":{"footnotes":""},"categories":[9599],"tags":[1111,11,1057,1777,674,1011,27,7089,2208,12,2680,25],"class_list":{"0":"post-662061","1":"post","2":"type-post","3":"status-publish","4":"format-standard","5":"has-post-thumbnail","7":"category-montpellier","8":"tag-actu","9":"tag-actualites","10":"tag-education","11":"tag-eu","12":"tag-europe","13":"tag-fr","14":"tag-france","15":"tag-herault","16":"tag-montpellier","17":"tag-news","18":"tag-occitanie","19":"tag-republique-francaise"},"share_on_mastodon":{"url":"https:\/\/pubeurope.com\/@fr\/115891332855043825","error":""},"_links":{"self":[{"href":"https:\/\/www.europesays.com\/fr\/wp-json\/wp\/v2\/posts\/662061","targetHints":{"allow":["GET"]}}],"collection":[{"href":"https:\/\/www.europesays.com\/fr\/wp-json\/wp\/v2\/posts"}],"about":[{"href":"https:\/\/www.europesays.com\/fr\/wp-json\/wp\/v2\/types\/post"}],"author":[{"embeddable":true,"href":"https:\/\/www.europesays.com\/fr\/wp-json\/wp\/v2\/users\/2"}],"replies":[{"embeddable":true,"href":"https:\/\/www.europesays.com\/fr\/wp-json\/wp\/v2\/comments?post=662061"}],"version-history":[{"count":0,"href":"https:\/\/www.europesays.com\/fr\/wp-json\/wp\/v2\/posts\/662061\/revisions"}],"wp:featuredmedia":[{"embeddable":true,"href":"https:\/\/www.europesays.com\/fr\/wp-json\/wp\/v2\/media\/662062"}],"wp:attachment":[{"href":"https:\/\/www.europesays.com\/fr\/wp-json\/wp\/v2\/media?parent=662061"}],"wp:term":[{"taxonomy":"category","embeddable":true,"href":"https:\/\/www.europesays.com\/fr\/wp-json\/wp\/v2\/categories?post=662061"},{"taxonomy":"post_tag","embeddable":true,"href":"https:\/\/www.europesays.com\/fr\/wp-json\/wp\/v2\/tags?post=662061"}],"curies":[{"name":"wp","href":"https:\/\/api.w.org\/{rel}","templated":true}]}}