{"id":662063,"date":"2026-01-14T03:30:28","date_gmt":"2026-01-14T03:30:28","guid":{"rendered":"https:\/\/www.europesays.com\/fr\/662063\/"},"modified":"2026-01-14T03:30:28","modified_gmt":"2026-01-14T03:30:28","slug":"experts-comptables-a-rouen-un-choix-strategique-pour-piloter-son-entreprise","status":"publish","type":"post","link":"https:\/\/www.europesays.com\/fr\/662063\/","title":{"rendered":"Experts-comptables \u00e0 Rouen, un choix strat\u00e9gique pour piloter son entreprise"},"content":{"rendered":"<p>La digitalisation a profond\u00e9ment transform\u00e9 le m\u00e9tier d\u2019expert-comptable. La d\u00e9mat\u00e9rialisation des pi\u00e8ces comptables, l\u2019automatisation de certaines t\u00e2ches et l\u2019acc\u00e8s \u00e0 des tableaux de bord en temps r\u00e9el permettent aujourd\u2019hui aux dirigeants de mieux suivre leur activit\u00e9 et de gagner un temps pr\u00e9cieux. Cette \u00e9volution r\u00e9pond \u00e0 un besoin clair : r\u00e9duire la charge administrative et se concentrer sur le c\u0153ur du m\u00e9tier.<\/p>\n<p>Pour autant, la technologie ne se substitue pas \u00e0 l\u2019expertise humaine. L\u2019interpr\u00e9tation des chiffres, l\u2019anticipation des risques et l\u2019accompagnement des d\u00e9cisions strat\u00e9giques restent au c\u0153ur du r\u00f4le de l\u2019expert-comptable. C\u2019est dans cet \u00e9quilibre entre outils num\u00e9riques et conseil personnalis\u00e9 que se positionnent des acteurs combinant pr\u00e9sence locale et organisation moderne, \u00e0 l\u2019image de <a href=\"https:\/\/www.keobiz.fr\/cabinet-rouen\/\" target=\"_blank\" rel=\"noopener\"><strong>votre expert comptable \u00e0 Rouen<\/strong><\/a>, qui s\u2019inscrit dans une logique d\u2019accompagnement global des entrepreneurs du territoire.<\/p>\n<p>Au-del\u00e0 de la production des comptes, l\u2019expert-comptable intervient aujourd\u2019hui sur des choix structurants pour l\u2019entreprise. Il accompagne le dirigeant dans la cr\u00e9ation de sa soci\u00e9t\u00e9, le choix du statut juridique, l\u2019arbitrage entre r\u00e9mun\u00e9ration et dividendes, la gestion de la tr\u00e9sorerie ou encore l\u2019anticipation des \u00e9ch\u00e9ances fiscales et sociales. Lors des phases de croissance, de transmission ou de cession, son r\u00f4le devient d\u00e9terminant, chaque d\u00e9cision pouvant avoir un impact durable sur la rentabilit\u00e9 et la p\u00e9rennit\u00e9 de l\u2019activit\u00e9.<\/p>\n<p>Choisir un expert-comptable \u00e0 Rouen ne se r\u00e9sume donc pas \u00e0 une question de co\u00fbt. La qualit\u00e9 du conseil, la capacit\u00e9 d\u2019anticipation et la p\u00e9dagogie dans la relation sont devenues des crit\u00e8res essentiels. Dans un contexte \u00e9conomique incertain, s\u2019entourer d\u2019un partenaire comptable fiable et capable d\u2019allier expertise technique, conseil strat\u00e9gique et connaissance des sp\u00e9cificit\u00e9s locales constitue un v\u00e9ritable levier de s\u00e9r\u00e9nit\u00e9 et de performance pour les entrepreneurs rouennais.<\/p>\n","protected":false},"excerpt":{"rendered":"La digitalisation a profond\u00e9ment transform\u00e9 le m\u00e9tier d\u2019expert-comptable. La d\u00e9mat\u00e9rialisation des pi\u00e8ces comptables, l\u2019automatisation de certaines t\u00e2ches et&hellip;\n","protected":false},"author":2,"featured_media":662064,"comment_status":"","ping_status":"","sticky":false,"template":"","format":"standard","meta":{"footnotes":""},"categories":[9587],"tags":[1111,11,1777,674,1011,27,12,5161,25,9590],"class_list":{"0":"post-662063","1":"post","2":"type-post","3":"status-publish","4":"format-standard","5":"has-post-thumbnail","7":"category-rouen","8":"tag-actu","9":"tag-actualites","10":"tag-eu","11":"tag-europe","12":"tag-fr","13":"tag-france","14":"tag-news","15":"tag-normandie","16":"tag-republique-francaise","17":"tag-rouen"},"share_on_mastodon":{"url":"https:\/\/pubeurope.com\/@fr\/115891340736172320","error":""},"_links":{"self":[{"href":"https:\/\/www.europesays.com\/fr\/wp-json\/wp\/v2\/posts\/662063","targetHints":{"allow":["GET"]}}],"collection":[{"href":"https:\/\/www.europesays.com\/fr\/wp-json\/wp\/v2\/posts"}],"about":[{"href":"https:\/\/www.europesays.com\/fr\/wp-json\/wp\/v2\/types\/post"}],"author":[{"embeddable":true,"href":"https:\/\/www.europesays.com\/fr\/wp-json\/wp\/v2\/users\/2"}],"replies":[{"embeddable":true,"href":"https:\/\/www.europesays.com\/fr\/wp-json\/wp\/v2\/comments?post=662063"}],"version-history":[{"count":0,"href":"https:\/\/www.europesays.com\/fr\/wp-json\/wp\/v2\/posts\/662063\/revisions"}],"wp:featuredmedia":[{"embeddable":true,"href":"https:\/\/www.europesays.com\/fr\/wp-json\/wp\/v2\/media\/662064"}],"wp:attachment":[{"href":"https:\/\/www.europesays.com\/fr\/wp-json\/wp\/v2\/media?parent=662063"}],"wp:term":[{"taxonomy":"category","embeddable":true,"href":"https:\/\/www.europesays.com\/fr\/wp-json\/wp\/v2\/categories?post=662063"},{"taxonomy":"post_tag","embeddable":true,"href":"https:\/\/www.europesays.com\/fr\/wp-json\/wp\/v2\/tags?post=662063"}],"curies":[{"name":"wp","href":"https:\/\/api.w.org\/{rel}","templated":true}]}}