{"id":662065,"date":"2026-01-14T03:32:18","date_gmt":"2026-01-14T03:32:18","guid":{"rendered":"https:\/\/www.europesays.com\/fr\/662065\/"},"modified":"2026-01-14T03:32:18","modified_gmt":"2026-01-14T03:32:18","slug":"climat-decoute-echosciences-grenoble","status":"publish","type":"post","link":"https:\/\/www.europesays.com\/fr\/662065\/","title":{"rendered":"Climat d&rsquo;\u00e9coute | ECHOSCIENCES &#8211; Grenoble"},"content":{"rendered":"<p>As-tu d\u00e9j\u00e0 \u00e9t\u00e9 d\u00e9muni face aux personnes qui expriment de la d\u00e9fiance face \u00e0 l&rsquo;\u00e9cologie ou qui ne sont pas dans une dynamique de changer leurs modes de vie ? As tu d\u00e9j\u00e0 eu du mal \u00e0 choisir ton approche lorsque tu discutes \u00e9cologie avec tes proches ou tes coll\u00e8gues ? T&rsquo;es tu d\u00e9j\u00e0 demand\u00e9-e comment rendre ton discours plus impactant afin d&rsquo;inciter ton entourage \u00e0 \u0153uvrer pour la pr\u00e9servation de l&rsquo;environnement ? Si la r\u00e9ponse est oui \u00e0 l&rsquo;une de ces questions, tu es au bon endroit.<\/p>\n<p>Nous avons cr\u00e9\u00e9 cet atelier interactif qui est vou\u00e9 \u00e0 former les personnes convaincues par la transition aux m\u00e9thodes efficaces pour embarquer tout le monde.<\/p>\n<p>Il a pour but de r\u00e9pondre \u00e0 ces 3 objectifs :<\/p>\n<ul>\n<li>Se sentir mieux, moins d\u00e9muni\u22c5e, prendre du recul face aux personnes rejetant l&rsquo;\u00e9cologie<\/li>\n<li>Se sentir arm\u00e9\u22c5e pour \u00e9changer sur l&rsquo;\u00e9cologie avec diff\u00e9rents publics (arguments, ressources, postures\u2026)<\/li>\n<li>Repartir motiv\u00e9\u22c5e pour aller parler \u00e0 des personnes \u00e9loign\u00e9es de l&rsquo;\u00e9cologie<\/li>\n<\/ul>\n<p>L&rsquo;atelier se d\u00e9roule sur une session de 3h, avec 15 \u00e0 25 personnes \u00ab\u00a0\u00e9colo-convaincues\u00a0\u00bb venant de diff\u00e9rents horizons.<\/p>\n<p>La Base Alternatiba<\/p>\n<p>17 rue du Dauphin\u00e9, Grenoble<\/p>\n<p>Inscriptions sur\u00a0<a href=\"https:\/\/enjeuxcommuns.fr\/les-prochains-ateliers-en-isere\/\" target=\"_blank\" data-saferedirecturl=\"https:\/\/www.google.com\/url?q=https:\/\/enjeuxcommuns.fr\/les-prochains-ateliers-en-isere\/&amp;source=gmail&amp;ust=1768407854798000&amp;usg=AOvVaw0A-DvVKpAWP14qhBEz5ZtA\" rel=\"noopener\">https:\/\/enjeuxcommuns.fr\/les-prochains-ateliers-en-isere\/<\/a><\/p>\n","protected":false},"excerpt":{"rendered":"As-tu d\u00e9j\u00e0 \u00e9t\u00e9 d\u00e9muni face aux personnes qui expriment de la d\u00e9fiance face \u00e0 l&rsquo;\u00e9cologie ou qui ne&hellip;\n","protected":false},"author":2,"featured_media":662066,"comment_status":"","ping_status":"","sticky":false,"template":"","format":"standard","meta":{"footnotes":""},"categories":[9566],"tags":[1111,11,2430,1777,674,1011,27,2731,12,25],"class_list":{"0":"post-662065","1":"post","2":"type-post","3":"status-publish","4":"format-standard","5":"has-post-thumbnail","7":"category-grenoble","8":"tag-actu","9":"tag-actualites","10":"tag-auvergne-rhone-alpes","11":"tag-eu","12":"tag-europe","13":"tag-fr","14":"tag-france","15":"tag-grenoble","16":"tag-news","17":"tag-republique-francaise"},"share_on_mastodon":{"url":"https:\/\/pubeurope.com\/@fr\/115891348569557107","error":""},"_links":{"self":[{"href":"https:\/\/www.europesays.com\/fr\/wp-json\/wp\/v2\/posts\/662065","targetHints":{"allow":["GET"]}}],"collection":[{"href":"https:\/\/www.europesays.com\/fr\/wp-json\/wp\/v2\/posts"}],"about":[{"href":"https:\/\/www.europesays.com\/fr\/wp-json\/wp\/v2\/types\/post"}],"author":[{"embeddable":true,"href":"https:\/\/www.europesays.com\/fr\/wp-json\/wp\/v2\/users\/2"}],"replies":[{"embeddable":true,"href":"https:\/\/www.europesays.com\/fr\/wp-json\/wp\/v2\/comments?post=662065"}],"version-history":[{"count":0,"href":"https:\/\/www.europesays.com\/fr\/wp-json\/wp\/v2\/posts\/662065\/revisions"}],"wp:featuredmedia":[{"embeddable":true,"href":"https:\/\/www.europesays.com\/fr\/wp-json\/wp\/v2\/media\/662066"}],"wp:attachment":[{"href":"https:\/\/www.europesays.com\/fr\/wp-json\/wp\/v2\/media?parent=662065"}],"wp:term":[{"taxonomy":"category","embeddable":true,"href":"https:\/\/www.europesays.com\/fr\/wp-json\/wp\/v2\/categories?post=662065"},{"taxonomy":"post_tag","embeddable":true,"href":"https:\/\/www.europesays.com\/fr\/wp-json\/wp\/v2\/tags?post=662065"}],"curies":[{"name":"wp","href":"https:\/\/api.w.org\/{rel}","templated":true}]}}