{"id":662067,"date":"2026-01-14T03:34:40","date_gmt":"2026-01-14T03:34:40","guid":{"rendered":"https:\/\/www.europesays.com\/fr\/662067\/"},"modified":"2026-01-14T03:34:40","modified_gmt":"2026-01-14T03:34:40","slug":"elections-municipales-2026-a-rennes-nathalie-appere-menage-encore-le-suspense-sur-sa-candidature","status":"publish","type":"post","link":"https:\/\/www.europesays.com\/fr\/662067\/","title":{"rendered":"\u00c9lections municipales 2026 \u00e0 Rennes : Nathalie App\u00e9r\u00e9 m\u00e9nage encore le suspense sur sa candidature"},"content":{"rendered":"<p class=\"mb-4 text-lg md:leading-8 break-words\"><strong>toujours pas &#8211; La maire socialiste sortante n\u2019est pas encore officiellement entr\u00e9e en campagne alors que le premier tour approche<\/strong><\/p>\n<p class=\"mb-4 text-lg md:leading-8 break-words\">Elle avait promis de se lancer dans la course en janvier. A deux mois du premier tour des <a href=\"https:\/\/www.20minutes.fr\/municipales\/?at_medium=RSS%20feed&amp;at_campaign=ynews&amp;utm_source=yahoo&amp;utm_medium=rss&amp;utm_campaign=news_feed&amp;utm_content=in_article_link\" rel=\"nofollow noopener\" target=\"_blank\" data-ylk=\"slk:\u00e9lections municipales 2026;elm:context_link;itc:0;sec:content-canvas\" class=\"link \">\u00e9lections municipales 2026<\/a> pr\u00e9vu le 15 mars, Nathalie App\u00e9r\u00e9 n\u2019a pourtant toujours pas officialis\u00e9 sa candidature. Son ambition n\u2019est pourtant un secret pour personne. \u00ab Je n\u2019ai jamais cach\u00e9 mon envie de continuer le travail \u00bb, avait d\u00e9clar\u00e9 la maire socialiste de Rennes <a href=\"https:\/\/www.20minutes.fr\/politique\/4186840-20251120-municipales-2026-rennes-maire-nathalie-appere-promet-combattre-rn-jusqu-dernier-souffle?at_medium=RSS%20feed&amp;at_campaign=ynews&amp;utm_source=yahoo&amp;utm_medium=rss&amp;utm_campaign=news_feed&amp;utm_content=in_article_link\" rel=\"nofollow noopener\" target=\"_blank\" data-ylk=\"slk:lors de la pr\u00e9sentation de son \u00e9quipe en novembre;elm:context_link;itc:0;sec:content-canvas\" class=\"link \">lors de la pr\u00e9sentation de son \u00e9quipe en novembre<\/a>.<\/p>\n<p class=\"mb-4 text-lg md:leading-8 break-words\">On pouvait alors esp\u00e9rer une officialisation \u00e0 l\u2019occasion de la traditionnelle c\u00e9r\u00e9monie des v\u0153ux organis\u00e9s ce mardi 13 janvier au Libert\u00e9. Mais non. Respectant \u00ab un strict devoir de r\u00e9serve \u00bb en cette p\u00e9riode \u00e9lectorale, la pr\u00e9sidente de la m\u00e9tropole n\u2019a pas l\u00e2ch\u00e9 le morceau. Au fil d\u2019un discours port\u00e9 sur le vivre-ensemble, l\u2019\u00e9lue n\u2019a pas livr\u00e9 une miette de ce qui pourrait ressembler \u00e0 un programme.<\/p>\n<p>Merci, merci, merci et merci<\/p>\n<p class=\"mb-4 text-lg md:leading-8 break-words\">Les r\u00e8gles de la campagne \u00e9lectorale lui interdisant de faire un quelconque bilan, Nathalie App\u00e9r\u00e9 a pr\u00e9f\u00e9r\u00e9 passer de longues minutes \u00e0 remercier toutes celles et ceux qui font vivre cette capitale que les socialistes dirigent depuis 1977. \u00ab Ce territoire, c\u2019est vous qui lui donnez son identit\u00e9 si particuli\u00e8re. Avec vous, gr\u00e2ce \u00e0 vous, Rennes est unique, diff\u00e9rente. Rennes est avant tout humaine \u00bb, a lanc\u00e9 la maire, multipliant les remerciements devant environ 2.000 invit\u00e9s. Tout au long de cette prise de parole, la socialiste a martel\u00e9 la n\u00e9cessit\u00e9 de travailler ensemble. \u00ab En 2026, je forme le v\u0153u que nous sachions nous hisser \u00e0 la hauteur d(&#8230;)<\/p>\n<p class=\"mb-4 text-lg md:leading-8 break-words\"><a href=\"https:\/\/www.20minutes.fr\/politique\/4195890-20260113-elections-municipales-2026-rennes-nathalie-appere-menage-encore-suspense-candidature?at_medium=RSS%20feed&amp;at_campaign=ynews&amp;utm_source=yahoo&amp;utm_medium=rss&amp;utm_campaign=news_feed&amp;utm_content=read_more_link&quot;\" rel=\"nofollow noopener\" target=\"_blank\" data-ylk=\"slk:Lire la suite sur 20minutes;elm:context_link;itc:0;sec:content-canvas\" class=\"link \">Lire la suite sur 20minutes<\/a><\/p>\n<p>\u00c0 lire aussi :<br \/><a href=\"https:\/\/www.20minutes.fr\/rennes\/4185640-20251114-elections-municipales-2026-rennes-opposition-trouve-candidat-cogne-fort-maire-nathalie-appere?at_medium=RSS%20feed&amp;at_campaign=ynews&amp;utm_source=yahoo&amp;utm_medium=rss&amp;utm_campaign=news_feed&amp;utm_content=related_content_link\" rel=\"nofollow noopener\" target=\"_blank\" data-ylk=\"slk:\u00c9lections municipales 2026 \u00e0 Rennes : L\u2019opposition a trouv\u00e9 son candidat et cogne fort sur la maire Nathalie App\u00e9r\u00e9;elm:context_link;itc:0;sec:content-canvas\" class=\"link \">\u00c9lections municipales 2026 \u00e0 Rennes : L\u2019opposition a trouv\u00e9 son candidat et cogne fort sur la maire Nathalie App\u00e9r\u00e9<\/a><br \/><a href=\"https:\/\/www.20minutes.fr\/politique\/4186840-20251120-municipales-2026-rennes-maire-nathalie-appere-promet-combattre-rn-jusqu-dernier-souffle?at_medium=RSS%20feed&amp;at_campaign=ynews&amp;utm_source=yahoo&amp;utm_medium=rss&amp;utm_campaign=news_feed&amp;utm_content=related_content_link\" rel=\"nofollow noopener\" target=\"_blank\" data-ylk=\"slk:Municipales 2026 \u00e0 Rennes : La maire Nathalie App\u00e9r\u00e9 promet de combattre le RN \u00ab jusqu\u2019\u00e0 son dernier souffle \u00bb;elm:context_link;itc:0;sec:content-canvas\" class=\"link \">Municipales 2026 \u00e0 Rennes : La maire Nathalie App\u00e9r\u00e9 promet de combattre le RN \u00ab jusqu\u2019\u00e0 son dernier souffle \u00bb<\/a><\/p>\n","protected":false},"excerpt":{"rendered":"toujours pas &#8211; La maire socialiste sortante n\u2019est pas encore officiellement entr\u00e9e en campagne alors que le premier&hellip;\n","protected":false},"author":2,"featured_media":662068,"comment_status":"","ping_status":"","sticky":false,"template":"","format":"standard","meta":{"footnotes":""},"categories":[2821],"tags":[1111,11,829,28984,1777,674,1011,27,10736,12,584,25],"class_list":{"0":"post-662067","1":"post","2":"type-post","3":"status-publish","4":"format-standard","5":"has-post-thumbnail","7":"category-rennes","8":"tag-actu","9":"tag-actualites","10":"tag-bretagne","11":"tag-devoir-de-reserve","12":"tag-eu","13":"tag-europe","14":"tag-fr","15":"tag-france","16":"tag-nathalie-appere","17":"tag-news","18":"tag-rennes","19":"tag-republique-francaise"},"share_on_mastodon":{"url":"https:\/\/pubeurope.com\/@fr\/115891356659745792","error":""},"_links":{"self":[{"href":"https:\/\/www.europesays.com\/fr\/wp-json\/wp\/v2\/posts\/662067","targetHints":{"allow":["GET"]}}],"collection":[{"href":"https:\/\/www.europesays.com\/fr\/wp-json\/wp\/v2\/posts"}],"about":[{"href":"https:\/\/www.europesays.com\/fr\/wp-json\/wp\/v2\/types\/post"}],"author":[{"embeddable":true,"href":"https:\/\/www.europesays.com\/fr\/wp-json\/wp\/v2\/users\/2"}],"replies":[{"embeddable":true,"href":"https:\/\/www.europesays.com\/fr\/wp-json\/wp\/v2\/comments?post=662067"}],"version-history":[{"count":0,"href":"https:\/\/www.europesays.com\/fr\/wp-json\/wp\/v2\/posts\/662067\/revisions"}],"wp:featuredmedia":[{"embeddable":true,"href":"https:\/\/www.europesays.com\/fr\/wp-json\/wp\/v2\/media\/662068"}],"wp:attachment":[{"href":"https:\/\/www.europesays.com\/fr\/wp-json\/wp\/v2\/media?parent=662067"}],"wp:term":[{"taxonomy":"category","embeddable":true,"href":"https:\/\/www.europesays.com\/fr\/wp-json\/wp\/v2\/categories?post=662067"},{"taxonomy":"post_tag","embeddable":true,"href":"https:\/\/www.europesays.com\/fr\/wp-json\/wp\/v2\/tags?post=662067"}],"curies":[{"name":"wp","href":"https:\/\/api.w.org\/{rel}","templated":true}]}}