{"id":662069,"date":"2026-01-14T03:35:25","date_gmt":"2026-01-14T03:35:25","guid":{"rendered":"https:\/\/www.europesays.com\/fr\/662069\/"},"modified":"2026-01-14T03:35:25","modified_gmt":"2026-01-14T03:35:25","slug":"municipales-2026-catherine-trautmann-veut-redonner-du-pouvoir-de-vivre-aux-strasbourgeois","status":"publish","type":"post","link":"https:\/\/www.europesays.com\/fr\/662069\/","title":{"rendered":"Municipales 2026. Catherine Trautmann veut redonner du \u00ab pouvoir de vivre \u00bb aux Strasbourgeois"},"content":{"rendered":"<p>\u00ab On commence par la dimension sociale, humaine, ce qui compte vraiment pour les gens. Ensuite, on transforme le mod\u00e8le pour qu\u2019il soit p\u00e9renne et juste \u00bb, r\u00e9sume celle qui veut redonner rapidement du \u00ab pouvoir de vivre \u00bb aux Strasbourgeois.<\/p>\n<p>  Transports en commun gratuits pour les plus de 65 ans<\/p>\n<p>C\u00f4t\u00e9 mobilit\u00e9s, il passe par une tarification solidaire renforc\u00e9e ; des <a href=\"https:\/\/www.dna.fr\/environnement\/2026\/01\/12\/l-association-astragrat-ouvre-le-debat-sur-la-gratuite-des-transports-en-commun-a-strasbourg\" target=\"_blank\" rel=\"noopener\">transports en commun gratuits<\/a> (aussi) pour les plus de 65 ans, \u00ab qui repr\u00e9sentent 25 % de la population, mais seulement 6 % des usagers \u00bb (mesure dont le co\u00fbt a \u00e9t\u00e9 chiffr\u00e9 \u00e0 6 M\u20ac). \u00c9galement annonc\u00e9es, la baisse et la simplification des tarifs des tickets de tram et de bus : \u00e0 2 \u20ac les 2 h ou 4 \u20ac les 24 h pour une personne, 8 \u20ac les 24 h jusqu\u2019\u00e0 5. Catherine Trautmann veut aussi ramener le prix du stationnement r\u00e9sident \u00ab entre 5 et 20 \u20ac par mois selon le quotient familial \u00bb et instaurer \u00ab la gratuit\u00e9 des 30 premi\u00e8res minutes de stationnement en voirie \u00bb.<\/p>\n<p>Ce contenu est bloqu\u00e9 car vous n&rsquo;avez pas accept\u00e9 les cookies et autres traceurs.<\/p>\n<p>En cliquant sur \u00ab J\u2019accepte \u00bb, les cookies et autres traceurs seront d\u00e9pos\u00e9s et vous pourrez visualiser les contenus  (<a href=\"\" class=\"consentModule_policy\" target=\"_blank\" title=\"Consulter la politique de protection des donn\u00e9es du fournisseur\">plus d&rsquo;informations<\/a>).<\/p>\n<p>En cliquant sur \u00ab J\u2019accepte tous les cookies \u00bb, vous autorisez des d\u00e9p\u00f4ts de cookies et autres traceurs pour le stockage de vos donn\u00e9es sur nos sites et applications \u00e0 des fins de personnalisation et de ciblage publicitaire.<\/p>\n<p class=\"consentModule_secondaryText\">Vous gardez la possibilit\u00e9 de retirer votre consentement \u00e0 tout moment en consultant notre <a href=\"https:\/\/www.dna.fr\/protection-des-donnees\" target=\"_blank\" title=\"Consulter notre politique de protection des donn\u00e9es\" rel=\"noopener\">politique de protection des donn\u00e9es<\/a>. <br \/>&#13;<br \/>\n            <a href=\"https:\/\/www.dna.fr\/elections\/2026\/01\/13\/javascript:Didomi.notice.show()\" class=\"consentModule_cmp\" target=\"_blank\" rel=\"noopener\">G\u00e9rer mes choix<\/a>&#13;\n        <\/p>\n<p>&#13;<br \/>\n                        J&rsquo;accepte&#13;<br \/>\n            J&rsquo;accepte tous les cookies&#13;\n        <\/p>\n<p>La candidate PS insiste sur les \u00ab droits essentiels \u00bb \u00e0 garantir : logement, sant\u00e9, acc\u00e8s \u00e0 l\u2019\u00e9nergie et \u00e0 l\u2019eau, \u00e9ducation, sport, culture. Alors que \u00ab pr\u00e8s de 36 000 demandes de <a href=\"https:\/\/www.dna.fr\/societe\/2025\/09\/15\/les-communes-carencees-en-logements-sociaux-dans-l-eurometropole-passent-de-quatre-a-dix\" target=\"_blank\" rel=\"noopener\">logement social<\/a> sont en attente \u00bb, elle cherche \u00e0 \u00ab fluidifier le parcours r\u00e9sidentiel, dans le social comme dans le priv\u00e9 \u00bb. Via la mise en place de l\u2019encadrement des loyers ; le d\u00e9veloppement du bail r\u00e9el solidaire ; un m\u00e9diateur du logement ; des contr\u00f4les renforc\u00e9s sur les meubl\u00e9s touristiques. Pour aider \u00e0 ma\u00eetriser les charges, elle instaurera \u00ab la gratuit\u00e9 des 15 premiers m\u00e8tres cubes d\u2019eau \u00bb et cr\u00e9era \u00ab un service public de l\u2019\u00e9nergie \u00bb.<\/p>\n<p>  Des fournitures scolaires gratuites pour tous<\/p>\n<p>C\u00f4t\u00e9 sant\u00e9, elle compte \u00ab ouvrir une maison m\u00e9dicale de garde \u00bb pour <a href=\"https:\/\/www.dna.fr\/sante\/2026\/01\/07\/les-hopitaux-de-la-region-confrontes-au-pic-des-epidemies-hivernales\" target=\"_blank\" rel=\"noopener\">d\u00e9sengorger les urgences<\/a> ; renforcer les \u00e9piceries sociales \u00ab en contractualisant avec les mara\u00eechers \u00bb ; lancer \u00ab une mutuelle communale \u00bb pour garantir \u00e0 tous l\u2019acc\u00e8s aux soins. Fournitures scolaires gratuites, Plan livre \u00ab avec des horaires d\u2019ouverture \u00e9largis pour les m\u00e9diath\u00e8ques \u00bb et Plan \u00e9t\u00e9 pour les jeunes sont aussi envisag\u00e9s.<\/p>\n<p>Pour \u00ab mettre \u00e0 l\u2019\u00e9preuve \u00bb le mod\u00e8le et valider les choix, outre un audit des finances, Catherine Trautmann pr\u00e9voit deux grands rendez-vous en d\u00e9but de mandat : l\u2019un sur le logement dans le cadre de la r\u00e9vision du Plan local d\u2019urbanisme ; l\u2019autre, \u00e0 l\u2019\u00e9chelle de l\u2019agglom\u00e9ration, sur les mobilit\u00e9s. Tout \u00e7a, \u00e9videmment, si et seulement si sa liste l\u2019emporte le 22 mars.<\/p>\n","protected":false},"excerpt":{"rendered":"\u00ab On commence par la dimension sociale, humaine, ce qui compte vraiment pour les gens. Ensuite, on transforme&hellip;\n","protected":false},"author":2,"featured_media":662070,"comment_status":"","ping_status":"","sticky":false,"template":"","format":"standard","meta":{"footnotes":""},"categories":[2820],"tags":[1111,11,2880,5949,4188,1777,674,107,1011,27,775,12,3541,316,25,640,2879],"class_list":{"0":"post-662069","1":"post","2":"type-post","3":"status-publish","4":"format-standard","5":"has-post-thumbnail","7":"category-strasbourg","8":"tag-actu","9":"tag-actualites","10":"tag-edition-strasbourg","11":"tag-elections","12":"tag-elections-municipales","13":"tag-eu","14":"tag-europe","15":"tag-fil-info","16":"tag-fr","17":"tag-france","18":"tag-grand-est","19":"tag-news","20":"tag-parti-socialiste","21":"tag-politique","22":"tag-republique-francaise","23":"tag-strasbourg","24":"tag-strasbourg-ville"},"share_on_mastodon":{"url":"https:\/\/pubeurope.com\/@fr\/115891360511999147","error":""},"_links":{"self":[{"href":"https:\/\/www.europesays.com\/fr\/wp-json\/wp\/v2\/posts\/662069","targetHints":{"allow":["GET"]}}],"collection":[{"href":"https:\/\/www.europesays.com\/fr\/wp-json\/wp\/v2\/posts"}],"about":[{"href":"https:\/\/www.europesays.com\/fr\/wp-json\/wp\/v2\/types\/post"}],"author":[{"embeddable":true,"href":"https:\/\/www.europesays.com\/fr\/wp-json\/wp\/v2\/users\/2"}],"replies":[{"embeddable":true,"href":"https:\/\/www.europesays.com\/fr\/wp-json\/wp\/v2\/comments?post=662069"}],"version-history":[{"count":0,"href":"https:\/\/www.europesays.com\/fr\/wp-json\/wp\/v2\/posts\/662069\/revisions"}],"wp:featuredmedia":[{"embeddable":true,"href":"https:\/\/www.europesays.com\/fr\/wp-json\/wp\/v2\/media\/662070"}],"wp:attachment":[{"href":"https:\/\/www.europesays.com\/fr\/wp-json\/wp\/v2\/media?parent=662069"}],"wp:term":[{"taxonomy":"category","embeddable":true,"href":"https:\/\/www.europesays.com\/fr\/wp-json\/wp\/v2\/categories?post=662069"},{"taxonomy":"post_tag","embeddable":true,"href":"https:\/\/www.europesays.com\/fr\/wp-json\/wp\/v2\/tags?post=662069"}],"curies":[{"name":"wp","href":"https:\/\/api.w.org\/{rel}","templated":true}]}}