{"id":662075,"date":"2026-01-14T03:40:40","date_gmt":"2026-01-14T03:40:40","guid":{"rendered":"https:\/\/www.europesays.com\/fr\/662075\/"},"modified":"2026-01-14T03:40:40","modified_gmt":"2026-01-14T03:40:40","slug":"6-arrivees-pour-decrocher-le-maintien-fin-de-mercato-mouvementee-pour-les-canaris","status":"publish","type":"post","link":"https:\/\/www.europesays.com\/fr\/662075\/","title":{"rendered":"6 arriv\u00e9es pour d\u00e9crocher le maintien&#8230;. fin de mercato mouvement\u00e9e pour les Canaris"},"content":{"rendered":"<p class=\"p1\">Waldemar Kita l&rsquo;a bien compris : pour que son club \u00e9vite la rel\u00e9gation, il faudra mettre la main \u00e0 la poche. 16e de Ligue 1, le FC Nantes est actuellement barragiste avec seulement deux points de plus que les deux rel\u00e9gables, l&rsquo;AJ Auxerre et le FC Metz. Pour aider Ahmed Kantari, le pr\u00e9sident des Canaris a d\u00e9j\u00e0 boucl\u00e9 trois venues.<\/p>\n<p class=\"p1\">En effet, Deiver Machado (RC Lens), R\u00e9my Cabella (pr\u00eat en provenance de l&rsquo;Olympiakos) ou encore Ignatius Ganago (retour de pr\u00eat), a d\u00e9j\u00e0 pos\u00e9 leurs valises en Loire-Atlantique. Mais comme le d\u00e9voile\u00a0<a href=\"https:\/\/www.ouest-france.fr\/\" target=\"_blank\" rel=\"noopener\">Ouest-France<\/a>, la direction nantaise ne compte pas s&rsquo;arr\u00eater l\u00e0 et esp\u00e8re jusqu&rsquo;\u00e0 six recrues avant le 2 f\u00e9vrier prochain.<\/p>\n<p>Sissoko, avant Aboukhlal ?<\/p>\n<p class=\"p1\">Profil le plus chaud ces derniers jours, le milieu de terrain malien Ibrahima Sissoko. L&rsquo;ancien du RC Strasbourg devrait, selon le quotidien r\u00e9gional, parapher un contrat de deux ans dans l&rsquo;ouest de la France pour environ deux millions d&rsquo;euros. Autre priorit\u00e9, la d\u00e9fense avec un joueur capable de prendre la place d\u2019Uros Radakovic, annonc\u00e9 partant.<\/p>\n<p>\u00c0 lire aussi<\/p>\n<p class=\"p1\">Sur le plan des d\u00e9parts justement, Yassine Benhattab a \u00e9t\u00e9 officiellement pr\u00eat\u00e9 au Stade de Reims avec option d\u2019achat tandis que le Cor\u00e9en Hong Hyun-seok est tout proche de la sortie. En effet, arriv\u00e9 en pr\u00eat l&rsquo;\u00e9t\u00e9 dernier, le milieu n&rsquo;a pas convaincu et les Canaris qui discutent d\u00e9sormais avec les Allemands pour mettre un terme \u00e0 ce dernier, mais comme l&rsquo;affirme\u00a0<a href=\"https:\/\/www.lequipe.fr\/Football\/\" target=\"_blank\" rel=\"noopener\">l&rsquo;\u00c9quipe<\/a>, il n&rsquo;y a pas encore d&rsquo;accord total.<\/p>\n<p class=\"p1\">Enfin, dernier dossier pouvait venir agiter la fin de l&rsquo;hiver du c\u00f4t\u00e9 de La Beaujoire, Zakaria Aboukhlal. L&rsquo;ancien de Toulouse a vu son nom revenir \u00e0 La Joneli\u00e8re. Actuellement au Torino, le Marocain cherche \u00e0 se relancer et la possibilit\u00e9 d&rsquo;un pr\u00eat a \u00e9t\u00e9 \u00e9voqu\u00e9e. Si la piste a pris du plomb dans l&rsquo;aile depuis, une surprise n&rsquo;est pas impossible d&rsquo;ici la fin du march\u00e9. Surtout qu&rsquo;avec Waldemar Kita, un gros coup inattendu est toujours possible.<\/p>\n<p>\u00a0<\/p>\n<p>   Partagez cette info avec vos amis et vos proches en cliquant ici<br \/> Pour r\u00e9sumer<\/p>\n<p>Le FC Nantes (16\u1d49, barragiste) recrute en urgence : Machado, Cabella et Ganago d\u00e9j\u00e0 sign\u00e9s. Sissoko et un d\u00e9fenseur vis\u00e9s. D\u00e9parts : Benhattab (pr\u00eat \u00e0 Reims), Hong en discussion. Aboukhlal (Torino) en option surprise. Kita pr\u00eat \u00e0 investir.<\/p>\n<p>R\u00e9dacteur<\/p>\n<p><img decoding=\"async\" width=\"76\" height=\"76\" loading=\"lazy\" src=\"https:\/\/www.europesays.com\/fr\/wp-content\/uploads\/2025\/04\/logo-antoine-chirat.jpg\" alt=\"Antoine Chirat\"\/><\/p>\n","protected":false},"excerpt":{"rendered":"Waldemar Kita l&rsquo;a bien compris : pour que son club \u00e9vite la rel\u00e9gation, il faudra mettre la main&hellip;\n","protected":false},"author":2,"featured_media":662076,"comment_status":"","ping_status":"","sticky":false,"template":"","format":"standard","meta":{"footnotes":""},"categories":[2818],"tags":[1111,11,1777,674,1011,27,66,766,12,2636,25,10662],"class_list":{"0":"post-662075","1":"post","2":"type-post","3":"status-publish","4":"format-standard","5":"has-post-thumbnail","7":"category-nantes","8":"tag-actu","9":"tag-actualites","10":"tag-eu","11":"tag-europe","12":"tag-fr","13":"tag-france","14":"tag-ligue-1","15":"tag-nantes","16":"tag-news","17":"tag-pays-de-la-loire","18":"tag-republique-francaise","19":"tag-transferts"},"share_on_mastodon":{"url":"https:\/\/pubeurope.com\/@fr\/115891380118709450","error":""},"_links":{"self":[{"href":"https:\/\/www.europesays.com\/fr\/wp-json\/wp\/v2\/posts\/662075","targetHints":{"allow":["GET"]}}],"collection":[{"href":"https:\/\/www.europesays.com\/fr\/wp-json\/wp\/v2\/posts"}],"about":[{"href":"https:\/\/www.europesays.com\/fr\/wp-json\/wp\/v2\/types\/post"}],"author":[{"embeddable":true,"href":"https:\/\/www.europesays.com\/fr\/wp-json\/wp\/v2\/users\/2"}],"replies":[{"embeddable":true,"href":"https:\/\/www.europesays.com\/fr\/wp-json\/wp\/v2\/comments?post=662075"}],"version-history":[{"count":0,"href":"https:\/\/www.europesays.com\/fr\/wp-json\/wp\/v2\/posts\/662075\/revisions"}],"wp:featuredmedia":[{"embeddable":true,"href":"https:\/\/www.europesays.com\/fr\/wp-json\/wp\/v2\/media\/662076"}],"wp:attachment":[{"href":"https:\/\/www.europesays.com\/fr\/wp-json\/wp\/v2\/media?parent=662075"}],"wp:term":[{"taxonomy":"category","embeddable":true,"href":"https:\/\/www.europesays.com\/fr\/wp-json\/wp\/v2\/categories?post=662075"},{"taxonomy":"post_tag","embeddable":true,"href":"https:\/\/www.europesays.com\/fr\/wp-json\/wp\/v2\/tags?post=662075"}],"curies":[{"name":"wp","href":"https:\/\/api.w.org\/{rel}","templated":true}]}}